{"id":1494,"date":"2025-05-12T15:24:10","date_gmt":"2025-05-12T15:24:10","guid":{"rendered":"https:\/\/defensanews.com\/?p=1494"},"modified":"2025-05-13T09:23:18","modified_gmt":"2025-05-13T09:23:18","slug":"recortes-militares-liderazgo-20250505","status":"publish","type":"post","link":"https:\/\/defensanews.com\/en\/military-cuts-leadership-20250505\/","title":{"rendered":"Hegseth orders historic cuts in military leadership: 20% of four-star generals to be cut back"},"content":{"rendered":"<p>U.S. Defense Secretary Pete Hegseth on Monday signed a historic order to cut active duty four-star general officers by 20% as part of an ambitious plan to streamline the military's leadership. The move, which also affects the National Guard, is part of the Trump administration's efforts to eliminate bureaucratic structures and cut government spending.<\/p>\n\n\n\n<p><em>\"The goal is to eliminate unnecessary bureaucratic layers and optimize the chain of command for a leaner, more effective military force.\"<\/em>Hegseth said in an official memorandum.<\/p>\n\n\n\n<h2 class=\"wp-block-heading\"><strong>The cut will also affect lower-ranking officers.<\/strong><\/h2>\n\n\n\n<p>In addition to senior commanders, Hegseth ordered an additional 10% reduction of general and flag officers throughout the command structure. This measure will affect officers one star and above, including equivalent ranks in the Navy.<\/p>\n\n\n\n<p>Currently, the Armed Forces have about 800 general officers, of which only 44 hold the rank of four-star. Since taking office, Hegseth has already ordered the dismissal of more than half a dozen three- and four-star generals, including the chairman of the Joint Chiefs of Staff, General CQ Brown.<\/p>\n\n\n\n<p><em>\"These eliminations are a reflection of the president's desire to surround himself with the right people to execute his national security approach.\"<\/em>said Hegseth.<\/p>\n\n\n\n<h2 class=\"wp-block-heading\"><strong>A strategy coordinated with Elon Musk's Department of Government Efficiency.<\/strong><\/h2>\n\n\n\n<p>The cuts are part of a broader package of austerity measures pushed by the Trump administration and the Department of Government Efficiency, led by Elon Musk. The strategy seeks to reduce Pentagon spending, eliminate redundancies and shift resources toward combat units.<\/p>\n\n\n\n<p>Last week, Hegseth had already announced a sweeping transformation of the Army, including merging or closing headquarters, eliminating obsolete vehicles and aircraft, and cutting up to 1,000 civilian employees at the Pentagon.<\/p>\n\n\n\n<p>Personnel will be reassigned to field units, reinforcing operational presence rather than maintaining oversized command structures.<\/p>\n\n\n\n<h2 class=\"wp-block-heading\"><strong>A lighter army... but with big parades<\/strong><\/h2>\n\n\n\n<p>In parallel to the cuts, the Pentagon confirmed the holding of a military parade in honor of President Donald Trump's birthday, which will coincide with the Army's 250th anniversary celebrations.<\/p>\n\n\n\n<p>The event, to be held in June, will cost tens of millions of dollars and will feature a prominent presence of elite units and displays of military hardware.<\/p>\n\n\n\n<h2 class=\"wp-block-heading\"><strong>A reform that generates debate and expectations<\/strong><\/h2>\n\n\n\n<p>While some analysts see these measures as necessary to modernize the Armed Forces and adapt them to new strategic challenges, others warn of the risks of weakening the experience and stability of military leadership.<\/p>\n\n\n\n<p>For now, the Trump administration seems determined to move forward with this ambitious plan, under the premise that reducing the bureaucratic apparatus will allow it to concentrate resources on the operational and technological capabilities that will define the conflicts of the future.<\/p>","protected":false},"excerpt":{"rendered":"<p>El secretario de Defensa de Estados Unidos, Pete Hegseth, firm\u00f3 este lunes una orden hist\u00f3rica para reducir en un 20% los oficiales generales de cuatro estrellas en activo, como parte de un ambicioso plan para racionalizar el liderazgo de las Fuerzas Armadas. La medida, que tambi\u00e9n afecta a la Guardia Nacional, forma parte de los [&hellip;]<\/p>","protected":false},"author":1,"featured_media":1495,"comment_status":"open","ping_status":"open","sticky":false,"template":"","format":"standard","meta":{"_acf_changed":false,"footnotes":""},"categories":[7],"tags":[98,97,96],"class_list":["post-1494","post","type-post","status-publish","format-standard","has-post-thumbnail","hentry","category-ee-uu","tag-liderazgo","tag-militares","tag-recortes"],"acf":[],"yoast_head":"<!-- This site is optimized with the Yoast SEO Premium plugin v25.0 (Yoast SEO v25.0) - https:\/\/yoast.com\/wordpress\/plugins\/seo\/ -->\n<title>Hegseth ordena recortes hist\u00f3ricos en la c\u00fapula militar: se reducir\u00e1 un 20% de los generales de cuatro estrellas<\/title>\n<meta name=\"robots\" content=\"index, follow, max-snippet:-1, max-image-preview:large, max-video-preview:-1\" \/>\n<link rel=\"canonical\" href=\"https:\/\/defensanews.com\/en\/military-cuts-leadership-20250505\/\" \/>\n<meta property=\"og:locale\" content=\"en_US\" \/>\n<meta property=\"og:type\" content=\"article\" \/>\n<meta property=\"og:title\" content=\"Hegseth ordena recortes hist\u00f3ricos en la c\u00fapula militar: se reducir\u00e1 un 20% de los generales de cuatro estrellas\" \/>\n<meta property=\"og:description\" content=\"El secretario de Defensa de Estados Unidos, Pete Hegseth, firm\u00f3 este lunes una orden hist\u00f3rica para reducir en un 20% los oficiales generales de cuatro estrellas en activo, como parte de un ambicioso plan para racionalizar el liderazgo de las Fuerzas Armadas. La medida, que tambi\u00e9n afecta a la Guardia Nacional, forma parte de los [&hellip;]\" \/>\n<meta property=\"og:url\" content=\"https:\/\/defensanews.com\/en\/military-cuts-leadership-20250505\/\" \/>\n<meta property=\"og:site_name\" content=\"NOTICIAS DEFENSA, GEOPOL\u00cdTICA Y SEGURIDAD\" \/>\n<meta property=\"article:publisher\" content=\"https:\/\/www.facebook.com\/defensanewscom\/\" \/>\n<meta property=\"article:published_time\" content=\"2025-05-12T15:24:10+00:00\" \/>\n<meta property=\"article:modified_time\" content=\"2025-05-13T09:23:18+00:00\" \/>\n<meta property=\"og:image\" content=\"https:\/\/defensanews.com\/wp-content\/uploads\/2025\/05\/KZEWUU2KGZMUW2BQNNUTQMD2MN-1-scaled.jpg\" \/>\n\t<meta property=\"og:image:width\" content=\"2560\" \/>\n\t<meta property=\"og:image:height\" content=\"1707\" \/>\n\t<meta property=\"og:image:type\" content=\"image\/jpeg\" \/>\n<meta name=\"author\" content=\"Defensa News\" \/>\n<meta name=\"twitter:card\" content=\"summary_large_image\" \/>\n<meta name=\"twitter:label1\" content=\"Written by\" \/>\n\t<meta name=\"twitter:data1\" content=\"Defensa News\" \/>\n\t<meta name=\"twitter:label2\" content=\"Est. reading time\" \/>\n\t<meta name=\"twitter:data2\" content=\"3 minutes\" \/>\n<script type=\"application\/ld+json\" class=\"yoast-schema-graph\">{\"@context\":\"https:\/\/schema.org\",\"@graph\":[{\"@type\":\"NewsArticle\",\"@id\":\"https:\/\/defensanews.com\/recortes-militares-liderazgo-20250505\/#article\",\"isPartOf\":{\"@id\":\"https:\/\/defensanews.com\/recortes-militares-liderazgo-20250505\/\"},\"author\":{\"name\":\"Defensa News\",\"@id\":\"https:\/\/defensanews.com\/#\/schema\/person\/d371c69fc541b938db26187937f0c11a\"},\"headline\":\"Hegseth ordena recortes hist\u00f3ricos en la c\u00fapula militar: se reducir\u00e1 un 20% de los generales de cuatro estrellas\",\"datePublished\":\"2025-05-12T15:24:10+00:00\",\"dateModified\":\"2025-05-13T09:23:18+00:00\",\"mainEntityOfPage\":{\"@id\":\"https:\/\/defensanews.com\/recortes-militares-liderazgo-20250505\/\"},\"wordCount\":544,\"commentCount\":0,\"publisher\":{\"@id\":\"https:\/\/defensanews.com\/#organization\"},\"image\":{\"@id\":\"https:\/\/defensanews.com\/recortes-militares-liderazgo-20250505\/#primaryimage\"},\"thumbnailUrl\":\"https:\/\/defensanews.com\/wp-content\/uploads\/2025\/05\/KZEWUU2KGZMUW2BQNNUTQMD2MN-1-scaled.jpg\",\"keywords\":[\"liderazgo\",\"militares\",\"recortes\"],\"articleSection\":[\"EE.UU.\"],\"inLanguage\":\"en-US\",\"potentialAction\":[{\"@type\":\"CommentAction\",\"name\":\"Comment\",\"target\":[\"https:\/\/defensanews.com\/recortes-militares-liderazgo-20250505\/#respond\"]}],\"copyrightYear\":\"2025\",\"copyrightHolder\":{\"@id\":\"https:\/\/defensanews.com\/en\/#organization\"}},{\"@type\":[\"WebPage\",\"ItemPage\"],\"@id\":\"https:\/\/defensanews.com\/recortes-militares-liderazgo-20250505\/\",\"url\":\"https:\/\/defensanews.com\/recortes-militares-liderazgo-20250505\/\",\"name\":\"Hegseth ordena recortes hist\u00f3ricos en la c\u00fapula militar: se reducir\u00e1 un 20% de los generales de cuatro estrellas\",\"isPartOf\":{\"@id\":\"https:\/\/defensanews.com\/#website\"},\"primaryImageOfPage\":{\"@id\":\"https:\/\/defensanews.com\/recortes-militares-liderazgo-20250505\/#primaryimage\"},\"image\":{\"@id\":\"https:\/\/defensanews.com\/recortes-militares-liderazgo-20250505\/#primaryimage\"},\"thumbnailUrl\":\"https:\/\/defensanews.com\/wp-content\/uploads\/2025\/05\/KZEWUU2KGZMUW2BQNNUTQMD2MN-1-scaled.jpg\",\"datePublished\":\"2025-05-12T15:24:10+00:00\",\"dateModified\":\"2025-05-13T09:23:18+00:00\",\"breadcrumb\":{\"@id\":\"https:\/\/defensanews.com\/recortes-militares-liderazgo-20250505\/#breadcrumb\"},\"inLanguage\":\"en-US\",\"potentialAction\":[{\"@type\":\"ReadAction\",\"target\":[\"https:\/\/defensanews.com\/recortes-militares-liderazgo-20250505\/\"]}]},{\"@type\":\"ImageObject\",\"inLanguage\":\"en-US\",\"@id\":\"https:\/\/defensanews.com\/recortes-militares-liderazgo-20250505\/#primaryimage\",\"url\":\"https:\/\/defensanews.com\/wp-content\/uploads\/2025\/05\/KZEWUU2KGZMUW2BQNNUTQMD2MN-1-scaled.jpg\",\"contentUrl\":\"https:\/\/defensanews.com\/wp-content\/uploads\/2025\/05\/KZEWUU2KGZMUW2BQNNUTQMD2MN-1-scaled.jpg\",\"width\":2560,\"height\":1707,\"caption\":\"Hegseth ordena una reducci\u00f3n del 20% en los altos cargos de liderazgo militar - DEFENSANEWS.COM - Noticias defensa y seguridad\"},{\"@type\":\"BreadcrumbList\",\"@id\":\"https:\/\/defensanews.com\/recortes-militares-liderazgo-20250505\/#breadcrumb\",\"itemListElement\":[{\"@type\":\"ListItem\",\"position\":1,\"name\":\"Portada\",\"item\":\"https:\/\/defensanews.com\/\"},{\"@type\":\"ListItem\",\"position\":2,\"name\":\"Hegseth ordena recortes hist\u00f3ricos en la c\u00fapula militar: se reducir\u00e1 un 20% de los generales de cuatro estrellas\"}]},{\"@type\":\"WebSite\",\"@id\":\"https:\/\/defensanews.com\/#website\",\"url\":\"https:\/\/defensanews.com\/\",\"name\":\"NOTICIAS DEFENSA Y SEGURIDAD\",\"description\":\"DEFENSA NEWS\",\"publisher\":{\"@id\":\"https:\/\/defensanews.com\/#organization\"},\"alternateName\":\"DEFENSANEWS.COM\",\"potentialAction\":[{\"@type\":\"SearchAction\",\"target\":{\"@type\":\"EntryPoint\",\"urlTemplate\":\"https:\/\/defensanews.com\/?s={search_term_string}\"},\"query-input\":{\"@type\":\"PropertyValueSpecification\",\"valueRequired\":true,\"valueName\":\"search_term_string\"}}],\"inLanguage\":\"en-US\"},{\"@type\":\"Organization\",\"@id\":\"https:\/\/defensanews.com\/#organization\",\"name\":\"Leonardo Network S.r.l.\",\"alternateName\":\"Leonardo Network S.r.l.\",\"url\":\"https:\/\/defensanews.com\/\",\"logo\":{\"@type\":\"ImageObject\",\"inLanguage\":\"en-US\",\"@id\":\"https:\/\/defensanews.com\/#\/schema\/logo\/image\/\",\"url\":\"https:\/\/defensanews.com\/wp-content\/uploads\/2025\/05\/DN-1200.jpg\",\"contentUrl\":\"https:\/\/defensanews.com\/wp-content\/uploads\/2025\/05\/DN-1200.jpg\",\"width\":1200,\"height\":675,\"caption\":\"Leonardo Network S.r.l.\"},\"image\":{\"@id\":\"https:\/\/defensanews.com\/#\/schema\/logo\/image\/\"},\"sameAs\":[\"https:\/\/www.facebook.com\/defensanewscom\/\",\"https:\/\/www.instagram.com\/defensanews\/\"],\"description\":\"DEFENSANEWS.COM, la plataforma digital independiente dedicada a las noticias sobre defensa y seguridad de Espa\u00f1a, Am\u00e9rica Latina y Estados Unidos.\",\"email\":\"info@defensanews.com\",\"telephone\":\"05661966359\",\"legalName\":\"Leonardo Network S.r.l.\",\"foundingDate\":\"2024-05-11\",\"vatID\":\"IT01749180533\",\"numberOfEmployees\":{\"@type\":\"QuantitativeValue\",\"minValue\":\"1\",\"maxValue\":\"10\"},\"publishingPrinciples\":\"https:\/\/defensanews.com\/terminos-y-condiciones\/\"},{\"@type\":\"Person\",\"@id\":\"https:\/\/defensanews.com\/#\/schema\/person\/d371c69fc541b938db26187937f0c11a\",\"name\":\"Defensa News\",\"image\":{\"@type\":\"ImageObject\",\"inLanguage\":\"en-US\",\"@id\":\"https:\/\/defensanews.com\/#\/schema\/person\/image\/\",\"url\":\"https:\/\/defensanews.com\/wp-content\/uploads\/2025\/05\/cropped-Untitled-9-150x150.jpg\",\"contentUrl\":\"https:\/\/defensanews.com\/wp-content\/uploads\/2025\/05\/cropped-Untitled-9-150x150.jpg\",\"caption\":\"Defensa News\"},\"sameAs\":[\"https:\/\/defensanews.com\"],\"url\":\"https:\/\/defensanews.com\/en\/author\/defensanews\/\"}]}<\/script>\n<!-- \/ Yoast SEO Premium plugin. -->","yoast_head_json":{"title":"Hegseth ordena recortes hist\u00f3ricos en la c\u00fapula militar: se reducir\u00e1 un 20% de los generales de cuatro estrellas","robots":{"index":"index","follow":"follow","max-snippet":"max-snippet:-1","max-image-preview":"max-image-preview:large","max-video-preview":"max-video-preview:-1"},"canonical":"https:\/\/defensanews.com\/en\/military-cuts-leadership-20250505\/","og_locale":"en_US","og_type":"article","og_title":"Hegseth ordena recortes hist\u00f3ricos en la c\u00fapula militar: se reducir\u00e1 un 20% de los generales de cuatro estrellas","og_description":"El secretario de Defensa de Estados Unidos, Pete Hegseth, firm\u00f3 este lunes una orden hist\u00f3rica para reducir en un 20% los oficiales generales de cuatro estrellas en activo, como parte de un ambicioso plan para racionalizar el liderazgo de las Fuerzas Armadas. La medida, que tambi\u00e9n afecta a la Guardia Nacional, forma parte de los [&hellip;]","og_url":"https:\/\/defensanews.com\/en\/military-cuts-leadership-20250505\/","og_site_name":"NOTICIAS DEFENSA, GEOPOL\u00cdTICA Y SEGURIDAD","article_publisher":"https:\/\/www.facebook.com\/defensanewscom\/","article_published_time":"2025-05-12T15:24:10+00:00","article_modified_time":"2025-05-13T09:23:18+00:00","og_image":[{"width":2560,"height":1707,"url":"https:\/\/defensanews.com\/wp-content\/uploads\/2025\/05\/KZEWUU2KGZMUW2BQNNUTQMD2MN-1-scaled.jpg","type":"image\/jpeg"}],"author":"Defensa News","twitter_card":"summary_large_image","twitter_misc":{"Written by":"Defensa News","Est. reading time":"3 minutes"},"schema":{"@context":"https:\/\/schema.org","@graph":[{"@type":"NewsArticle","@id":"https:\/\/defensanews.com\/recortes-militares-liderazgo-20250505\/#article","isPartOf":{"@id":"https:\/\/defensanews.com\/recortes-militares-liderazgo-20250505\/"},"author":{"name":"Defensa News","@id":"https:\/\/defensanews.com\/#\/schema\/person\/d371c69fc541b938db26187937f0c11a"},"headline":"Hegseth ordena recortes hist\u00f3ricos en la c\u00fapula militar: se reducir\u00e1 un 20% de los generales de cuatro estrellas","datePublished":"2025-05-12T15:24:10+00:00","dateModified":"2025-05-13T09:23:18+00:00","mainEntityOfPage":{"@id":"https:\/\/defensanews.com\/recortes-militares-liderazgo-20250505\/"},"wordCount":544,"commentCount":0,"publisher":{"@id":"https:\/\/defensanews.com\/#organization"},"image":{"@id":"https:\/\/defensanews.com\/recortes-militares-liderazgo-20250505\/#primaryimage"},"thumbnailUrl":"https:\/\/defensanews.com\/wp-content\/uploads\/2025\/05\/KZEWUU2KGZMUW2BQNNUTQMD2MN-1-scaled.jpg","keywords":["liderazgo","militares","recortes"],"articleSection":["EE.UU."],"inLanguage":"en-US","potentialAction":[{"@type":"CommentAction","name":"Comment","target":["https:\/\/defensanews.com\/recortes-militares-liderazgo-20250505\/#respond"]}],"copyrightYear":"2025","copyrightHolder":{"@id":"https:\/\/defensanews.com\/en\/#organization"}},{"@type":["WebPage","ItemPage"],"@id":"https:\/\/defensanews.com\/recortes-militares-liderazgo-20250505\/","url":"https:\/\/defensanews.com\/recortes-militares-liderazgo-20250505\/","name":"Hegseth ordena recortes hist\u00f3ricos en la c\u00fapula militar: se reducir\u00e1 un 20% de los generales de cuatro estrellas","isPartOf":{"@id":"https:\/\/defensanews.com\/#website"},"primaryImageOfPage":{"@id":"https:\/\/defensanews.com\/recortes-militares-liderazgo-20250505\/#primaryimage"},"image":{"@id":"https:\/\/defensanews.com\/recortes-militares-liderazgo-20250505\/#primaryimage"},"thumbnailUrl":"https:\/\/defensanews.com\/wp-content\/uploads\/2025\/05\/KZEWUU2KGZMUW2BQNNUTQMD2MN-1-scaled.jpg","datePublished":"2025-05-12T15:24:10+00:00","dateModified":"2025-05-13T09:23:18+00:00","breadcrumb":{"@id":"https:\/\/defensanews.com\/recortes-militares-liderazgo-20250505\/#breadcrumb"},"inLanguage":"en-US","potentialAction":[{"@type":"ReadAction","target":["https:\/\/defensanews.com\/recortes-militares-liderazgo-20250505\/"]}]},{"@type":"ImageObject","inLanguage":"en-US","@id":"https:\/\/defensanews.com\/recortes-militares-liderazgo-20250505\/#primaryimage","url":"https:\/\/defensanews.com\/wp-content\/uploads\/2025\/05\/KZEWUU2KGZMUW2BQNNUTQMD2MN-1-scaled.jpg","contentUrl":"https:\/\/defensanews.com\/wp-content\/uploads\/2025\/05\/KZEWUU2KGZMUW2BQNNUTQMD2MN-1-scaled.jpg","width":2560,"height":1707,"caption":"Hegseth ordena una reducci\u00f3n del 20% en los altos cargos de liderazgo militar - DEFENSANEWS.COM - Noticias defensa y seguridad"},{"@type":"BreadcrumbList","@id":"https:\/\/defensanews.com\/recortes-militares-liderazgo-20250505\/#breadcrumb","itemListElement":[{"@type":"ListItem","position":1,"name":"Portada","item":"https:\/\/defensanews.com\/"},{"@type":"ListItem","position":2,"name":"Hegseth ordena recortes hist\u00f3ricos en la c\u00fapula militar: se reducir\u00e1 un 20% de los generales de cuatro estrellas"}]},{"@type":"WebSite","@id":"https:\/\/defensanews.com\/#website","url":"https:\/\/defensanews.com\/","name":"NOTICIAS DEFENSA Y SEGURIDAD","description":"DEFENSA NEWS","publisher":{"@id":"https:\/\/defensanews.com\/#organization"},"alternateName":"DEFENSANEWS.COM","potentialAction":[{"@type":"SearchAction","target":{"@type":"EntryPoint","urlTemplate":"https:\/\/defensanews.com\/?s={search_term_string}"},"query-input":{"@type":"PropertyValueSpecification","valueRequired":true,"valueName":"search_term_string"}}],"inLanguage":"en-US"},{"@type":"Organization","@id":"https:\/\/defensanews.com\/#organization","name":"Leonardo Network S.r.l.","alternateName":"Leonardo Network S.r.l.","url":"https:\/\/defensanews.com\/","logo":{"@type":"ImageObject","inLanguage":"en-US","@id":"https:\/\/defensanews.com\/#\/schema\/logo\/image\/","url":"https:\/\/defensanews.com\/wp-content\/uploads\/2025\/05\/DN-1200.jpg","contentUrl":"https:\/\/defensanews.com\/wp-content\/uploads\/2025\/05\/DN-1200.jpg","width":1200,"height":675,"caption":"Leonardo Network S.r.l."},"image":{"@id":"https:\/\/defensanews.com\/#\/schema\/logo\/image\/"},"sameAs":["https:\/\/www.facebook.com\/defensanewscom\/","https:\/\/www.instagram.com\/defensanews\/"],"description":"DEFENSANEWS.COM, la plataforma digital independiente dedicada a las noticias sobre defensa y seguridad de Espa\u00f1a, Am\u00e9rica Latina y Estados Unidos.","email":"info@defensanews.com","telephone":"05661966359","legalName":"Leonardo Network S.r.l.","foundingDate":"2024-05-11","vatID":"IT01749180533","numberOfEmployees":{"@type":"QuantitativeValue","minValue":"1","maxValue":"10"},"publishingPrinciples":"https:\/\/defensanews.com\/terminos-y-condiciones\/"},{"@type":"Person","@id":"https:\/\/defensanews.com\/#\/schema\/person\/d371c69fc541b938db26187937f0c11a","name":"Defensa News","image":{"@type":"ImageObject","inLanguage":"en-US","@id":"https:\/\/defensanews.com\/#\/schema\/person\/image\/","url":"https:\/\/defensanews.com\/wp-content\/uploads\/2025\/05\/cropped-Untitled-9-150x150.jpg","contentUrl":"https:\/\/defensanews.com\/wp-content\/uploads\/2025\/05\/cropped-Untitled-9-150x150.jpg","caption":"Defensa News"},"sameAs":["https:\/\/defensanews.com"],"url":"https:\/\/defensanews.com\/en\/author\/defensanews\/"}]}},"_links":{"self":[{"href":"https:\/\/defensanews.com\/en\/wp-json\/wp\/v2\/posts\/1494","targetHints":{"allow":["GET"]}}],"collection":[{"href":"https:\/\/defensanews.com\/en\/wp-json\/wp\/v2\/posts"}],"about":[{"href":"https:\/\/defensanews.com\/en\/wp-json\/wp\/v2\/types\/post"}],"author":[{"embeddable":true,"href":"https:\/\/defensanews.com\/en\/wp-json\/wp\/v2\/users\/1"}],"replies":[{"embeddable":true,"href":"https:\/\/defensanews.com\/en\/wp-json\/wp\/v2\/comments?post=1494"}],"version-history":[{"count":2,"href":"https:\/\/defensanews.com\/en\/wp-json\/wp\/v2\/posts\/1494\/revisions"}],"predecessor-version":[{"id":1937,"href":"https:\/\/defensanews.com\/en\/wp-json\/wp\/v2\/posts\/1494\/revisions\/1937"}],"wp:featuredmedia":[{"embeddable":true,"href":"https:\/\/defensanews.com\/en\/wp-json\/wp\/v2\/media\/1495"}],"wp:attachment":[{"href":"https:\/\/defensanews.com\/en\/wp-json\/wp\/v2\/media?parent=1494"}],"wp:term":[{"taxonomy":"category","embeddable":true,"href":"https:\/\/defensanews.com\/en\/wp-json\/wp\/v2\/categories?post=1494"},{"taxonomy":"post_tag","embeddable":true,"href":"https:\/\/defensanews.com\/en\/wp-json\/wp\/v2\/tags?post=1494"}],"curies":[{"name":"wp","href":"https:\/\/api.w.org\/{rel}","templated":true}]}}