{"id":1995,"date":"2025-05-13T18:53:25","date_gmt":"2025-05-13T16:53:25","guid":{"rendered":"https:\/\/defensanews.com\/?p=1995"},"modified":"2025-05-13T18:53:31","modified_gmt":"2025-05-13T16:53:31","slug":"ecuador-responde-con-contundencia-al-asesinato-de-11-soldados-operaciones-militares-intensivas-en-orellana","status":"publish","type":"post","link":"https:\/\/defensanews.com\/en\/ecuador-responds-forcefully-to-the-murder-of-11-soldiers-intensive-military-operations-in-orellana\/","title":{"rendered":"Ecuador responds forcefully to the murder of 11 soldiers: Intensive military operations in Orellana"},"content":{"rendered":"<p>The recent murder of 11 Ecuadorian soldiers at the hands of irregular armed groups has deeply shaken the nation. This act of extreme violence, perpetrated in the Amazon region, has been described by authorities as a direct attack on national security and peace in the country. In response, the Ecuadorian government, through the Armed Forces, has launched a major military operation in the province of Orellana, specifically in the Alto Punino area, an area known for the presence of criminal organizations linked to drug trafficking and illegal activities.<\/p>\n\n\n\n<p>With the support of combat helicopters, specialized logistical equipment and state-of-the-art technology, Ecuadorian Army units are intensifying offensive reconnaissance and territorial search tasks. The resources deployed include unmanned surveillance systems, such as reconnaissance drones, advanced tactical communication means, tracking sensors and operational intelligence support. This combination of capabilities seeks to locate those responsible for the massacre and dismantle the armed groups that threaten the stability of the region.<\/p>\n\n\n\n<p>The Commander General of the Army himself, Brigadier General Henry Delgado Salvador, has gone to the area of operations to personally direct the actions from the field. His presence symbolizes the determination of the Armed Forces not to give in to threats and to act firmly in the defense of national sovereignty.<\/p>\n\n\n\n<p>According to official sources, these operations are not only aimed at capturing those responsible for the murder of the 11 soldiers, but also at re-establishing state control in areas that have been infiltrated by criminal elements. Authorities have emphasized that there will be no room for impunity and that the full weight of the law will fall on those who attack law enforcement and the civilian population.<\/p>\n\n\n\n<p><strong>\"The war is against terrorists.\"<\/strong>The military and government authorities have stated categorically, making it clear that those responsible for these violent acts will be prosecuted and brought to justice.<\/p>\n\n\n\n<p>The Ecuadorian people, still dismayed by the loss of their soldiers, watch with attention and hope the development of these operations, confident that security will be restored in the region and the memory of the fallen will be honored.<\/p>\n\n\n\n<blockquote class=\"twitter-tweet\"><p lang=\"es\" dir=\"ltr\">MORE MILITARY TROOPS ARE DEPLOYED TO THE ALTO PUNINO AREA TO NEUTRALIZE THE IRREGULAR ARMED GROUP \"BORDER COMMANDOS\"!<br><br>\u27a1\ufe0fCon is supported by helicopters, specialized logistical equipment and state-of-the-art technology, including unmanned surveillance systems (unmanned aerial... <a href=\"https:\/\/t.co\/PirkOrl0sn\">pic.twitter.com\/PirkOrl0sn<\/a><\/p>- Ministry of National Defense of Ecuador (@DefensaEc) <a href=\"https:\/\/twitter.com\/DefensaEc\/status\/1922308451138507232?ref_src=twsrc%5Etfw\">May 13, 2025<\/a><\/blockquote> <script async src=\"https:\/\/platform.twitter.com\/widgets.js\" charset=\"utf-8\"><\/script>","protected":false},"excerpt":{"rendered":"<p>El reciente asesinato de 11 soldados ecuatorianos a manos de grupos armados irregulares ha sacudido profundamente a la naci\u00f3n. Este acto de violencia extrema, perpetrado en la regi\u00f3n amaz\u00f3nica, ha sido calificado por las autoridades como un atentado directo contra la seguridad nacional y la paz del pa\u00eds. En respuesta, el Gobierno ecuatoriano, a trav\u00e9s [&hellip;]<\/p>","protected":false},"author":1,"featured_media":1996,"comment_status":"open","ping_status":"open","sticky":false,"template":"","format":"standard","meta":{"_acf_changed":false,"footnotes":""},"categories":[2],"tags":[165,166,167],"class_list":["post-1995","post","type-post","status-publish","format-standard","has-post-thumbnail","hentry","category-america-latina","tag-ejercitoecuatoriano","tag-luchacontraelcrimen","tag-orellana"],"acf":[],"yoast_head":"<!-- This site is optimized with the Yoast SEO Premium plugin v25.0 (Yoast SEO v25.0) - https:\/\/yoast.com\/wordpress\/plugins\/seo\/ -->\n<title>Ecuador responde con contundencia al asesinato de 11 soldados: Operaciones militares intensivas en Orellana<\/title>\n<meta name=\"robots\" content=\"index, follow, max-snippet:-1, max-image-preview:large, max-video-preview:-1\" \/>\n<link rel=\"canonical\" href=\"https:\/\/defensanews.com\/en\/ecuador-responds-forcefully-to-the-murder-of-11-soldiers-intensive-military-operations-in-orellana\/\" \/>\n<meta property=\"og:locale\" content=\"en_US\" \/>\n<meta property=\"og:type\" content=\"article\" \/>\n<meta property=\"og:title\" content=\"Ecuador responde con contundencia al asesinato de 11 soldados: Operaciones militares intensivas en Orellana\" \/>\n<meta property=\"og:description\" content=\"El reciente asesinato de 11 soldados ecuatorianos a manos de grupos armados irregulares ha sacudido profundamente a la naci\u00f3n. Este acto de violencia extrema, perpetrado en la regi\u00f3n amaz\u00f3nica, ha sido calificado por las autoridades como un atentado directo contra la seguridad nacional y la paz del pa\u00eds. En respuesta, el Gobierno ecuatoriano, a trav\u00e9s [&hellip;]\" \/>\n<meta property=\"og:url\" content=\"https:\/\/defensanews.com\/en\/ecuador-responds-forcefully-to-the-murder-of-11-soldiers-intensive-military-operations-in-orellana\/\" \/>\n<meta property=\"og:site_name\" content=\"NOTICIAS DEFENSA, GEOPOL\u00cdTICA Y SEGURIDAD\" \/>\n<meta property=\"article:publisher\" content=\"https:\/\/www.facebook.com\/defensanewscom\/\" \/>\n<meta property=\"article:published_time\" content=\"2025-05-13T16:53:25+00:00\" \/>\n<meta property=\"article:modified_time\" content=\"2025-05-13T16:53:31+00:00\" \/>\n<meta property=\"og:image\" content=\"https:\/\/defensanews.com\/wp-content\/uploads\/2025\/05\/Gq1pVZfWMAAhsT.jpeg\" \/>\n\t<meta property=\"og:image:width\" content=\"1599\" \/>\n\t<meta property=\"og:image:height\" content=\"899\" \/>\n\t<meta property=\"og:image:type\" content=\"image\/jpeg\" \/>\n<meta name=\"author\" content=\"Defensa News\" \/>\n<meta name=\"twitter:card\" content=\"summary_large_image\" \/>\n<meta name=\"twitter:label1\" content=\"Written by\" \/>\n\t<meta name=\"twitter:data1\" content=\"Defensa News\" \/>\n\t<meta name=\"twitter:label2\" content=\"Est. reading time\" \/>\n\t<meta name=\"twitter:data2\" content=\"2 minutes\" \/>\n<script type=\"application\/ld+json\" class=\"yoast-schema-graph\">{\"@context\":\"https:\/\/schema.org\",\"@graph\":[{\"@type\":\"NewsArticle\",\"@id\":\"https:\/\/defensanews.com\/ecuador-responde-con-contundencia-al-asesinato-de-11-soldados-operaciones-militares-intensivas-en-orellana\/#article\",\"isPartOf\":{\"@id\":\"https:\/\/defensanews.com\/ecuador-responde-con-contundencia-al-asesinato-de-11-soldados-operaciones-militares-intensivas-en-orellana\/\"},\"author\":{\"name\":\"Defensa News\",\"@id\":\"https:\/\/defensanews.com\/#\/schema\/person\/d371c69fc541b938db26187937f0c11a\"},\"headline\":\"Ecuador responde con contundencia al asesinato de 11 soldados: Operaciones militares intensivas en Orellana\",\"datePublished\":\"2025-05-13T16:53:25+00:00\",\"dateModified\":\"2025-05-13T16:53:31+00:00\",\"mainEntityOfPage\":{\"@id\":\"https:\/\/defensanews.com\/ecuador-responde-con-contundencia-al-asesinato-de-11-soldados-operaciones-militares-intensivas-en-orellana\/\"},\"wordCount\":471,\"commentCount\":0,\"publisher\":{\"@id\":\"https:\/\/defensanews.com\/#organization\"},\"image\":{\"@id\":\"https:\/\/defensanews.com\/ecuador-responde-con-contundencia-al-asesinato-de-11-soldados-operaciones-militares-intensivas-en-orellana\/#primaryimage\"},\"thumbnailUrl\":\"https:\/\/defensanews.com\/wp-content\/uploads\/2025\/05\/Gq1pVZfWMAAhsT.jpeg\",\"keywords\":[\"Ej\u00e9rcitoEcuatoriano\",\"LuchaContraElCrimen\",\"Orellana\"],\"articleSection\":[\"Am\u00e9rica Latina\"],\"inLanguage\":\"en-US\",\"potentialAction\":[{\"@type\":\"CommentAction\",\"name\":\"Comment\",\"target\":[\"https:\/\/defensanews.com\/ecuador-responde-con-contundencia-al-asesinato-de-11-soldados-operaciones-militares-intensivas-en-orellana\/#respond\"]}],\"copyrightYear\":\"2025\",\"copyrightHolder\":{\"@id\":\"https:\/\/defensanews.com\/en\/#organization\"}},{\"@type\":[\"WebPage\",\"ItemPage\"],\"@id\":\"https:\/\/defensanews.com\/ecuador-responde-con-contundencia-al-asesinato-de-11-soldados-operaciones-militares-intensivas-en-orellana\/\",\"url\":\"https:\/\/defensanews.com\/ecuador-responde-con-contundencia-al-asesinato-de-11-soldados-operaciones-militares-intensivas-en-orellana\/\",\"name\":\"Ecuador responde con contundencia al asesinato de 11 soldados: Operaciones militares intensivas en Orellana\",\"isPartOf\":{\"@id\":\"https:\/\/defensanews.com\/#website\"},\"primaryImageOfPage\":{\"@id\":\"https:\/\/defensanews.com\/ecuador-responde-con-contundencia-al-asesinato-de-11-soldados-operaciones-militares-intensivas-en-orellana\/#primaryimage\"},\"image\":{\"@id\":\"https:\/\/defensanews.com\/ecuador-responde-con-contundencia-al-asesinato-de-11-soldados-operaciones-militares-intensivas-en-orellana\/#primaryimage\"},\"thumbnailUrl\":\"https:\/\/defensanews.com\/wp-content\/uploads\/2025\/05\/Gq1pVZfWMAAhsT.jpeg\",\"datePublished\":\"2025-05-13T16:53:25+00:00\",\"dateModified\":\"2025-05-13T16:53:31+00:00\",\"breadcrumb\":{\"@id\":\"https:\/\/defensanews.com\/ecuador-responde-con-contundencia-al-asesinato-de-11-soldados-operaciones-militares-intensivas-en-orellana\/#breadcrumb\"},\"inLanguage\":\"en-US\",\"potentialAction\":[{\"@type\":\"ReadAction\",\"target\":[\"https:\/\/defensanews.com\/ecuador-responde-con-contundencia-al-asesinato-de-11-soldados-operaciones-militares-intensivas-en-orellana\/\"]}]},{\"@type\":\"ImageObject\",\"inLanguage\":\"en-US\",\"@id\":\"https:\/\/defensanews.com\/ecuador-responde-con-contundencia-al-asesinato-de-11-soldados-operaciones-militares-intensivas-en-orellana\/#primaryimage\",\"url\":\"https:\/\/defensanews.com\/wp-content\/uploads\/2025\/05\/Gq1pVZfWMAAhsT.jpeg\",\"contentUrl\":\"https:\/\/defensanews.com\/wp-content\/uploads\/2025\/05\/Gq1pVZfWMAAhsT.jpeg\",\"width\":1599,\"height\":899,\"caption\":\"Borrador autom\u00e1tico - DEFENSANEWS.COM - Noticias defensa y seguridad\"},{\"@type\":\"BreadcrumbList\",\"@id\":\"https:\/\/defensanews.com\/ecuador-responde-con-contundencia-al-asesinato-de-11-soldados-operaciones-militares-intensivas-en-orellana\/#breadcrumb\",\"itemListElement\":[{\"@type\":\"ListItem\",\"position\":1,\"name\":\"Portada\",\"item\":\"https:\/\/defensanews.com\/\"},{\"@type\":\"ListItem\",\"position\":2,\"name\":\"Ecuador responde con contundencia al asesinato de 11 soldados: Operaciones militares intensivas en Orellana\"}]},{\"@type\":\"WebSite\",\"@id\":\"https:\/\/defensanews.com\/#website\",\"url\":\"https:\/\/defensanews.com\/\",\"name\":\"NOTICIAS DEFENSA Y SEGURIDAD\",\"description\":\"DEFENSA NEWS\",\"publisher\":{\"@id\":\"https:\/\/defensanews.com\/#organization\"},\"alternateName\":\"DEFENSANEWS.COM\",\"potentialAction\":[{\"@type\":\"SearchAction\",\"target\":{\"@type\":\"EntryPoint\",\"urlTemplate\":\"https:\/\/defensanews.com\/?s={search_term_string}\"},\"query-input\":{\"@type\":\"PropertyValueSpecification\",\"valueRequired\":true,\"valueName\":\"search_term_string\"}}],\"inLanguage\":\"en-US\"},{\"@type\":\"Organization\",\"@id\":\"https:\/\/defensanews.com\/#organization\",\"name\":\"Leonardo Network S.r.l.\",\"alternateName\":\"Leonardo Network S.r.l.\",\"url\":\"https:\/\/defensanews.com\/\",\"logo\":{\"@type\":\"ImageObject\",\"inLanguage\":\"en-US\",\"@id\":\"https:\/\/defensanews.com\/#\/schema\/logo\/image\/\",\"url\":\"https:\/\/defensanews.com\/wp-content\/uploads\/2025\/05\/DN-1200.jpg\",\"contentUrl\":\"https:\/\/defensanews.com\/wp-content\/uploads\/2025\/05\/DN-1200.jpg\",\"width\":1200,\"height\":675,\"caption\":\"Leonardo Network S.r.l.\"},\"image\":{\"@id\":\"https:\/\/defensanews.com\/#\/schema\/logo\/image\/\"},\"sameAs\":[\"https:\/\/www.facebook.com\/defensanewscom\/\",\"https:\/\/www.instagram.com\/defensanews\/\"],\"description\":\"DEFENSANEWS.COM, la plataforma digital independiente dedicada a las noticias sobre defensa y seguridad de Espa\u00f1a, Am\u00e9rica Latina y Estados Unidos.\",\"email\":\"info@defensanews.com\",\"telephone\":\"05661966359\",\"legalName\":\"Leonardo Network S.r.l.\",\"foundingDate\":\"2024-05-11\",\"vatID\":\"IT01749180533\",\"numberOfEmployees\":{\"@type\":\"QuantitativeValue\",\"minValue\":\"1\",\"maxValue\":\"10\"},\"publishingPrinciples\":\"https:\/\/defensanews.com\/terminos-y-condiciones\/\"},{\"@type\":\"Person\",\"@id\":\"https:\/\/defensanews.com\/#\/schema\/person\/d371c69fc541b938db26187937f0c11a\",\"name\":\"Defensa News\",\"image\":{\"@type\":\"ImageObject\",\"inLanguage\":\"en-US\",\"@id\":\"https:\/\/defensanews.com\/#\/schema\/person\/image\/\",\"url\":\"https:\/\/defensanews.com\/wp-content\/uploads\/2025\/05\/cropped-Untitled-9-150x150.jpg\",\"contentUrl\":\"https:\/\/defensanews.com\/wp-content\/uploads\/2025\/05\/cropped-Untitled-9-150x150.jpg\",\"caption\":\"Defensa News\"},\"sameAs\":[\"https:\/\/defensanews.com\"],\"url\":\"https:\/\/defensanews.com\/en\/author\/defensanews\/\"}]}<\/script>\n<!-- \/ Yoast SEO Premium plugin. -->","yoast_head_json":{"title":"Ecuador responde con contundencia al asesinato de 11 soldados: Operaciones militares intensivas en Orellana","robots":{"index":"index","follow":"follow","max-snippet":"max-snippet:-1","max-image-preview":"max-image-preview:large","max-video-preview":"max-video-preview:-1"},"canonical":"https:\/\/defensanews.com\/en\/ecuador-responds-forcefully-to-the-murder-of-11-soldiers-intensive-military-operations-in-orellana\/","og_locale":"en_US","og_type":"article","og_title":"Ecuador responde con contundencia al asesinato de 11 soldados: Operaciones militares intensivas en Orellana","og_description":"El reciente asesinato de 11 soldados ecuatorianos a manos de grupos armados irregulares ha sacudido profundamente a la naci\u00f3n. Este acto de violencia extrema, perpetrado en la regi\u00f3n amaz\u00f3nica, ha sido calificado por las autoridades como un atentado directo contra la seguridad nacional y la paz del pa\u00eds. En respuesta, el Gobierno ecuatoriano, a trav\u00e9s [&hellip;]","og_url":"https:\/\/defensanews.com\/en\/ecuador-responds-forcefully-to-the-murder-of-11-soldiers-intensive-military-operations-in-orellana\/","og_site_name":"NOTICIAS DEFENSA, GEOPOL\u00cdTICA Y SEGURIDAD","article_publisher":"https:\/\/www.facebook.com\/defensanewscom\/","article_published_time":"2025-05-13T16:53:25+00:00","article_modified_time":"2025-05-13T16:53:31+00:00","og_image":[{"width":1599,"height":899,"url":"https:\/\/defensanews.com\/wp-content\/uploads\/2025\/05\/Gq1pVZfWMAAhsT.jpeg","type":"image\/jpeg"}],"author":"Defensa News","twitter_card":"summary_large_image","twitter_misc":{"Written by":"Defensa News","Est. reading time":"2 minutes"},"schema":{"@context":"https:\/\/schema.org","@graph":[{"@type":"NewsArticle","@id":"https:\/\/defensanews.com\/ecuador-responde-con-contundencia-al-asesinato-de-11-soldados-operaciones-militares-intensivas-en-orellana\/#article","isPartOf":{"@id":"https:\/\/defensanews.com\/ecuador-responde-con-contundencia-al-asesinato-de-11-soldados-operaciones-militares-intensivas-en-orellana\/"},"author":{"name":"Defensa News","@id":"https:\/\/defensanews.com\/#\/schema\/person\/d371c69fc541b938db26187937f0c11a"},"headline":"Ecuador responde con contundencia al asesinato de 11 soldados: Operaciones militares intensivas en Orellana","datePublished":"2025-05-13T16:53:25+00:00","dateModified":"2025-05-13T16:53:31+00:00","mainEntityOfPage":{"@id":"https:\/\/defensanews.com\/ecuador-responde-con-contundencia-al-asesinato-de-11-soldados-operaciones-militares-intensivas-en-orellana\/"},"wordCount":471,"commentCount":0,"publisher":{"@id":"https:\/\/defensanews.com\/#organization"},"image":{"@id":"https:\/\/defensanews.com\/ecuador-responde-con-contundencia-al-asesinato-de-11-soldados-operaciones-militares-intensivas-en-orellana\/#primaryimage"},"thumbnailUrl":"https:\/\/defensanews.com\/wp-content\/uploads\/2025\/05\/Gq1pVZfWMAAhsT.jpeg","keywords":["Ej\u00e9rcitoEcuatoriano","LuchaContraElCrimen","Orellana"],"articleSection":["Am\u00e9rica Latina"],"inLanguage":"en-US","potentialAction":[{"@type":"CommentAction","name":"Comment","target":["https:\/\/defensanews.com\/ecuador-responde-con-contundencia-al-asesinato-de-11-soldados-operaciones-militares-intensivas-en-orellana\/#respond"]}],"copyrightYear":"2025","copyrightHolder":{"@id":"https:\/\/defensanews.com\/en\/#organization"}},{"@type":["WebPage","ItemPage"],"@id":"https:\/\/defensanews.com\/ecuador-responde-con-contundencia-al-asesinato-de-11-soldados-operaciones-militares-intensivas-en-orellana\/","url":"https:\/\/defensanews.com\/ecuador-responde-con-contundencia-al-asesinato-de-11-soldados-operaciones-militares-intensivas-en-orellana\/","name":"Ecuador responde con contundencia al asesinato de 11 soldados: Operaciones militares intensivas en Orellana","isPartOf":{"@id":"https:\/\/defensanews.com\/#website"},"primaryImageOfPage":{"@id":"https:\/\/defensanews.com\/ecuador-responde-con-contundencia-al-asesinato-de-11-soldados-operaciones-militares-intensivas-en-orellana\/#primaryimage"},"image":{"@id":"https:\/\/defensanews.com\/ecuador-responde-con-contundencia-al-asesinato-de-11-soldados-operaciones-militares-intensivas-en-orellana\/#primaryimage"},"thumbnailUrl":"https:\/\/defensanews.com\/wp-content\/uploads\/2025\/05\/Gq1pVZfWMAAhsT.jpeg","datePublished":"2025-05-13T16:53:25+00:00","dateModified":"2025-05-13T16:53:31+00:00","breadcrumb":{"@id":"https:\/\/defensanews.com\/ecuador-responde-con-contundencia-al-asesinato-de-11-soldados-operaciones-militares-intensivas-en-orellana\/#breadcrumb"},"inLanguage":"en-US","potentialAction":[{"@type":"ReadAction","target":["https:\/\/defensanews.com\/ecuador-responde-con-contundencia-al-asesinato-de-11-soldados-operaciones-militares-intensivas-en-orellana\/"]}]},{"@type":"ImageObject","inLanguage":"en-US","@id":"https:\/\/defensanews.com\/ecuador-responde-con-contundencia-al-asesinato-de-11-soldados-operaciones-militares-intensivas-en-orellana\/#primaryimage","url":"https:\/\/defensanews.com\/wp-content\/uploads\/2025\/05\/Gq1pVZfWMAAhsT.jpeg","contentUrl":"https:\/\/defensanews.com\/wp-content\/uploads\/2025\/05\/Gq1pVZfWMAAhsT.jpeg","width":1599,"height":899,"caption":"Borrador autom\u00e1tico - DEFENSANEWS.COM - Noticias defensa y seguridad"},{"@type":"BreadcrumbList","@id":"https:\/\/defensanews.com\/ecuador-responde-con-contundencia-al-asesinato-de-11-soldados-operaciones-militares-intensivas-en-orellana\/#breadcrumb","itemListElement":[{"@type":"ListItem","position":1,"name":"Portada","item":"https:\/\/defensanews.com\/"},{"@type":"ListItem","position":2,"name":"Ecuador responde con contundencia al asesinato de 11 soldados: Operaciones militares intensivas en Orellana"}]},{"@type":"WebSite","@id":"https:\/\/defensanews.com\/#website","url":"https:\/\/defensanews.com\/","name":"NOTICIAS DEFENSA Y SEGURIDAD","description":"DEFENSA NEWS","publisher":{"@id":"https:\/\/defensanews.com\/#organization"},"alternateName":"DEFENSANEWS.COM","potentialAction":[{"@type":"SearchAction","target":{"@type":"EntryPoint","urlTemplate":"https:\/\/defensanews.com\/?s={search_term_string}"},"query-input":{"@type":"PropertyValueSpecification","valueRequired":true,"valueName":"search_term_string"}}],"inLanguage":"en-US"},{"@type":"Organization","@id":"https:\/\/defensanews.com\/#organization","name":"Leonardo Network S.r.l.","alternateName":"Leonardo Network S.r.l.","url":"https:\/\/defensanews.com\/","logo":{"@type":"ImageObject","inLanguage":"en-US","@id":"https:\/\/defensanews.com\/#\/schema\/logo\/image\/","url":"https:\/\/defensanews.com\/wp-content\/uploads\/2025\/05\/DN-1200.jpg","contentUrl":"https:\/\/defensanews.com\/wp-content\/uploads\/2025\/05\/DN-1200.jpg","width":1200,"height":675,"caption":"Leonardo Network S.r.l."},"image":{"@id":"https:\/\/defensanews.com\/#\/schema\/logo\/image\/"},"sameAs":["https:\/\/www.facebook.com\/defensanewscom\/","https:\/\/www.instagram.com\/defensanews\/"],"description":"DEFENSANEWS.COM, la plataforma digital independiente dedicada a las noticias sobre defensa y seguridad de Espa\u00f1a, Am\u00e9rica Latina y Estados Unidos.","email":"info@defensanews.com","telephone":"05661966359","legalName":"Leonardo Network S.r.l.","foundingDate":"2024-05-11","vatID":"IT01749180533","numberOfEmployees":{"@type":"QuantitativeValue","minValue":"1","maxValue":"10"},"publishingPrinciples":"https:\/\/defensanews.com\/terminos-y-condiciones\/"},{"@type":"Person","@id":"https:\/\/defensanews.com\/#\/schema\/person\/d371c69fc541b938db26187937f0c11a","name":"Defensa News","image":{"@type":"ImageObject","inLanguage":"en-US","@id":"https:\/\/defensanews.com\/#\/schema\/person\/image\/","url":"https:\/\/defensanews.com\/wp-content\/uploads\/2025\/05\/cropped-Untitled-9-150x150.jpg","contentUrl":"https:\/\/defensanews.com\/wp-content\/uploads\/2025\/05\/cropped-Untitled-9-150x150.jpg","caption":"Defensa News"},"sameAs":["https:\/\/defensanews.com"],"url":"https:\/\/defensanews.com\/en\/author\/defensanews\/"}]}},"_links":{"self":[{"href":"https:\/\/defensanews.com\/en\/wp-json\/wp\/v2\/posts\/1995","targetHints":{"allow":["GET"]}}],"collection":[{"href":"https:\/\/defensanews.com\/en\/wp-json\/wp\/v2\/posts"}],"about":[{"href":"https:\/\/defensanews.com\/en\/wp-json\/wp\/v2\/types\/post"}],"author":[{"embeddable":true,"href":"https:\/\/defensanews.com\/en\/wp-json\/wp\/v2\/users\/1"}],"replies":[{"embeddable":true,"href":"https:\/\/defensanews.com\/en\/wp-json\/wp\/v2\/comments?post=1995"}],"version-history":[{"count":1,"href":"https:\/\/defensanews.com\/en\/wp-json\/wp\/v2\/posts\/1995\/revisions"}],"predecessor-version":[{"id":1997,"href":"https:\/\/defensanews.com\/en\/wp-json\/wp\/v2\/posts\/1995\/revisions\/1997"}],"wp:featuredmedia":[{"embeddable":true,"href":"https:\/\/defensanews.com\/en\/wp-json\/wp\/v2\/media\/1996"}],"wp:attachment":[{"href":"https:\/\/defensanews.com\/en\/wp-json\/wp\/v2\/media?parent=1995"}],"wp:term":[{"taxonomy":"category","embeddable":true,"href":"https:\/\/defensanews.com\/en\/wp-json\/wp\/v2\/categories?post=1995"},{"taxonomy":"post_tag","embeddable":true,"href":"https:\/\/defensanews.com\/en\/wp-json\/wp\/v2\/tags?post=1995"}],"curies":[{"name":"wp","href":"https:\/\/api.w.org\/{rel}","templated":true}]}}