{"id":2028,"date":"2025-05-14T11:47:04","date_gmt":"2025-05-14T09:47:04","guid":{"rendered":"https:\/\/defensanews.com\/?p=2028"},"modified":"2025-07-17T11:40:18","modified_gmt":"2025-07-17T09:40:18","slug":"ejercito-peruano-refuerza-formacion-legal-de-su-personal-desplegado-en-zonas-de-emergencia","status":"publish","type":"post","link":"https:\/\/defensanews.com\/en\/peruvian-army-reinforces-legal-training-of-its-personnel-deployed-in-emergency-areas\/","title":{"rendered":"Peruvian Army reinforces legal training of its personnel deployed in emergency areas"},"content":{"rendered":"<p>Peruvian Armed Forces personnel stationed in the province of Pataz recently participated in a specialized training on the use and employment of force, in compliance with Legislative Decree No. 1095 and its regulations. The activity was organized by the Center for International Humanitarian Law and Human Rights of the Armed Forces (CDIH DDHH), with the aim of strengthening the legal and operational preparation of troops in emergency areas as part of the State's commitment to respect fundamental rights.<\/p>\n\n\n\n<h2 class=\"wp-block-heading\" id=\"h-formacion-especializada-en-contexto-de-estado-de-emergencia\">Specialized training in the context of a State of Emergency<\/h2>\n\n\n\n<p>The training day was held on May 8 virtually, in the framework of Supreme Decree No. 060-2025-PCM, which extended the State of Emergency in the province of Pataz for 30 more days. The measure responds to the need to combat persistent threats such as illegal mining and organized crime, present in this area of the country.<\/p>\n\n\n\n<p>The event was inaugurated by the Director of the CDIH, Colonel FAP Nolberto Puente Alfaro, who highlighted the importance of military personnel maintaining constant training on the legal framework that governs their actions. In his words, he stressed that \"legal training is as essential as operational training for a legitimate, efficient and respectful of human rights military action\".<\/p>\n\n\n\n<h2 class=\"wp-block-heading\" id=\"h-ponencias-a-cargo-de-expertos-en-normativa-y-derecho-operacional\">Presentations by regulatory and operational law experts<\/h2>\n\n\n\n<p>During the training, presentations were given by specialists with wide experience in legal and operational matters. Colonel EP (r) Carlos Sol\u00eds Agurto addressed the general principles on the use of force by the Armed Forces; Captain (r) V\u00edctor Gonz\u00e1les spoke on Title II of Legislative Decree 1095 and its regulations; and Lieutenant Colonel EP Mar\u00eda de los \u00c1ngeles Ag\u00fcero Yep spoke on the role of the operational legal advisor during interventions.<\/p>\n\n\n\n<p>The active participation of the military strengthened criteria on proportionality, necessity and legality in the use of force, as well as the role of legal counsel in tactical decisions made during operations in complex contexts such as Pataz.<\/p>\n\n\n\n<h2 class=\"wp-block-heading\" id=\"h-compromiso-institucional-con-el-respeto-a-los-derechos-humanos\">Institutional commitment to respect for human rights<\/h2>\n\n\n\n<p>The Peruvian Ministry of Defense, through the CDIH HRD, reaffirmed its commitment to the dissemination and teaching of the principles of international humanitarian law and human rights among its ranks. These actions are part of an institutional policy that seeks to ensure that all operations are carried out within the current national and international regulatory framework.<\/p>\n\n\n\n<p>The central government has also reaffirmed its intention to maintain a firm but legal intervention in areas affected by criminal activities, promoting continuous training as a key tool for a professional law enforcement response.<\/p>","protected":false},"excerpt":{"rendered":"<p>El personal de las Fuerzas Armadas del Per\u00fa destacado en la provincia de Pataz particip\u00f3 recientemente en una capacitaci\u00f3n especializada sobre el uso y empleo de la fuerza, en cumplimiento del Decreto Legislativo N.\u00ba 1095 y su reglamento. La actividad fue organizada por el Centro del Derecho Internacional Humanitario y Derechos Humanos de las Fuerzas [&hellip;]<\/p>","protected":false},"author":1,"featured_media":2029,"comment_status":"open","ping_status":"open","sticky":false,"template":"","format":"standard","meta":{"_acf_changed":false,"footnotes":""},"categories":[2],"tags":[181,182,180,174],"class_list":["post-2028","post","type-post","status-publish","format-standard","has-post-thumbnail","hentry","category-america-latina","tag-capacitacion-militar","tag-derechos-humanos","tag-fuerzas-armadas-del-peru","tag-peru"],"acf":[],"yoast_head":"<!-- This site is optimized with the Yoast SEO Premium plugin v25.0 (Yoast SEO v25.0) - https:\/\/yoast.com\/wordpress\/plugins\/seo\/ -->\n<title>Ej\u00e9rcito peruano refuerza formaci\u00f3n legal de su personal desplegado en zonas de emergencia<\/title>\n<meta name=\"robots\" content=\"index, follow, max-snippet:-1, max-image-preview:large, max-video-preview:-1\" \/>\n<link rel=\"canonical\" href=\"https:\/\/defensanews.com\/en\/peruvian-army-reinforces-legal-training-of-its-personnel-deployed-in-emergency-areas\/\" \/>\n<meta property=\"og:locale\" content=\"en_US\" \/>\n<meta property=\"og:type\" content=\"article\" \/>\n<meta property=\"og:title\" content=\"Ej\u00e9rcito peruano refuerza formaci\u00f3n legal de su personal desplegado en zonas de emergencia\" \/>\n<meta property=\"og:description\" content=\"El personal de las Fuerzas Armadas del Per\u00fa destacado en la provincia de Pataz particip\u00f3 recientemente en una capacitaci\u00f3n especializada sobre el uso y empleo de la fuerza, en cumplimiento del Decreto Legislativo N.\u00ba 1095 y su reglamento. La actividad fue organizada por el Centro del Derecho Internacional Humanitario y Derechos Humanos de las Fuerzas [&hellip;]\" \/>\n<meta property=\"og:url\" content=\"https:\/\/defensanews.com\/en\/peruvian-army-reinforces-legal-training-of-its-personnel-deployed-in-emergency-areas\/\" \/>\n<meta property=\"og:site_name\" content=\"NOTICIAS DEFENSA, GEOPOL\u00cdTICA Y SEGURIDAD\" \/>\n<meta property=\"article:publisher\" content=\"https:\/\/www.facebook.com\/defensanewscom\/\" \/>\n<meta property=\"article:published_time\" content=\"2025-05-14T09:47:04+00:00\" \/>\n<meta property=\"article:modified_time\" content=\"2025-07-17T09:40:18+00:00\" \/>\n<meta property=\"og:image\" content=\"https:\/\/defensanews.com\/wp-content\/uploads\/2025\/05\/peru.jpg\" \/>\n\t<meta property=\"og:image:width\" content=\"2047\" \/>\n\t<meta property=\"og:image:height\" content=\"1152\" \/>\n\t<meta property=\"og:image:type\" content=\"image\/jpeg\" \/>\n<meta name=\"author\" content=\"Defensa News\" \/>\n<meta name=\"twitter:card\" content=\"summary_large_image\" \/>\n<meta name=\"twitter:label1\" content=\"Written by\" \/>\n\t<meta name=\"twitter:data1\" content=\"Defensa News\" \/>\n\t<meta name=\"twitter:label2\" content=\"Est. reading time\" \/>\n\t<meta name=\"twitter:data2\" content=\"3 minutes\" \/>\n<script type=\"application\/ld+json\" class=\"yoast-schema-graph\">{\"@context\":\"https:\/\/schema.org\",\"@graph\":[{\"@type\":\"NewsArticle\",\"@id\":\"https:\/\/defensanews.com\/ejercito-peruano-refuerza-formacion-legal-de-su-personal-desplegado-en-zonas-de-emergencia\/#article\",\"isPartOf\":{\"@id\":\"https:\/\/defensanews.com\/ejercito-peruano-refuerza-formacion-legal-de-su-personal-desplegado-en-zonas-de-emergencia\/\"},\"author\":{\"name\":\"Defensa News\",\"@id\":\"https:\/\/defensanews.com\/#\/schema\/person\/d371c69fc541b938db26187937f0c11a\"},\"headline\":\"Ej\u00e9rcito peruano refuerza formaci\u00f3n legal de su personal desplegado en zonas de emergencia\",\"datePublished\":\"2025-05-14T09:47:04+00:00\",\"dateModified\":\"2025-07-17T09:40:18+00:00\",\"mainEntityOfPage\":{\"@id\":\"https:\/\/defensanews.com\/ejercito-peruano-refuerza-formacion-legal-de-su-personal-desplegado-en-zonas-de-emergencia\/\"},\"wordCount\":509,\"commentCount\":0,\"publisher\":{\"@id\":\"https:\/\/defensanews.com\/#organization\"},\"image\":{\"@id\":\"https:\/\/defensanews.com\/ejercito-peruano-refuerza-formacion-legal-de-su-personal-desplegado-en-zonas-de-emergencia\/#primaryimage\"},\"thumbnailUrl\":\"https:\/\/defensanews.com\/wp-content\/uploads\/2025\/05\/peru.jpg\",\"keywords\":[\"Capacitaci\u00f3n militar\",\"Derechos Humanos\",\"Fuerzas Armadas del Per\u00fa\",\"Per\u00fa\"],\"articleSection\":[\"Am\u00e9rica Latina\"],\"inLanguage\":\"en-US\",\"potentialAction\":[{\"@type\":\"CommentAction\",\"name\":\"Comment\",\"target\":[\"https:\/\/defensanews.com\/ejercito-peruano-refuerza-formacion-legal-de-su-personal-desplegado-en-zonas-de-emergencia\/#respond\"]}],\"copyrightYear\":\"2025\",\"copyrightHolder\":{\"@id\":\"https:\/\/defensanews.com\/en\/#organization\"}},{\"@type\":[\"WebPage\",\"ItemPage\"],\"@id\":\"https:\/\/defensanews.com\/ejercito-peruano-refuerza-formacion-legal-de-su-personal-desplegado-en-zonas-de-emergencia\/\",\"url\":\"https:\/\/defensanews.com\/ejercito-peruano-refuerza-formacion-legal-de-su-personal-desplegado-en-zonas-de-emergencia\/\",\"name\":\"Ej\u00e9rcito peruano refuerza formaci\u00f3n legal de su personal desplegado en zonas de emergencia\",\"isPartOf\":{\"@id\":\"https:\/\/defensanews.com\/#website\"},\"primaryImageOfPage\":{\"@id\":\"https:\/\/defensanews.com\/ejercito-peruano-refuerza-formacion-legal-de-su-personal-desplegado-en-zonas-de-emergencia\/#primaryimage\"},\"image\":{\"@id\":\"https:\/\/defensanews.com\/ejercito-peruano-refuerza-formacion-legal-de-su-personal-desplegado-en-zonas-de-emergencia\/#primaryimage\"},\"thumbnailUrl\":\"https:\/\/defensanews.com\/wp-content\/uploads\/2025\/05\/peru.jpg\",\"datePublished\":\"2025-05-14T09:47:04+00:00\",\"dateModified\":\"2025-07-17T09:40:18+00:00\",\"breadcrumb\":{\"@id\":\"https:\/\/defensanews.com\/ejercito-peruano-refuerza-formacion-legal-de-su-personal-desplegado-en-zonas-de-emergencia\/#breadcrumb\"},\"inLanguage\":\"en-US\",\"potentialAction\":[{\"@type\":\"ReadAction\",\"target\":[\"https:\/\/defensanews.com\/ejercito-peruano-refuerza-formacion-legal-de-su-personal-desplegado-en-zonas-de-emergencia\/\"]}]},{\"@type\":\"ImageObject\",\"inLanguage\":\"en-US\",\"@id\":\"https:\/\/defensanews.com\/ejercito-peruano-refuerza-formacion-legal-de-su-personal-desplegado-en-zonas-de-emergencia\/#primaryimage\",\"url\":\"https:\/\/defensanews.com\/wp-content\/uploads\/2025\/05\/peru.jpg\",\"contentUrl\":\"https:\/\/defensanews.com\/wp-content\/uploads\/2025\/05\/peru.jpg\",\"width\":2047,\"height\":1152,\"caption\":\"Ej\u00e9rcito peruano refuerza formaci\u00f3n legal de su personal desplegado en zonas de emergencia - DEFENSANEWS.COM - Noticias defensa y seguridad\"},{\"@type\":\"BreadcrumbList\",\"@id\":\"https:\/\/defensanews.com\/ejercito-peruano-refuerza-formacion-legal-de-su-personal-desplegado-en-zonas-de-emergencia\/#breadcrumb\",\"itemListElement\":[{\"@type\":\"ListItem\",\"position\":1,\"name\":\"Portada\",\"item\":\"https:\/\/defensanews.com\/\"},{\"@type\":\"ListItem\",\"position\":2,\"name\":\"Ej\u00e9rcito peruano refuerza formaci\u00f3n legal de su personal desplegado en zonas de emergencia\"}]},{\"@type\":\"WebSite\",\"@id\":\"https:\/\/defensanews.com\/#website\",\"url\":\"https:\/\/defensanews.com\/\",\"name\":\"NOTICIAS DEFENSA Y SEGURIDAD\",\"description\":\"DEFENSA NEWS\",\"publisher\":{\"@id\":\"https:\/\/defensanews.com\/#organization\"},\"alternateName\":\"DEFENSANEWS.COM\",\"potentialAction\":[{\"@type\":\"SearchAction\",\"target\":{\"@type\":\"EntryPoint\",\"urlTemplate\":\"https:\/\/defensanews.com\/?s={search_term_string}\"},\"query-input\":{\"@type\":\"PropertyValueSpecification\",\"valueRequired\":true,\"valueName\":\"search_term_string\"}}],\"inLanguage\":\"en-US\"},{\"@type\":\"Organization\",\"@id\":\"https:\/\/defensanews.com\/#organization\",\"name\":\"Leonardo Network S.r.l.\",\"alternateName\":\"Leonardo Network S.r.l.\",\"url\":\"https:\/\/defensanews.com\/\",\"logo\":{\"@type\":\"ImageObject\",\"inLanguage\":\"en-US\",\"@id\":\"https:\/\/defensanews.com\/#\/schema\/logo\/image\/\",\"url\":\"https:\/\/defensanews.com\/wp-content\/uploads\/2025\/05\/DN-1200.jpg\",\"contentUrl\":\"https:\/\/defensanews.com\/wp-content\/uploads\/2025\/05\/DN-1200.jpg\",\"width\":1200,\"height\":675,\"caption\":\"Leonardo Network S.r.l.\"},\"image\":{\"@id\":\"https:\/\/defensanews.com\/#\/schema\/logo\/image\/\"},\"sameAs\":[\"https:\/\/www.facebook.com\/defensanewscom\/\",\"https:\/\/www.instagram.com\/defensanews\/\"],\"description\":\"DEFENSANEWS.COM, la plataforma digital independiente dedicada a las noticias sobre defensa y seguridad de Espa\u00f1a, Am\u00e9rica Latina y Estados Unidos.\",\"email\":\"info@defensanews.com\",\"telephone\":\"05661966359\",\"legalName\":\"Leonardo Network S.r.l.\",\"foundingDate\":\"2024-05-11\",\"vatID\":\"IT01749180533\",\"numberOfEmployees\":{\"@type\":\"QuantitativeValue\",\"minValue\":\"1\",\"maxValue\":\"10\"},\"publishingPrinciples\":\"https:\/\/defensanews.com\/terminos-y-condiciones\/\"},{\"@type\":\"Person\",\"@id\":\"https:\/\/defensanews.com\/#\/schema\/person\/d371c69fc541b938db26187937f0c11a\",\"name\":\"Defensa News\",\"image\":{\"@type\":\"ImageObject\",\"inLanguage\":\"en-US\",\"@id\":\"https:\/\/defensanews.com\/#\/schema\/person\/image\/\",\"url\":\"https:\/\/defensanews.com\/wp-content\/uploads\/2025\/05\/cropped-Untitled-9-150x150.jpg\",\"contentUrl\":\"https:\/\/defensanews.com\/wp-content\/uploads\/2025\/05\/cropped-Untitled-9-150x150.jpg\",\"caption\":\"Defensa News\"},\"sameAs\":[\"https:\/\/defensanews.com\"],\"url\":\"https:\/\/defensanews.com\/en\/author\/defensanews\/\"}]}<\/script>\n<!-- \/ Yoast SEO Premium plugin. -->","yoast_head_json":{"title":"Ej\u00e9rcito peruano refuerza formaci\u00f3n legal de su personal desplegado en zonas de emergencia","robots":{"index":"index","follow":"follow","max-snippet":"max-snippet:-1","max-image-preview":"max-image-preview:large","max-video-preview":"max-video-preview:-1"},"canonical":"https:\/\/defensanews.com\/en\/peruvian-army-reinforces-legal-training-of-its-personnel-deployed-in-emergency-areas\/","og_locale":"en_US","og_type":"article","og_title":"Ej\u00e9rcito peruano refuerza formaci\u00f3n legal de su personal desplegado en zonas de emergencia","og_description":"El personal de las Fuerzas Armadas del Per\u00fa destacado en la provincia de Pataz particip\u00f3 recientemente en una capacitaci\u00f3n especializada sobre el uso y empleo de la fuerza, en cumplimiento del Decreto Legislativo N.\u00ba 1095 y su reglamento. La actividad fue organizada por el Centro del Derecho Internacional Humanitario y Derechos Humanos de las Fuerzas [&hellip;]","og_url":"https:\/\/defensanews.com\/en\/peruvian-army-reinforces-legal-training-of-its-personnel-deployed-in-emergency-areas\/","og_site_name":"NOTICIAS DEFENSA, GEOPOL\u00cdTICA Y SEGURIDAD","article_publisher":"https:\/\/www.facebook.com\/defensanewscom\/","article_published_time":"2025-05-14T09:47:04+00:00","article_modified_time":"2025-07-17T09:40:18+00:00","og_image":[{"width":2047,"height":1152,"url":"https:\/\/defensanews.com\/wp-content\/uploads\/2025\/05\/peru.jpg","type":"image\/jpeg"}],"author":"Defensa News","twitter_card":"summary_large_image","twitter_misc":{"Written by":"Defensa News","Est. reading time":"3 minutes"},"schema":{"@context":"https:\/\/schema.org","@graph":[{"@type":"NewsArticle","@id":"https:\/\/defensanews.com\/ejercito-peruano-refuerza-formacion-legal-de-su-personal-desplegado-en-zonas-de-emergencia\/#article","isPartOf":{"@id":"https:\/\/defensanews.com\/ejercito-peruano-refuerza-formacion-legal-de-su-personal-desplegado-en-zonas-de-emergencia\/"},"author":{"name":"Defensa News","@id":"https:\/\/defensanews.com\/#\/schema\/person\/d371c69fc541b938db26187937f0c11a"},"headline":"Ej\u00e9rcito peruano refuerza formaci\u00f3n legal de su personal desplegado en zonas de emergencia","datePublished":"2025-05-14T09:47:04+00:00","dateModified":"2025-07-17T09:40:18+00:00","mainEntityOfPage":{"@id":"https:\/\/defensanews.com\/ejercito-peruano-refuerza-formacion-legal-de-su-personal-desplegado-en-zonas-de-emergencia\/"},"wordCount":509,"commentCount":0,"publisher":{"@id":"https:\/\/defensanews.com\/#organization"},"image":{"@id":"https:\/\/defensanews.com\/ejercito-peruano-refuerza-formacion-legal-de-su-personal-desplegado-en-zonas-de-emergencia\/#primaryimage"},"thumbnailUrl":"https:\/\/defensanews.com\/wp-content\/uploads\/2025\/05\/peru.jpg","keywords":["Capacitaci\u00f3n militar","Derechos Humanos","Fuerzas Armadas del Per\u00fa","Per\u00fa"],"articleSection":["Am\u00e9rica Latina"],"inLanguage":"en-US","potentialAction":[{"@type":"CommentAction","name":"Comment","target":["https:\/\/defensanews.com\/ejercito-peruano-refuerza-formacion-legal-de-su-personal-desplegado-en-zonas-de-emergencia\/#respond"]}],"copyrightYear":"2025","copyrightHolder":{"@id":"https:\/\/defensanews.com\/en\/#organization"}},{"@type":["WebPage","ItemPage"],"@id":"https:\/\/defensanews.com\/ejercito-peruano-refuerza-formacion-legal-de-su-personal-desplegado-en-zonas-de-emergencia\/","url":"https:\/\/defensanews.com\/ejercito-peruano-refuerza-formacion-legal-de-su-personal-desplegado-en-zonas-de-emergencia\/","name":"Ej\u00e9rcito peruano refuerza formaci\u00f3n legal de su personal desplegado en zonas de emergencia","isPartOf":{"@id":"https:\/\/defensanews.com\/#website"},"primaryImageOfPage":{"@id":"https:\/\/defensanews.com\/ejercito-peruano-refuerza-formacion-legal-de-su-personal-desplegado-en-zonas-de-emergencia\/#primaryimage"},"image":{"@id":"https:\/\/defensanews.com\/ejercito-peruano-refuerza-formacion-legal-de-su-personal-desplegado-en-zonas-de-emergencia\/#primaryimage"},"thumbnailUrl":"https:\/\/defensanews.com\/wp-content\/uploads\/2025\/05\/peru.jpg","datePublished":"2025-05-14T09:47:04+00:00","dateModified":"2025-07-17T09:40:18+00:00","breadcrumb":{"@id":"https:\/\/defensanews.com\/ejercito-peruano-refuerza-formacion-legal-de-su-personal-desplegado-en-zonas-de-emergencia\/#breadcrumb"},"inLanguage":"en-US","potentialAction":[{"@type":"ReadAction","target":["https:\/\/defensanews.com\/ejercito-peruano-refuerza-formacion-legal-de-su-personal-desplegado-en-zonas-de-emergencia\/"]}]},{"@type":"ImageObject","inLanguage":"en-US","@id":"https:\/\/defensanews.com\/ejercito-peruano-refuerza-formacion-legal-de-su-personal-desplegado-en-zonas-de-emergencia\/#primaryimage","url":"https:\/\/defensanews.com\/wp-content\/uploads\/2025\/05\/peru.jpg","contentUrl":"https:\/\/defensanews.com\/wp-content\/uploads\/2025\/05\/peru.jpg","width":2047,"height":1152,"caption":"Ej\u00e9rcito peruano refuerza formaci\u00f3n legal de su personal desplegado en zonas de emergencia - DEFENSANEWS.COM - Noticias defensa y seguridad"},{"@type":"BreadcrumbList","@id":"https:\/\/defensanews.com\/ejercito-peruano-refuerza-formacion-legal-de-su-personal-desplegado-en-zonas-de-emergencia\/#breadcrumb","itemListElement":[{"@type":"ListItem","position":1,"name":"Portada","item":"https:\/\/defensanews.com\/"},{"@type":"ListItem","position":2,"name":"Ej\u00e9rcito peruano refuerza formaci\u00f3n legal de su personal desplegado en zonas de emergencia"}]},{"@type":"WebSite","@id":"https:\/\/defensanews.com\/#website","url":"https:\/\/defensanews.com\/","name":"NOTICIAS DEFENSA Y SEGURIDAD","description":"DEFENSA NEWS","publisher":{"@id":"https:\/\/defensanews.com\/#organization"},"alternateName":"DEFENSANEWS.COM","potentialAction":[{"@type":"SearchAction","target":{"@type":"EntryPoint","urlTemplate":"https:\/\/defensanews.com\/?s={search_term_string}"},"query-input":{"@type":"PropertyValueSpecification","valueRequired":true,"valueName":"search_term_string"}}],"inLanguage":"en-US"},{"@type":"Organization","@id":"https:\/\/defensanews.com\/#organization","name":"Leonardo Network S.r.l.","alternateName":"Leonardo Network S.r.l.","url":"https:\/\/defensanews.com\/","logo":{"@type":"ImageObject","inLanguage":"en-US","@id":"https:\/\/defensanews.com\/#\/schema\/logo\/image\/","url":"https:\/\/defensanews.com\/wp-content\/uploads\/2025\/05\/DN-1200.jpg","contentUrl":"https:\/\/defensanews.com\/wp-content\/uploads\/2025\/05\/DN-1200.jpg","width":1200,"height":675,"caption":"Leonardo Network S.r.l."},"image":{"@id":"https:\/\/defensanews.com\/#\/schema\/logo\/image\/"},"sameAs":["https:\/\/www.facebook.com\/defensanewscom\/","https:\/\/www.instagram.com\/defensanews\/"],"description":"DEFENSANEWS.COM, la plataforma digital independiente dedicada a las noticias sobre defensa y seguridad de Espa\u00f1a, Am\u00e9rica Latina y Estados Unidos.","email":"info@defensanews.com","telephone":"05661966359","legalName":"Leonardo Network S.r.l.","foundingDate":"2024-05-11","vatID":"IT01749180533","numberOfEmployees":{"@type":"QuantitativeValue","minValue":"1","maxValue":"10"},"publishingPrinciples":"https:\/\/defensanews.com\/terminos-y-condiciones\/"},{"@type":"Person","@id":"https:\/\/defensanews.com\/#\/schema\/person\/d371c69fc541b938db26187937f0c11a","name":"Defensa News","image":{"@type":"ImageObject","inLanguage":"en-US","@id":"https:\/\/defensanews.com\/#\/schema\/person\/image\/","url":"https:\/\/defensanews.com\/wp-content\/uploads\/2025\/05\/cropped-Untitled-9-150x150.jpg","contentUrl":"https:\/\/defensanews.com\/wp-content\/uploads\/2025\/05\/cropped-Untitled-9-150x150.jpg","caption":"Defensa News"},"sameAs":["https:\/\/defensanews.com"],"url":"https:\/\/defensanews.com\/en\/author\/defensanews\/"}]}},"_links":{"self":[{"href":"https:\/\/defensanews.com\/en\/wp-json\/wp\/v2\/posts\/2028","targetHints":{"allow":["GET"]}}],"collection":[{"href":"https:\/\/defensanews.com\/en\/wp-json\/wp\/v2\/posts"}],"about":[{"href":"https:\/\/defensanews.com\/en\/wp-json\/wp\/v2\/types\/post"}],"author":[{"embeddable":true,"href":"https:\/\/defensanews.com\/en\/wp-json\/wp\/v2\/users\/1"}],"replies":[{"embeddable":true,"href":"https:\/\/defensanews.com\/en\/wp-json\/wp\/v2\/comments?post=2028"}],"version-history":[{"count":3,"href":"https:\/\/defensanews.com\/en\/wp-json\/wp\/v2\/posts\/2028\/revisions"}],"predecessor-version":[{"id":2032,"href":"https:\/\/defensanews.com\/en\/wp-json\/wp\/v2\/posts\/2028\/revisions\/2032"}],"wp:featuredmedia":[{"embeddable":true,"href":"https:\/\/defensanews.com\/en\/wp-json\/wp\/v2\/media\/2029"}],"wp:attachment":[{"href":"https:\/\/defensanews.com\/en\/wp-json\/wp\/v2\/media?parent=2028"}],"wp:term":[{"taxonomy":"category","embeddable":true,"href":"https:\/\/defensanews.com\/en\/wp-json\/wp\/v2\/categories?post=2028"},{"taxonomy":"post_tag","embeddable":true,"href":"https:\/\/defensanews.com\/en\/wp-json\/wp\/v2\/tags?post=2028"}],"curies":[{"name":"wp","href":"https:\/\/api.w.org\/{rel}","templated":true}]}}