{"id":2033,"date":"2025-05-14T12:17:34","date_gmt":"2025-05-14T10:17:34","guid":{"rendered":"https:\/\/defensanews.com\/?p=2033"},"modified":"2025-07-17T11:40:30","modified_gmt":"2025-07-17T09:40:30","slug":"ejercito-colombiano-destruye-maquinaria-usada-en-mineria-ilegal-en-el-valle-del-cauca","status":"publish","type":"post","link":"https:\/\/defensanews.com\/en\/colombian-army-destroys-machinery-used-in-illegal-mining-in-the-cauca-valley\/","title":{"rendered":"Colombian army destroys machinery used in illegal mining in Valle del Cauca"},"content":{"rendered":"<p>As a result of a joint operation between several State forces, troops of the Colombian National Army were able to destroy yellow machinery used in illegal mining activities in the rural area of the municipality of Buenaventura, department of Valle del Cauca. This intervention is part of Plan Ayacucho Plus and represents a significant blow to both the environment and the financial structures of the residual armed group Jaime Mart\u00ednez, linked to illegal mining in the region.<\/p>\n\n\n\n<h2 class=\"wp-block-heading\" id=\"h-operacion-conjunta-permitio-incautar-equipos-avaluados-en-mas-de-mil-millones-de-pesos\">Joint operation led to seizure of equipment valued at more than one billion pesos<\/h2>\n\n\n\n<p>The military action was the result of six months of intelligence work carried out by the Army's Third Brigade, in coordination with the National Navy, the Colombian Aerospace Force and the National Police. During the operation, the authorities located three excavating machines, a diver-type dredge, an engine and two industrial power plants, with an estimated value of more than 1.1 billion Colombian pesos.<\/p>\n\n\n\n<p>This equipment was used for the illegal extraction of gold in the villages of Zaragoza and Los C\u00f3rdoba, with a monthly production estimated at 1,500 grams of the precious metal, which generated illicit income of approximately 534 million pesos. The destruction of this infrastructure represents a strong economic blow to the finances of the residual Jaime Mart\u00ednez group, affecting its operational capacity in the region.<\/p>\n\n\n\n<h2 class=\"wp-block-heading\" id=\"h-dano-ambiental-podria-tardar-decadas-en-ser-revertido\">Environmental damage could take decades to reverse<\/h2>\n\n\n\n<p>The operation also aimed to mitigate the environmental damage caused by these illegal mining activities. According to the official report, more than 1,600 cubic meters of soil were removed and about 2,100 native trees were deforested in an area of 3.5 hectares. In addition, the Dagua River was seriously affected by the use of highly toxic substances such as mercury and cyanide, used without any type of control or containment measures.<\/p>\n\n\n\n<p>Environmental experts indicate that the recovery of the affected ecosystem could take more than 20 years, given the magnitude of the ecological impact. This situation has raised the alarm among environmental authorities and underscores the urgency of strengthening controls over mining production units (MPUs) that operate outside the law.<\/p>\n\n\n\n<h2 class=\"wp-block-heading\" id=\"h-compromiso-institucional-con-la-proteccion-de-los-recursos-naturales\">Institutional commitment to the protection of natural resources<\/h2>\n\n\n\n<p>The Colombian National Army reaffirmed, through an official communiqu\u00e9, its commitment to the defense of the environment and territorial sustainability. The military forces will continue to deploy operations in strategic areas to combat illegal mining, protect biodiversity and safeguard water resources, considered essential assets for the nation's development.<\/p>\n\n\n\n<p>These actions are part of a comprehensive security policy that not only seeks to neutralize the illegal economies of armed groups, but also to guarantee the preservation of the country's natural heritage.<\/p>\n\n\n\n<p><\/p>","protected":false},"excerpt":{"rendered":"<p>Como resultado de una operaci\u00f3n conjunta entre varias fuerzas del Estado, tropas del Ej\u00e9rcito Nacional de Colombia lograron destruir maquinaria amarilla empleada en actividades de explotaci\u00f3n il\u00edcita de yacimientos mineros en la zona rural del municipio de Buenaventura, departamento del Valle del Cauca. Esta intervenci\u00f3n forma parte del Plan Ayacucho Plus y representa un golpe [&hellip;]<\/p>","protected":false},"author":1,"featured_media":2034,"comment_status":"open","ping_status":"open","sticky":false,"template":"","format":"standard","meta":{"_acf_changed":false,"footnotes":""},"categories":[2],"tags":[124,183,184,185],"class_list":["post-2033","post","type-post","status-publish","format-standard","has-post-thumbnail","hentry","category-america-latina","tag-colombia","tag-ejercito-de-colombia","tag-mineria-ilegal","tag-valle-del-cauca"],"acf":[],"yoast_head":"<!-- This site is optimized with the Yoast SEO Premium plugin v25.0 (Yoast SEO v25.0) - https:\/\/yoast.com\/wordpress\/plugins\/seo\/ -->\n<title>Ej\u00e9rcito colombiano destruye maquinaria usada en miner\u00eda ilegal en el Valle del Cauca<\/title>\n<meta name=\"robots\" content=\"index, follow, max-snippet:-1, max-image-preview:large, max-video-preview:-1\" \/>\n<link rel=\"canonical\" href=\"https:\/\/defensanews.com\/en\/colombian-army-destroys-machinery-used-in-illegal-mining-in-the-cauca-valley\/\" \/>\n<meta property=\"og:locale\" content=\"en_US\" \/>\n<meta property=\"og:type\" content=\"article\" \/>\n<meta property=\"og:title\" content=\"Ej\u00e9rcito colombiano destruye maquinaria usada en miner\u00eda ilegal en el Valle del Cauca\" \/>\n<meta property=\"og:description\" content=\"Como resultado de una operaci\u00f3n conjunta entre varias fuerzas del Estado, tropas del Ej\u00e9rcito Nacional de Colombia lograron destruir maquinaria amarilla empleada en actividades de explotaci\u00f3n il\u00edcita de yacimientos mineros en la zona rural del municipio de Buenaventura, departamento del Valle del Cauca. Esta intervenci\u00f3n forma parte del Plan Ayacucho Plus y representa un golpe [&hellip;]\" \/>\n<meta property=\"og:url\" content=\"https:\/\/defensanews.com\/en\/colombian-army-destroys-machinery-used-in-illegal-mining-in-the-cauca-valley\/\" \/>\n<meta property=\"og:site_name\" content=\"NOTICIAS DEFENSA, GEOPOL\u00cdTICA Y SEGURIDAD\" \/>\n<meta property=\"article:publisher\" content=\"https:\/\/www.facebook.com\/defensanewscom\/\" \/>\n<meta property=\"article:published_time\" content=\"2025-05-14T10:17:34+00:00\" \/>\n<meta property=\"article:modified_time\" content=\"2025-07-17T09:40:30+00:00\" \/>\n<meta property=\"og:image\" content=\"https:\/\/defensanews.com\/wp-content\/uploads\/2025\/05\/colombia.jpeg\" \/>\n\t<meta property=\"og:image:width\" content=\"900\" \/>\n\t<meta property=\"og:image:height\" content=\"872\" \/>\n\t<meta property=\"og:image:type\" content=\"image\/jpeg\" \/>\n<meta name=\"author\" content=\"Defensa News\" \/>\n<meta name=\"twitter:card\" content=\"summary_large_image\" \/>\n<meta name=\"twitter:label1\" content=\"Written by\" \/>\n\t<meta name=\"twitter:data1\" content=\"Defensa News\" \/>\n\t<meta name=\"twitter:label2\" content=\"Est. reading time\" \/>\n\t<meta name=\"twitter:data2\" content=\"3 minutes\" \/>\n<script type=\"application\/ld+json\" class=\"yoast-schema-graph\">{\"@context\":\"https:\/\/schema.org\",\"@graph\":[{\"@type\":\"NewsArticle\",\"@id\":\"https:\/\/defensanews.com\/ejercito-colombiano-destruye-maquinaria-usada-en-mineria-ilegal-en-el-valle-del-cauca\/#article\",\"isPartOf\":{\"@id\":\"https:\/\/defensanews.com\/ejercito-colombiano-destruye-maquinaria-usada-en-mineria-ilegal-en-el-valle-del-cauca\/\"},\"author\":{\"name\":\"Defensa News\",\"@id\":\"https:\/\/defensanews.com\/#\/schema\/person\/d371c69fc541b938db26187937f0c11a\"},\"headline\":\"Ej\u00e9rcito colombiano destruye maquinaria usada en miner\u00eda ilegal en el Valle del Cauca\",\"datePublished\":\"2025-05-14T10:17:34+00:00\",\"dateModified\":\"2025-07-17T09:40:30+00:00\",\"mainEntityOfPage\":{\"@id\":\"https:\/\/defensanews.com\/ejercito-colombiano-destruye-maquinaria-usada-en-mineria-ilegal-en-el-valle-del-cauca\/\"},\"wordCount\":526,\"commentCount\":0,\"publisher\":{\"@id\":\"https:\/\/defensanews.com\/#organization\"},\"image\":{\"@id\":\"https:\/\/defensanews.com\/ejercito-colombiano-destruye-maquinaria-usada-en-mineria-ilegal-en-el-valle-del-cauca\/#primaryimage\"},\"thumbnailUrl\":\"https:\/\/defensanews.com\/wp-content\/uploads\/2025\/05\/colombia.jpeg\",\"keywords\":[\"Colombia\",\"Ej\u00e9rcito de Colombia\",\"Miner\u00eda ilegal\",\"Valle del Cauca\"],\"articleSection\":[\"Am\u00e9rica Latina\"],\"inLanguage\":\"en-US\",\"potentialAction\":[{\"@type\":\"CommentAction\",\"name\":\"Comment\",\"target\":[\"https:\/\/defensanews.com\/ejercito-colombiano-destruye-maquinaria-usada-en-mineria-ilegal-en-el-valle-del-cauca\/#respond\"]}],\"copyrightYear\":\"2025\",\"copyrightHolder\":{\"@id\":\"https:\/\/defensanews.com\/en\/#organization\"}},{\"@type\":[\"WebPage\",\"ItemPage\"],\"@id\":\"https:\/\/defensanews.com\/ejercito-colombiano-destruye-maquinaria-usada-en-mineria-ilegal-en-el-valle-del-cauca\/\",\"url\":\"https:\/\/defensanews.com\/ejercito-colombiano-destruye-maquinaria-usada-en-mineria-ilegal-en-el-valle-del-cauca\/\",\"name\":\"Ej\u00e9rcito colombiano destruye maquinaria usada en miner\u00eda ilegal en el Valle del Cauca\",\"isPartOf\":{\"@id\":\"https:\/\/defensanews.com\/#website\"},\"primaryImageOfPage\":{\"@id\":\"https:\/\/defensanews.com\/ejercito-colombiano-destruye-maquinaria-usada-en-mineria-ilegal-en-el-valle-del-cauca\/#primaryimage\"},\"image\":{\"@id\":\"https:\/\/defensanews.com\/ejercito-colombiano-destruye-maquinaria-usada-en-mineria-ilegal-en-el-valle-del-cauca\/#primaryimage\"},\"thumbnailUrl\":\"https:\/\/defensanews.com\/wp-content\/uploads\/2025\/05\/colombia.jpeg\",\"datePublished\":\"2025-05-14T10:17:34+00:00\",\"dateModified\":\"2025-07-17T09:40:30+00:00\",\"breadcrumb\":{\"@id\":\"https:\/\/defensanews.com\/ejercito-colombiano-destruye-maquinaria-usada-en-mineria-ilegal-en-el-valle-del-cauca\/#breadcrumb\"},\"inLanguage\":\"en-US\",\"potentialAction\":[{\"@type\":\"ReadAction\",\"target\":[\"https:\/\/defensanews.com\/ejercito-colombiano-destruye-maquinaria-usada-en-mineria-ilegal-en-el-valle-del-cauca\/\"]}]},{\"@type\":\"ImageObject\",\"inLanguage\":\"en-US\",\"@id\":\"https:\/\/defensanews.com\/ejercito-colombiano-destruye-maquinaria-usada-en-mineria-ilegal-en-el-valle-del-cauca\/#primaryimage\",\"url\":\"https:\/\/defensanews.com\/wp-content\/uploads\/2025\/05\/colombia.jpeg\",\"contentUrl\":\"https:\/\/defensanews.com\/wp-content\/uploads\/2025\/05\/colombia.jpeg\",\"width\":900,\"height\":872,\"caption\":\"Ej\u00e9rcito colombiano destruye maquinaria usada en miner\u00eda ilegal en el Valle del Cauca - DEFENSANEWS.COM - Noticias defensa y seguridad\"},{\"@type\":\"BreadcrumbList\",\"@id\":\"https:\/\/defensanews.com\/ejercito-colombiano-destruye-maquinaria-usada-en-mineria-ilegal-en-el-valle-del-cauca\/#breadcrumb\",\"itemListElement\":[{\"@type\":\"ListItem\",\"position\":1,\"name\":\"Portada\",\"item\":\"https:\/\/defensanews.com\/\"},{\"@type\":\"ListItem\",\"position\":2,\"name\":\"Ej\u00e9rcito colombiano destruye maquinaria usada en miner\u00eda ilegal en el Valle del Cauca\"}]},{\"@type\":\"WebSite\",\"@id\":\"https:\/\/defensanews.com\/#website\",\"url\":\"https:\/\/defensanews.com\/\",\"name\":\"NOTICIAS DEFENSA Y SEGURIDAD\",\"description\":\"DEFENSA NEWS\",\"publisher\":{\"@id\":\"https:\/\/defensanews.com\/#organization\"},\"alternateName\":\"DEFENSANEWS.COM\",\"potentialAction\":[{\"@type\":\"SearchAction\",\"target\":{\"@type\":\"EntryPoint\",\"urlTemplate\":\"https:\/\/defensanews.com\/?s={search_term_string}\"},\"query-input\":{\"@type\":\"PropertyValueSpecification\",\"valueRequired\":true,\"valueName\":\"search_term_string\"}}],\"inLanguage\":\"en-US\"},{\"@type\":\"Organization\",\"@id\":\"https:\/\/defensanews.com\/#organization\",\"name\":\"Leonardo Network S.r.l.\",\"alternateName\":\"Leonardo Network S.r.l.\",\"url\":\"https:\/\/defensanews.com\/\",\"logo\":{\"@type\":\"ImageObject\",\"inLanguage\":\"en-US\",\"@id\":\"https:\/\/defensanews.com\/#\/schema\/logo\/image\/\",\"url\":\"https:\/\/defensanews.com\/wp-content\/uploads\/2025\/05\/DN-1200.jpg\",\"contentUrl\":\"https:\/\/defensanews.com\/wp-content\/uploads\/2025\/05\/DN-1200.jpg\",\"width\":1200,\"height\":675,\"caption\":\"Leonardo Network S.r.l.\"},\"image\":{\"@id\":\"https:\/\/defensanews.com\/#\/schema\/logo\/image\/\"},\"sameAs\":[\"https:\/\/www.facebook.com\/defensanewscom\/\",\"https:\/\/www.instagram.com\/defensanews\/\"],\"description\":\"DEFENSANEWS.COM, la plataforma digital independiente dedicada a las noticias sobre defensa y seguridad de Espa\u00f1a, Am\u00e9rica Latina y Estados Unidos.\",\"email\":\"info@defensanews.com\",\"telephone\":\"05661966359\",\"legalName\":\"Leonardo Network S.r.l.\",\"foundingDate\":\"2024-05-11\",\"vatID\":\"IT01749180533\",\"numberOfEmployees\":{\"@type\":\"QuantitativeValue\",\"minValue\":\"1\",\"maxValue\":\"10\"},\"publishingPrinciples\":\"https:\/\/defensanews.com\/terminos-y-condiciones\/\"},{\"@type\":\"Person\",\"@id\":\"https:\/\/defensanews.com\/#\/schema\/person\/d371c69fc541b938db26187937f0c11a\",\"name\":\"Defensa News\",\"image\":{\"@type\":\"ImageObject\",\"inLanguage\":\"en-US\",\"@id\":\"https:\/\/defensanews.com\/#\/schema\/person\/image\/\",\"url\":\"https:\/\/defensanews.com\/wp-content\/uploads\/2025\/05\/cropped-Untitled-9-150x150.jpg\",\"contentUrl\":\"https:\/\/defensanews.com\/wp-content\/uploads\/2025\/05\/cropped-Untitled-9-150x150.jpg\",\"caption\":\"Defensa News\"},\"sameAs\":[\"https:\/\/defensanews.com\"],\"url\":\"https:\/\/defensanews.com\/en\/author\/defensanews\/\"}]}<\/script>\n<!-- \/ Yoast SEO Premium plugin. -->","yoast_head_json":{"title":"Ej\u00e9rcito colombiano destruye maquinaria usada en miner\u00eda ilegal en el Valle del Cauca","robots":{"index":"index","follow":"follow","max-snippet":"max-snippet:-1","max-image-preview":"max-image-preview:large","max-video-preview":"max-video-preview:-1"},"canonical":"https:\/\/defensanews.com\/en\/colombian-army-destroys-machinery-used-in-illegal-mining-in-the-cauca-valley\/","og_locale":"en_US","og_type":"article","og_title":"Ej\u00e9rcito colombiano destruye maquinaria usada en miner\u00eda ilegal en el Valle del Cauca","og_description":"Como resultado de una operaci\u00f3n conjunta entre varias fuerzas del Estado, tropas del Ej\u00e9rcito Nacional de Colombia lograron destruir maquinaria amarilla empleada en actividades de explotaci\u00f3n il\u00edcita de yacimientos mineros en la zona rural del municipio de Buenaventura, departamento del Valle del Cauca. Esta intervenci\u00f3n forma parte del Plan Ayacucho Plus y representa un golpe [&hellip;]","og_url":"https:\/\/defensanews.com\/en\/colombian-army-destroys-machinery-used-in-illegal-mining-in-the-cauca-valley\/","og_site_name":"NOTICIAS DEFENSA, GEOPOL\u00cdTICA Y SEGURIDAD","article_publisher":"https:\/\/www.facebook.com\/defensanewscom\/","article_published_time":"2025-05-14T10:17:34+00:00","article_modified_time":"2025-07-17T09:40:30+00:00","og_image":[{"width":900,"height":872,"url":"https:\/\/defensanews.com\/wp-content\/uploads\/2025\/05\/colombia.jpeg","type":"image\/jpeg"}],"author":"Defensa News","twitter_card":"summary_large_image","twitter_misc":{"Written by":"Defensa News","Est. reading time":"3 minutes"},"schema":{"@context":"https:\/\/schema.org","@graph":[{"@type":"NewsArticle","@id":"https:\/\/defensanews.com\/ejercito-colombiano-destruye-maquinaria-usada-en-mineria-ilegal-en-el-valle-del-cauca\/#article","isPartOf":{"@id":"https:\/\/defensanews.com\/ejercito-colombiano-destruye-maquinaria-usada-en-mineria-ilegal-en-el-valle-del-cauca\/"},"author":{"name":"Defensa News","@id":"https:\/\/defensanews.com\/#\/schema\/person\/d371c69fc541b938db26187937f0c11a"},"headline":"Ej\u00e9rcito colombiano destruye maquinaria usada en miner\u00eda ilegal en el Valle del Cauca","datePublished":"2025-05-14T10:17:34+00:00","dateModified":"2025-07-17T09:40:30+00:00","mainEntityOfPage":{"@id":"https:\/\/defensanews.com\/ejercito-colombiano-destruye-maquinaria-usada-en-mineria-ilegal-en-el-valle-del-cauca\/"},"wordCount":526,"commentCount":0,"publisher":{"@id":"https:\/\/defensanews.com\/#organization"},"image":{"@id":"https:\/\/defensanews.com\/ejercito-colombiano-destruye-maquinaria-usada-en-mineria-ilegal-en-el-valle-del-cauca\/#primaryimage"},"thumbnailUrl":"https:\/\/defensanews.com\/wp-content\/uploads\/2025\/05\/colombia.jpeg","keywords":["Colombia","Ej\u00e9rcito de Colombia","Miner\u00eda ilegal","Valle del Cauca"],"articleSection":["Am\u00e9rica Latina"],"inLanguage":"en-US","potentialAction":[{"@type":"CommentAction","name":"Comment","target":["https:\/\/defensanews.com\/ejercito-colombiano-destruye-maquinaria-usada-en-mineria-ilegal-en-el-valle-del-cauca\/#respond"]}],"copyrightYear":"2025","copyrightHolder":{"@id":"https:\/\/defensanews.com\/en\/#organization"}},{"@type":["WebPage","ItemPage"],"@id":"https:\/\/defensanews.com\/ejercito-colombiano-destruye-maquinaria-usada-en-mineria-ilegal-en-el-valle-del-cauca\/","url":"https:\/\/defensanews.com\/ejercito-colombiano-destruye-maquinaria-usada-en-mineria-ilegal-en-el-valle-del-cauca\/","name":"Ej\u00e9rcito colombiano destruye maquinaria usada en miner\u00eda ilegal en el Valle del Cauca","isPartOf":{"@id":"https:\/\/defensanews.com\/#website"},"primaryImageOfPage":{"@id":"https:\/\/defensanews.com\/ejercito-colombiano-destruye-maquinaria-usada-en-mineria-ilegal-en-el-valle-del-cauca\/#primaryimage"},"image":{"@id":"https:\/\/defensanews.com\/ejercito-colombiano-destruye-maquinaria-usada-en-mineria-ilegal-en-el-valle-del-cauca\/#primaryimage"},"thumbnailUrl":"https:\/\/defensanews.com\/wp-content\/uploads\/2025\/05\/colombia.jpeg","datePublished":"2025-05-14T10:17:34+00:00","dateModified":"2025-07-17T09:40:30+00:00","breadcrumb":{"@id":"https:\/\/defensanews.com\/ejercito-colombiano-destruye-maquinaria-usada-en-mineria-ilegal-en-el-valle-del-cauca\/#breadcrumb"},"inLanguage":"en-US","potentialAction":[{"@type":"ReadAction","target":["https:\/\/defensanews.com\/ejercito-colombiano-destruye-maquinaria-usada-en-mineria-ilegal-en-el-valle-del-cauca\/"]}]},{"@type":"ImageObject","inLanguage":"en-US","@id":"https:\/\/defensanews.com\/ejercito-colombiano-destruye-maquinaria-usada-en-mineria-ilegal-en-el-valle-del-cauca\/#primaryimage","url":"https:\/\/defensanews.com\/wp-content\/uploads\/2025\/05\/colombia.jpeg","contentUrl":"https:\/\/defensanews.com\/wp-content\/uploads\/2025\/05\/colombia.jpeg","width":900,"height":872,"caption":"Ej\u00e9rcito colombiano destruye maquinaria usada en miner\u00eda ilegal en el Valle del Cauca - DEFENSANEWS.COM - Noticias defensa y seguridad"},{"@type":"BreadcrumbList","@id":"https:\/\/defensanews.com\/ejercito-colombiano-destruye-maquinaria-usada-en-mineria-ilegal-en-el-valle-del-cauca\/#breadcrumb","itemListElement":[{"@type":"ListItem","position":1,"name":"Portada","item":"https:\/\/defensanews.com\/"},{"@type":"ListItem","position":2,"name":"Ej\u00e9rcito colombiano destruye maquinaria usada en miner\u00eda ilegal en el Valle del Cauca"}]},{"@type":"WebSite","@id":"https:\/\/defensanews.com\/#website","url":"https:\/\/defensanews.com\/","name":"NOTICIAS DEFENSA Y SEGURIDAD","description":"DEFENSA NEWS","publisher":{"@id":"https:\/\/defensanews.com\/#organization"},"alternateName":"DEFENSANEWS.COM","potentialAction":[{"@type":"SearchAction","target":{"@type":"EntryPoint","urlTemplate":"https:\/\/defensanews.com\/?s={search_term_string}"},"query-input":{"@type":"PropertyValueSpecification","valueRequired":true,"valueName":"search_term_string"}}],"inLanguage":"en-US"},{"@type":"Organization","@id":"https:\/\/defensanews.com\/#organization","name":"Leonardo Network S.r.l.","alternateName":"Leonardo Network S.r.l.","url":"https:\/\/defensanews.com\/","logo":{"@type":"ImageObject","inLanguage":"en-US","@id":"https:\/\/defensanews.com\/#\/schema\/logo\/image\/","url":"https:\/\/defensanews.com\/wp-content\/uploads\/2025\/05\/DN-1200.jpg","contentUrl":"https:\/\/defensanews.com\/wp-content\/uploads\/2025\/05\/DN-1200.jpg","width":1200,"height":675,"caption":"Leonardo Network S.r.l."},"image":{"@id":"https:\/\/defensanews.com\/#\/schema\/logo\/image\/"},"sameAs":["https:\/\/www.facebook.com\/defensanewscom\/","https:\/\/www.instagram.com\/defensanews\/"],"description":"DEFENSANEWS.COM, la plataforma digital independiente dedicada a las noticias sobre defensa y seguridad de Espa\u00f1a, Am\u00e9rica Latina y Estados Unidos.","email":"info@defensanews.com","telephone":"05661966359","legalName":"Leonardo Network S.r.l.","foundingDate":"2024-05-11","vatID":"IT01749180533","numberOfEmployees":{"@type":"QuantitativeValue","minValue":"1","maxValue":"10"},"publishingPrinciples":"https:\/\/defensanews.com\/terminos-y-condiciones\/"},{"@type":"Person","@id":"https:\/\/defensanews.com\/#\/schema\/person\/d371c69fc541b938db26187937f0c11a","name":"Defensa News","image":{"@type":"ImageObject","inLanguage":"en-US","@id":"https:\/\/defensanews.com\/#\/schema\/person\/image\/","url":"https:\/\/defensanews.com\/wp-content\/uploads\/2025\/05\/cropped-Untitled-9-150x150.jpg","contentUrl":"https:\/\/defensanews.com\/wp-content\/uploads\/2025\/05\/cropped-Untitled-9-150x150.jpg","caption":"Defensa News"},"sameAs":["https:\/\/defensanews.com"],"url":"https:\/\/defensanews.com\/en\/author\/defensanews\/"}]}},"_links":{"self":[{"href":"https:\/\/defensanews.com\/en\/wp-json\/wp\/v2\/posts\/2033","targetHints":{"allow":["GET"]}}],"collection":[{"href":"https:\/\/defensanews.com\/en\/wp-json\/wp\/v2\/posts"}],"about":[{"href":"https:\/\/defensanews.com\/en\/wp-json\/wp\/v2\/types\/post"}],"author":[{"embeddable":true,"href":"https:\/\/defensanews.com\/en\/wp-json\/wp\/v2\/users\/1"}],"replies":[{"embeddable":true,"href":"https:\/\/defensanews.com\/en\/wp-json\/wp\/v2\/comments?post=2033"}],"version-history":[{"count":2,"href":"https:\/\/defensanews.com\/en\/wp-json\/wp\/v2\/posts\/2033\/revisions"}],"predecessor-version":[{"id":2036,"href":"https:\/\/defensanews.com\/en\/wp-json\/wp\/v2\/posts\/2033\/revisions\/2036"}],"wp:featuredmedia":[{"embeddable":true,"href":"https:\/\/defensanews.com\/en\/wp-json\/wp\/v2\/media\/2034"}],"wp:attachment":[{"href":"https:\/\/defensanews.com\/en\/wp-json\/wp\/v2\/media?parent=2033"}],"wp:term":[{"taxonomy":"category","embeddable":true,"href":"https:\/\/defensanews.com\/en\/wp-json\/wp\/v2\/categories?post=2033"},{"taxonomy":"post_tag","embeddable":true,"href":"https:\/\/defensanews.com\/en\/wp-json\/wp\/v2\/tags?post=2033"}],"curies":[{"name":"wp","href":"https:\/\/api.w.org\/{rel}","templated":true}]}}