{"id":2054,"date":"2025-05-15T09:15:31","date_gmt":"2025-05-15T07:15:31","guid":{"rendered":"https:\/\/defensanews.com\/?p=2054"},"modified":"2025-05-15T09:16:30","modified_gmt":"2025-05-15T07:16:30","slug":"peru-mantiene-su-liderazgo-en-defensa-con-la-ratificacion-del-general-walter-astudillo","status":"publish","type":"post","link":"https:\/\/defensanews.com\/en\/peru-maintains-defense-leadership-with-ratification-of-general-walter-astudillo\/","title":{"rendered":"Peru maintains its leadership in Defense with the ratification of General Walter Astudillo"},"content":{"rendered":"<p>Major General of the Peruvian Army (r) Walter Enrique Astudillo Ch\u00e1vez was ratified as Minister of Defense in an official ceremony presided by President Dina Boluarte at the Government Palace, within the framework of the restructuring of the Ministerial Cabinet led by the new Prime Minister Eduardo Melchor Arana Ysa.<\/p>\n\n\n\n<h2 class=\"wp-block-heading\" id=\"h-continuidad-institucional-en-el-sector-defensa\">Institutional continuity in the defense sector<\/h2>\n\n\n\n<p>The continuity of General Astudillo Ch\u00e1vez at the head of the Ministry of Defense reaffirms the Government's commitment to maintain stability in matters of national security and defense. This renewal consolidates his leadership and commitment in leading the Peruvian Armed Forces, following his initial appointment through Supreme Resolution N\u00b0 021-2024-PCM.<\/p>\n\n\n\n<h2 class=\"wp-block-heading\" id=\"h-compromiso-con-la-seguridad-y-el-orden-constitucional\">Commitment to security and constitutional order<\/h2>\n\n\n\n<p>With this ratification, Minister Astudillo Ch\u00e1vez will continue to promote policies aimed at strengthening social peace, respect for the rule of law and active cooperation with the country's military institutions. His administration is focused on safeguarding national sovereignty and consolidating a modern and efficient defense.<\/p>\n\n\n\n<h2 class=\"wp-block-heading\" id=\"h-trayectoria-destacada-en-el-ejercito-del-peru\">Outstanding career in the Peruvian Army<\/h2>\n\n\n\n<p>With extensive military experience, General Astudillo has held key positions within the Armed Forces. He has served as director of the Center for Advanced National Studies (CAEN-EPG), as well as director of Education and Doctrine of the Ministry of Defense. He has also been commander of COEDE, military advisor to the United Nations and director of the Chorrillos Military School, among other high responsibility positions.<\/p>","protected":false},"excerpt":{"rendered":"<p>El General de Divisi\u00f3n del Ej\u00e9rcito del Per\u00fa (r) Walter Enrique Astudillo Ch\u00e1vez fue ratificado como ministro de Defensa en una ceremonia oficial presidida por la mandataria Dina Boluarte en Palacio de Gobierno, en el marco de la reestructuraci\u00f3n del Gabinete Ministerial liderado por el nuevo primer ministro Eduardo Melchor Arana Ysa. Continuidad institucional en [&hellip;]<\/p>","protected":false},"author":1,"featured_media":2055,"comment_status":"open","ping_status":"open","sticky":false,"template":"","format":"standard","meta":{"_acf_changed":false,"footnotes":""},"categories":[2],"tags":[194,174,195],"class_list":["post-2054","post","type-post","status-publish","format-standard","has-post-thumbnail","hentry","category-america-latina","tag-ministerio-de-defensa","tag-peru","tag-walter-astudillo-chavez"],"acf":[],"yoast_head":"<!-- This site is optimized with the Yoast SEO Premium plugin v25.0 (Yoast SEO v25.0) - https:\/\/yoast.com\/wordpress\/plugins\/seo\/ -->\n<title>Per\u00fa mantiene su liderazgo en Defensa con la ratificaci\u00f3n del General Walter Astudillo<\/title>\n<meta name=\"robots\" content=\"index, follow, max-snippet:-1, max-image-preview:large, max-video-preview:-1\" \/>\n<link rel=\"canonical\" href=\"https:\/\/defensanews.com\/en\/peru-maintains-defense-leadership-with-ratification-of-general-walter-astudillo\/\" \/>\n<meta property=\"og:locale\" content=\"en_US\" \/>\n<meta property=\"og:type\" content=\"article\" \/>\n<meta property=\"og:title\" content=\"Per\u00fa mantiene su liderazgo en Defensa con la ratificaci\u00f3n del General Walter Astudillo\" \/>\n<meta property=\"og:description\" content=\"El General de Divisi\u00f3n del Ej\u00e9rcito del Per\u00fa (r) Walter Enrique Astudillo Ch\u00e1vez fue ratificado como ministro de Defensa en una ceremonia oficial presidida por la mandataria Dina Boluarte en Palacio de Gobierno, en el marco de la reestructuraci\u00f3n del Gabinete Ministerial liderado por el nuevo primer ministro Eduardo Melchor Arana Ysa. Continuidad institucional en [&hellip;]\" \/>\n<meta property=\"og:url\" content=\"https:\/\/defensanews.com\/en\/peru-maintains-defense-leadership-with-ratification-of-general-walter-astudillo\/\" \/>\n<meta property=\"og:site_name\" content=\"NOTICIAS DEFENSA, GEOPOL\u00cdTICA Y SEGURIDAD\" \/>\n<meta property=\"article:publisher\" content=\"https:\/\/www.facebook.com\/defensanewscom\/\" \/>\n<meta property=\"article:published_time\" content=\"2025-05-15T07:15:31+00:00\" \/>\n<meta property=\"article:modified_time\" content=\"2025-05-15T07:16:30+00:00\" \/>\n<meta property=\"og:image\" content=\"https:\/\/defensanews.com\/wp-content\/uploads\/2025\/05\/peru-1.jpg\" \/>\n\t<meta property=\"og:image:width\" content=\"1908\" \/>\n\t<meta property=\"og:image:height\" content=\"1073\" \/>\n\t<meta property=\"og:image:type\" content=\"image\/jpeg\" \/>\n<meta name=\"author\" content=\"Defensa News\" \/>\n<meta name=\"twitter:card\" content=\"summary_large_image\" \/>\n<meta name=\"twitter:label1\" content=\"Written by\" \/>\n\t<meta name=\"twitter:data1\" content=\"Defensa News\" \/>\n\t<meta name=\"twitter:label2\" content=\"Est. reading time\" \/>\n\t<meta name=\"twitter:data2\" content=\"2 minutes\" \/>\n<script type=\"application\/ld+json\" class=\"yoast-schema-graph\">{\"@context\":\"https:\/\/schema.org\",\"@graph\":[{\"@type\":\"NewsArticle\",\"@id\":\"https:\/\/defensanews.com\/peru-mantiene-su-liderazgo-en-defensa-con-la-ratificacion-del-general-walter-astudillo\/#article\",\"isPartOf\":{\"@id\":\"https:\/\/defensanews.com\/peru-mantiene-su-liderazgo-en-defensa-con-la-ratificacion-del-general-walter-astudillo\/\"},\"author\":{\"name\":\"Defensa News\",\"@id\":\"https:\/\/defensanews.com\/#\/schema\/person\/d371c69fc541b938db26187937f0c11a\"},\"headline\":\"Per\u00fa mantiene su liderazgo en Defensa con la ratificaci\u00f3n del General Walter Astudillo\",\"datePublished\":\"2025-05-15T07:15:31+00:00\",\"dateModified\":\"2025-05-15T07:16:30+00:00\",\"mainEntityOfPage\":{\"@id\":\"https:\/\/defensanews.com\/peru-mantiene-su-liderazgo-en-defensa-con-la-ratificacion-del-general-walter-astudillo\/\"},\"wordCount\":279,\"commentCount\":0,\"publisher\":{\"@id\":\"https:\/\/defensanews.com\/#organization\"},\"image\":{\"@id\":\"https:\/\/defensanews.com\/peru-mantiene-su-liderazgo-en-defensa-con-la-ratificacion-del-general-walter-astudillo\/#primaryimage\"},\"thumbnailUrl\":\"https:\/\/defensanews.com\/wp-content\/uploads\/2025\/05\/peru-1.jpg\",\"keywords\":[\"Ministerio de Defensa\",\"Per\u00fa\",\"Walter Astudillo Ch\u00e1vez\"],\"articleSection\":[\"Am\u00e9rica Latina\"],\"inLanguage\":\"en-US\",\"potentialAction\":[{\"@type\":\"CommentAction\",\"name\":\"Comment\",\"target\":[\"https:\/\/defensanews.com\/peru-mantiene-su-liderazgo-en-defensa-con-la-ratificacion-del-general-walter-astudillo\/#respond\"]}],\"copyrightYear\":\"2025\",\"copyrightHolder\":{\"@id\":\"https:\/\/defensanews.com\/en\/#organization\"}},{\"@type\":[\"WebPage\",\"ItemPage\"],\"@id\":\"https:\/\/defensanews.com\/peru-mantiene-su-liderazgo-en-defensa-con-la-ratificacion-del-general-walter-astudillo\/\",\"url\":\"https:\/\/defensanews.com\/peru-mantiene-su-liderazgo-en-defensa-con-la-ratificacion-del-general-walter-astudillo\/\",\"name\":\"Per\u00fa mantiene su liderazgo en Defensa con la ratificaci\u00f3n del General Walter Astudillo\",\"isPartOf\":{\"@id\":\"https:\/\/defensanews.com\/#website\"},\"primaryImageOfPage\":{\"@id\":\"https:\/\/defensanews.com\/peru-mantiene-su-liderazgo-en-defensa-con-la-ratificacion-del-general-walter-astudillo\/#primaryimage\"},\"image\":{\"@id\":\"https:\/\/defensanews.com\/peru-mantiene-su-liderazgo-en-defensa-con-la-ratificacion-del-general-walter-astudillo\/#primaryimage\"},\"thumbnailUrl\":\"https:\/\/defensanews.com\/wp-content\/uploads\/2025\/05\/peru-1.jpg\",\"datePublished\":\"2025-05-15T07:15:31+00:00\",\"dateModified\":\"2025-05-15T07:16:30+00:00\",\"breadcrumb\":{\"@id\":\"https:\/\/defensanews.com\/peru-mantiene-su-liderazgo-en-defensa-con-la-ratificacion-del-general-walter-astudillo\/#breadcrumb\"},\"inLanguage\":\"en-US\",\"potentialAction\":[{\"@type\":\"ReadAction\",\"target\":[\"https:\/\/defensanews.com\/peru-mantiene-su-liderazgo-en-defensa-con-la-ratificacion-del-general-walter-astudillo\/\"]}]},{\"@type\":\"ImageObject\",\"inLanguage\":\"en-US\",\"@id\":\"https:\/\/defensanews.com\/peru-mantiene-su-liderazgo-en-defensa-con-la-ratificacion-del-general-walter-astudillo\/#primaryimage\",\"url\":\"https:\/\/defensanews.com\/wp-content\/uploads\/2025\/05\/peru-1.jpg\",\"contentUrl\":\"https:\/\/defensanews.com\/wp-content\/uploads\/2025\/05\/peru-1.jpg\",\"width\":1908,\"height\":1073,\"caption\":\"Per\u00fa mantiene su liderazgo en Defensa con la ratificaci\u00f3n del General Walter Astudillo - DEFENSANEWS.COM - Noticias defensa y seguridad\"},{\"@type\":\"BreadcrumbList\",\"@id\":\"https:\/\/defensanews.com\/peru-mantiene-su-liderazgo-en-defensa-con-la-ratificacion-del-general-walter-astudillo\/#breadcrumb\",\"itemListElement\":[{\"@type\":\"ListItem\",\"position\":1,\"name\":\"Portada\",\"item\":\"https:\/\/defensanews.com\/\"},{\"@type\":\"ListItem\",\"position\":2,\"name\":\"Per\u00fa mantiene su liderazgo en Defensa con la ratificaci\u00f3n del General Walter Astudillo\"}]},{\"@type\":\"WebSite\",\"@id\":\"https:\/\/defensanews.com\/#website\",\"url\":\"https:\/\/defensanews.com\/\",\"name\":\"NOTICIAS DEFENSA Y SEGURIDAD\",\"description\":\"DEFENSA NEWS\",\"publisher\":{\"@id\":\"https:\/\/defensanews.com\/#organization\"},\"alternateName\":\"DEFENSANEWS.COM\",\"potentialAction\":[{\"@type\":\"SearchAction\",\"target\":{\"@type\":\"EntryPoint\",\"urlTemplate\":\"https:\/\/defensanews.com\/?s={search_term_string}\"},\"query-input\":{\"@type\":\"PropertyValueSpecification\",\"valueRequired\":true,\"valueName\":\"search_term_string\"}}],\"inLanguage\":\"en-US\"},{\"@type\":\"Organization\",\"@id\":\"https:\/\/defensanews.com\/#organization\",\"name\":\"Leonardo Network S.r.l.\",\"alternateName\":\"Leonardo Network S.r.l.\",\"url\":\"https:\/\/defensanews.com\/\",\"logo\":{\"@type\":\"ImageObject\",\"inLanguage\":\"en-US\",\"@id\":\"https:\/\/defensanews.com\/#\/schema\/logo\/image\/\",\"url\":\"https:\/\/defensanews.com\/wp-content\/uploads\/2025\/05\/DN-1200.jpg\",\"contentUrl\":\"https:\/\/defensanews.com\/wp-content\/uploads\/2025\/05\/DN-1200.jpg\",\"width\":1200,\"height\":675,\"caption\":\"Leonardo Network S.r.l.\"},\"image\":{\"@id\":\"https:\/\/defensanews.com\/#\/schema\/logo\/image\/\"},\"sameAs\":[\"https:\/\/www.facebook.com\/defensanewscom\/\",\"https:\/\/www.instagram.com\/defensanews\/\"],\"description\":\"DEFENSANEWS.COM, la plataforma digital independiente dedicada a las noticias sobre defensa y seguridad de Espa\u00f1a, Am\u00e9rica Latina y Estados Unidos.\",\"email\":\"info@defensanews.com\",\"telephone\":\"05661966359\",\"legalName\":\"Leonardo Network S.r.l.\",\"foundingDate\":\"2024-05-11\",\"vatID\":\"IT01749180533\",\"numberOfEmployees\":{\"@type\":\"QuantitativeValue\",\"minValue\":\"1\",\"maxValue\":\"10\"},\"publishingPrinciples\":\"https:\/\/defensanews.com\/terminos-y-condiciones\/\"},{\"@type\":\"Person\",\"@id\":\"https:\/\/defensanews.com\/#\/schema\/person\/d371c69fc541b938db26187937f0c11a\",\"name\":\"Defensa News\",\"image\":{\"@type\":\"ImageObject\",\"inLanguage\":\"en-US\",\"@id\":\"https:\/\/defensanews.com\/#\/schema\/person\/image\/\",\"url\":\"https:\/\/defensanews.com\/wp-content\/uploads\/2025\/05\/cropped-Untitled-9-150x150.jpg\",\"contentUrl\":\"https:\/\/defensanews.com\/wp-content\/uploads\/2025\/05\/cropped-Untitled-9-150x150.jpg\",\"caption\":\"Defensa News\"},\"sameAs\":[\"https:\/\/defensanews.com\"],\"url\":\"https:\/\/defensanews.com\/en\/author\/defensanews\/\"}]}<\/script>\n<!-- \/ Yoast SEO Premium plugin. -->","yoast_head_json":{"title":"Per\u00fa mantiene su liderazgo en Defensa con la ratificaci\u00f3n del General Walter Astudillo","robots":{"index":"index","follow":"follow","max-snippet":"max-snippet:-1","max-image-preview":"max-image-preview:large","max-video-preview":"max-video-preview:-1"},"canonical":"https:\/\/defensanews.com\/en\/peru-maintains-defense-leadership-with-ratification-of-general-walter-astudillo\/","og_locale":"en_US","og_type":"article","og_title":"Per\u00fa mantiene su liderazgo en Defensa con la ratificaci\u00f3n del General Walter Astudillo","og_description":"El General de Divisi\u00f3n del Ej\u00e9rcito del Per\u00fa (r) Walter Enrique Astudillo Ch\u00e1vez fue ratificado como ministro de Defensa en una ceremonia oficial presidida por la mandataria Dina Boluarte en Palacio de Gobierno, en el marco de la reestructuraci\u00f3n del Gabinete Ministerial liderado por el nuevo primer ministro Eduardo Melchor Arana Ysa. Continuidad institucional en [&hellip;]","og_url":"https:\/\/defensanews.com\/en\/peru-maintains-defense-leadership-with-ratification-of-general-walter-astudillo\/","og_site_name":"NOTICIAS DEFENSA, GEOPOL\u00cdTICA Y SEGURIDAD","article_publisher":"https:\/\/www.facebook.com\/defensanewscom\/","article_published_time":"2025-05-15T07:15:31+00:00","article_modified_time":"2025-05-15T07:16:30+00:00","og_image":[{"width":1908,"height":1073,"url":"https:\/\/defensanews.com\/wp-content\/uploads\/2025\/05\/peru-1.jpg","type":"image\/jpeg"}],"author":"Defensa News","twitter_card":"summary_large_image","twitter_misc":{"Written by":"Defensa News","Est. reading time":"2 minutes"},"schema":{"@context":"https:\/\/schema.org","@graph":[{"@type":"NewsArticle","@id":"https:\/\/defensanews.com\/peru-mantiene-su-liderazgo-en-defensa-con-la-ratificacion-del-general-walter-astudillo\/#article","isPartOf":{"@id":"https:\/\/defensanews.com\/peru-mantiene-su-liderazgo-en-defensa-con-la-ratificacion-del-general-walter-astudillo\/"},"author":{"name":"Defensa News","@id":"https:\/\/defensanews.com\/#\/schema\/person\/d371c69fc541b938db26187937f0c11a"},"headline":"Per\u00fa mantiene su liderazgo en Defensa con la ratificaci\u00f3n del General Walter Astudillo","datePublished":"2025-05-15T07:15:31+00:00","dateModified":"2025-05-15T07:16:30+00:00","mainEntityOfPage":{"@id":"https:\/\/defensanews.com\/peru-mantiene-su-liderazgo-en-defensa-con-la-ratificacion-del-general-walter-astudillo\/"},"wordCount":279,"commentCount":0,"publisher":{"@id":"https:\/\/defensanews.com\/#organization"},"image":{"@id":"https:\/\/defensanews.com\/peru-mantiene-su-liderazgo-en-defensa-con-la-ratificacion-del-general-walter-astudillo\/#primaryimage"},"thumbnailUrl":"https:\/\/defensanews.com\/wp-content\/uploads\/2025\/05\/peru-1.jpg","keywords":["Ministerio de Defensa","Per\u00fa","Walter Astudillo Ch\u00e1vez"],"articleSection":["Am\u00e9rica Latina"],"inLanguage":"en-US","potentialAction":[{"@type":"CommentAction","name":"Comment","target":["https:\/\/defensanews.com\/peru-mantiene-su-liderazgo-en-defensa-con-la-ratificacion-del-general-walter-astudillo\/#respond"]}],"copyrightYear":"2025","copyrightHolder":{"@id":"https:\/\/defensanews.com\/en\/#organization"}},{"@type":["WebPage","ItemPage"],"@id":"https:\/\/defensanews.com\/peru-mantiene-su-liderazgo-en-defensa-con-la-ratificacion-del-general-walter-astudillo\/","url":"https:\/\/defensanews.com\/peru-mantiene-su-liderazgo-en-defensa-con-la-ratificacion-del-general-walter-astudillo\/","name":"Per\u00fa mantiene su liderazgo en Defensa con la ratificaci\u00f3n del General Walter Astudillo","isPartOf":{"@id":"https:\/\/defensanews.com\/#website"},"primaryImageOfPage":{"@id":"https:\/\/defensanews.com\/peru-mantiene-su-liderazgo-en-defensa-con-la-ratificacion-del-general-walter-astudillo\/#primaryimage"},"image":{"@id":"https:\/\/defensanews.com\/peru-mantiene-su-liderazgo-en-defensa-con-la-ratificacion-del-general-walter-astudillo\/#primaryimage"},"thumbnailUrl":"https:\/\/defensanews.com\/wp-content\/uploads\/2025\/05\/peru-1.jpg","datePublished":"2025-05-15T07:15:31+00:00","dateModified":"2025-05-15T07:16:30+00:00","breadcrumb":{"@id":"https:\/\/defensanews.com\/peru-mantiene-su-liderazgo-en-defensa-con-la-ratificacion-del-general-walter-astudillo\/#breadcrumb"},"inLanguage":"en-US","potentialAction":[{"@type":"ReadAction","target":["https:\/\/defensanews.com\/peru-mantiene-su-liderazgo-en-defensa-con-la-ratificacion-del-general-walter-astudillo\/"]}]},{"@type":"ImageObject","inLanguage":"en-US","@id":"https:\/\/defensanews.com\/peru-mantiene-su-liderazgo-en-defensa-con-la-ratificacion-del-general-walter-astudillo\/#primaryimage","url":"https:\/\/defensanews.com\/wp-content\/uploads\/2025\/05\/peru-1.jpg","contentUrl":"https:\/\/defensanews.com\/wp-content\/uploads\/2025\/05\/peru-1.jpg","width":1908,"height":1073,"caption":"Per\u00fa mantiene su liderazgo en Defensa con la ratificaci\u00f3n del General Walter Astudillo - DEFENSANEWS.COM - Noticias defensa y seguridad"},{"@type":"BreadcrumbList","@id":"https:\/\/defensanews.com\/peru-mantiene-su-liderazgo-en-defensa-con-la-ratificacion-del-general-walter-astudillo\/#breadcrumb","itemListElement":[{"@type":"ListItem","position":1,"name":"Portada","item":"https:\/\/defensanews.com\/"},{"@type":"ListItem","position":2,"name":"Per\u00fa mantiene su liderazgo en Defensa con la ratificaci\u00f3n del General Walter Astudillo"}]},{"@type":"WebSite","@id":"https:\/\/defensanews.com\/#website","url":"https:\/\/defensanews.com\/","name":"NOTICIAS DEFENSA Y SEGURIDAD","description":"DEFENSA NEWS","publisher":{"@id":"https:\/\/defensanews.com\/#organization"},"alternateName":"DEFENSANEWS.COM","potentialAction":[{"@type":"SearchAction","target":{"@type":"EntryPoint","urlTemplate":"https:\/\/defensanews.com\/?s={search_term_string}"},"query-input":{"@type":"PropertyValueSpecification","valueRequired":true,"valueName":"search_term_string"}}],"inLanguage":"en-US"},{"@type":"Organization","@id":"https:\/\/defensanews.com\/#organization","name":"Leonardo Network S.r.l.","alternateName":"Leonardo Network S.r.l.","url":"https:\/\/defensanews.com\/","logo":{"@type":"ImageObject","inLanguage":"en-US","@id":"https:\/\/defensanews.com\/#\/schema\/logo\/image\/","url":"https:\/\/defensanews.com\/wp-content\/uploads\/2025\/05\/DN-1200.jpg","contentUrl":"https:\/\/defensanews.com\/wp-content\/uploads\/2025\/05\/DN-1200.jpg","width":1200,"height":675,"caption":"Leonardo Network S.r.l."},"image":{"@id":"https:\/\/defensanews.com\/#\/schema\/logo\/image\/"},"sameAs":["https:\/\/www.facebook.com\/defensanewscom\/","https:\/\/www.instagram.com\/defensanews\/"],"description":"DEFENSANEWS.COM, la plataforma digital independiente dedicada a las noticias sobre defensa y seguridad de Espa\u00f1a, Am\u00e9rica Latina y Estados Unidos.","email":"info@defensanews.com","telephone":"05661966359","legalName":"Leonardo Network S.r.l.","foundingDate":"2024-05-11","vatID":"IT01749180533","numberOfEmployees":{"@type":"QuantitativeValue","minValue":"1","maxValue":"10"},"publishingPrinciples":"https:\/\/defensanews.com\/terminos-y-condiciones\/"},{"@type":"Person","@id":"https:\/\/defensanews.com\/#\/schema\/person\/d371c69fc541b938db26187937f0c11a","name":"Defensa News","image":{"@type":"ImageObject","inLanguage":"en-US","@id":"https:\/\/defensanews.com\/#\/schema\/person\/image\/","url":"https:\/\/defensanews.com\/wp-content\/uploads\/2025\/05\/cropped-Untitled-9-150x150.jpg","contentUrl":"https:\/\/defensanews.com\/wp-content\/uploads\/2025\/05\/cropped-Untitled-9-150x150.jpg","caption":"Defensa News"},"sameAs":["https:\/\/defensanews.com"],"url":"https:\/\/defensanews.com\/en\/author\/defensanews\/"}]}},"_links":{"self":[{"href":"https:\/\/defensanews.com\/en\/wp-json\/wp\/v2\/posts\/2054","targetHints":{"allow":["GET"]}}],"collection":[{"href":"https:\/\/defensanews.com\/en\/wp-json\/wp\/v2\/posts"}],"about":[{"href":"https:\/\/defensanews.com\/en\/wp-json\/wp\/v2\/types\/post"}],"author":[{"embeddable":true,"href":"https:\/\/defensanews.com\/en\/wp-json\/wp\/v2\/users\/1"}],"replies":[{"embeddable":true,"href":"https:\/\/defensanews.com\/en\/wp-json\/wp\/v2\/comments?post=2054"}],"version-history":[{"count":2,"href":"https:\/\/defensanews.com\/en\/wp-json\/wp\/v2\/posts\/2054\/revisions"}],"predecessor-version":[{"id":2057,"href":"https:\/\/defensanews.com\/en\/wp-json\/wp\/v2\/posts\/2054\/revisions\/2057"}],"wp:featuredmedia":[{"embeddable":true,"href":"https:\/\/defensanews.com\/en\/wp-json\/wp\/v2\/media\/2055"}],"wp:attachment":[{"href":"https:\/\/defensanews.com\/en\/wp-json\/wp\/v2\/media?parent=2054"}],"wp:term":[{"taxonomy":"category","embeddable":true,"href":"https:\/\/defensanews.com\/en\/wp-json\/wp\/v2\/categories?post=2054"},{"taxonomy":"post_tag","embeddable":true,"href":"https:\/\/defensanews.com\/en\/wp-json\/wp\/v2\/tags?post=2054"}],"curies":[{"name":"wp","href":"https:\/\/api.w.org\/{rel}","templated":true}]}}