{"id":2058,"date":"2025-05-15T09:28:38","date_gmt":"2025-05-15T07:28:38","guid":{"rendered":"https:\/\/defensanews.com\/?p=2058"},"modified":"2025-05-15T09:29:12","modified_gmt":"2025-05-15T07:29:12","slug":"colombia-refuerza-enfoque-integral-en-seguridad-nacional-segun-el-ministro-pedro-sanchez-suarez","status":"publish","type":"post","link":"https:\/\/defensanews.com\/en\/colombia-strengthens-comprehensive-approach-to-national-security-says-minister-pedro-sanchez-suarez\/","title":{"rendered":"Colombia reinforces comprehensive approach to national security according to Minister Pedro S\u00e1nchez Su\u00e1rez"},"content":{"rendered":"<p>During his participation in the Security and Defense Forum of the Universidad Militar Nueva Granada, the Colombian Minister of Defense, Pedro S\u00e1nchez Su\u00e1rez, presented a detailed analysis of the current security challenges and the need for an articulated strategy between the Armed Forces and State institutions.<\/p>\n\n\n\n<h2 class=\"wp-block-heading\" id=\"h-una-amenaza-que-evoluciona-tecnologicamente\">A threat that evolves technologically<\/h2>\n\n\n\n<p>The minister stressed that organized crime in Colombia has adopted new ways of operating, using technologies such as drones and cyberspace to attack, recruit and expand, especially affecting minors in vulnerable regions. In this regard, he warned that Colombia is one of the few countries where military deaths have been recorded due to drone attacks, which makes it necessary to strengthen the defensive and technological capabilities of the State.<\/p>\n\n\n\n<h2 class=\"wp-block-heading\" id=\"h-seguridad-con-enfoque-multidimensional\">Security with a multidimensional approach<\/h2>\n\n\n\n<p>S\u00e1nchez Su\u00e1rez explained that the security strategy must be composed of a 30% of military and police actions, and a 70% of unified State action. He highlighted programs such as the pacts for Catatumbo and Cauca, which seek to bring comprehensive institutional presence to the territories historically hardest hit by violence and state neglect.<\/p>\n\n\n\n<h2 class=\"wp-block-heading\" id=\"h-llamado-a-una-nueva-vision-de-eficacia\">Call for a new vision of efficiency<\/h2>\n\n\n\n<p>The defense minister warned that seizing more drugs or capturing more criminals does not necessarily mean structural success. \"That indicates further social degradation,\" he argued. In this framework, he insisted that solutions must transcend the punitive approach and address the root causes of violence.<\/p>\n\n\n\n<h2 class=\"wp-block-heading\" id=\"h-cooperacion-internacional-y-mensaje-a-las-nuevas-generaciones\">International cooperation and message to new generations<\/h2>\n\n\n\n<p>The minister called for the strengthening of international cooperation as a pillar in the fight against transnational crime, and addressed an inspiring message to future officers and public servants: \"Security has no political color. Its higher purpose is to protect what Colombia has built for more than two centuries\".<br><\/p>\n\n\n\n<p>He ended his speech with a message of resilience: \"No matter how strong the storm, the sun shines again. Strength is not in how hard one hits, but in how hard we resist the blows and keep moving forward\".<\/p>","protected":false},"excerpt":{"rendered":"<p>Durante su participaci\u00f3n en el Foro de Seguridad y Defensa de la Universidad Militar Nueva Granada, el ministro de Defensa de Colombia, Pedro S\u00e1nchez Su\u00e1rez, present\u00f3 un an\u00e1lisis detallado sobre los retos actuales en materia de seguridad y la necesidad de una estrategia articulada entre las Fuerzas Armadas y las instituciones del Estado. Una amenaza [&hellip;]<\/p>","protected":false},"author":1,"featured_media":2059,"comment_status":"open","ping_status":"open","sticky":false,"template":"","format":"standard","meta":{"_acf_changed":false,"footnotes":""},"categories":[2],"tags":[124,196,197],"class_list":["post-2058","post","type-post","status-publish","format-standard","has-post-thumbnail","hentry","category-america-latina","tag-colombia","tag-pedro-sanchez-suarez","tag-seguridad-nacional"],"acf":[],"yoast_head":"<!-- This site is optimized with the Yoast SEO Premium plugin v25.0 (Yoast SEO v25.0) - https:\/\/yoast.com\/wordpress\/plugins\/seo\/ -->\n<title>Colombia refuerza enfoque integral en seguridad nacional seg\u00fan el ministro Pedro S\u00e1nchez Su\u00e1rez<\/title>\n<meta name=\"robots\" content=\"index, follow, max-snippet:-1, max-image-preview:large, max-video-preview:-1\" \/>\n<link rel=\"canonical\" href=\"https:\/\/defensanews.com\/en\/colombia-strengthens-comprehensive-approach-to-national-security-says-minister-pedro-sanchez-suarez\/\" \/>\n<meta property=\"og:locale\" content=\"en_US\" \/>\n<meta property=\"og:type\" content=\"article\" \/>\n<meta property=\"og:title\" content=\"Colombia refuerza enfoque integral en seguridad nacional seg\u00fan el ministro Pedro S\u00e1nchez Su\u00e1rez\" \/>\n<meta property=\"og:description\" content=\"Durante su participaci\u00f3n en el Foro de Seguridad y Defensa de la Universidad Militar Nueva Granada, el ministro de Defensa de Colombia, Pedro S\u00e1nchez Su\u00e1rez, present\u00f3 un an\u00e1lisis detallado sobre los retos actuales en materia de seguridad y la necesidad de una estrategia articulada entre las Fuerzas Armadas y las instituciones del Estado. Una amenaza [&hellip;]\" \/>\n<meta property=\"og:url\" content=\"https:\/\/defensanews.com\/en\/colombia-strengthens-comprehensive-approach-to-national-security-says-minister-pedro-sanchez-suarez\/\" \/>\n<meta property=\"og:site_name\" content=\"NOTICIAS DEFENSA, GEOPOL\u00cdTICA Y SEGURIDAD\" \/>\n<meta property=\"article:publisher\" content=\"https:\/\/www.facebook.com\/defensanewscom\/\" \/>\n<meta property=\"article:published_time\" content=\"2025-05-15T07:28:38+00:00\" \/>\n<meta property=\"article:modified_time\" content=\"2025-05-15T07:29:12+00:00\" \/>\n<meta property=\"og:image\" content=\"https:\/\/defensanews.com\/wp-content\/uploads\/2025\/05\/colombia-scaled.jpg\" \/>\n\t<meta property=\"og:image:width\" content=\"2560\" \/>\n\t<meta property=\"og:image:height\" content=\"1439\" \/>\n\t<meta property=\"og:image:type\" content=\"image\/jpeg\" \/>\n<meta name=\"author\" content=\"Defensa News\" \/>\n<meta name=\"twitter:card\" content=\"summary_large_image\" \/>\n<meta name=\"twitter:label1\" content=\"Written by\" \/>\n\t<meta name=\"twitter:data1\" content=\"Defensa News\" \/>\n\t<meta name=\"twitter:label2\" content=\"Est. reading time\" \/>\n\t<meta name=\"twitter:data2\" content=\"2 minutes\" \/>\n<script type=\"application\/ld+json\" class=\"yoast-schema-graph\">{\"@context\":\"https:\/\/schema.org\",\"@graph\":[{\"@type\":\"NewsArticle\",\"@id\":\"https:\/\/defensanews.com\/colombia-refuerza-enfoque-integral-en-seguridad-nacional-segun-el-ministro-pedro-sanchez-suarez\/#article\",\"isPartOf\":{\"@id\":\"https:\/\/defensanews.com\/colombia-refuerza-enfoque-integral-en-seguridad-nacional-segun-el-ministro-pedro-sanchez-suarez\/\"},\"author\":{\"name\":\"Defensa News\",\"@id\":\"https:\/\/defensanews.com\/#\/schema\/person\/d371c69fc541b938db26187937f0c11a\"},\"headline\":\"Colombia refuerza enfoque integral en seguridad nacional seg\u00fan el ministro Pedro S\u00e1nchez Su\u00e1rez\",\"datePublished\":\"2025-05-15T07:28:38+00:00\",\"dateModified\":\"2025-05-15T07:29:12+00:00\",\"mainEntityOfPage\":{\"@id\":\"https:\/\/defensanews.com\/colombia-refuerza-enfoque-integral-en-seguridad-nacional-segun-el-ministro-pedro-sanchez-suarez\/\"},\"wordCount\":381,\"commentCount\":0,\"publisher\":{\"@id\":\"https:\/\/defensanews.com\/#organization\"},\"image\":{\"@id\":\"https:\/\/defensanews.com\/colombia-refuerza-enfoque-integral-en-seguridad-nacional-segun-el-ministro-pedro-sanchez-suarez\/#primaryimage\"},\"thumbnailUrl\":\"https:\/\/defensanews.com\/wp-content\/uploads\/2025\/05\/colombia-scaled.jpg\",\"keywords\":[\"Colombia\",\"Pedro S\u00e1nchez Su\u00e1rez\",\"Seguridad Nacional\"],\"articleSection\":[\"Am\u00e9rica Latina\"],\"inLanguage\":\"en-US\",\"potentialAction\":[{\"@type\":\"CommentAction\",\"name\":\"Comment\",\"target\":[\"https:\/\/defensanews.com\/colombia-refuerza-enfoque-integral-en-seguridad-nacional-segun-el-ministro-pedro-sanchez-suarez\/#respond\"]}],\"copyrightYear\":\"2025\",\"copyrightHolder\":{\"@id\":\"https:\/\/defensanews.com\/en\/#organization\"}},{\"@type\":[\"WebPage\",\"ItemPage\"],\"@id\":\"https:\/\/defensanews.com\/colombia-refuerza-enfoque-integral-en-seguridad-nacional-segun-el-ministro-pedro-sanchez-suarez\/\",\"url\":\"https:\/\/defensanews.com\/colombia-refuerza-enfoque-integral-en-seguridad-nacional-segun-el-ministro-pedro-sanchez-suarez\/\",\"name\":\"Colombia refuerza enfoque integral en seguridad nacional seg\u00fan el ministro Pedro S\u00e1nchez Su\u00e1rez\",\"isPartOf\":{\"@id\":\"https:\/\/defensanews.com\/#website\"},\"primaryImageOfPage\":{\"@id\":\"https:\/\/defensanews.com\/colombia-refuerza-enfoque-integral-en-seguridad-nacional-segun-el-ministro-pedro-sanchez-suarez\/#primaryimage\"},\"image\":{\"@id\":\"https:\/\/defensanews.com\/colombia-refuerza-enfoque-integral-en-seguridad-nacional-segun-el-ministro-pedro-sanchez-suarez\/#primaryimage\"},\"thumbnailUrl\":\"https:\/\/defensanews.com\/wp-content\/uploads\/2025\/05\/colombia-scaled.jpg\",\"datePublished\":\"2025-05-15T07:28:38+00:00\",\"dateModified\":\"2025-05-15T07:29:12+00:00\",\"breadcrumb\":{\"@id\":\"https:\/\/defensanews.com\/colombia-refuerza-enfoque-integral-en-seguridad-nacional-segun-el-ministro-pedro-sanchez-suarez\/#breadcrumb\"},\"inLanguage\":\"en-US\",\"potentialAction\":[{\"@type\":\"ReadAction\",\"target\":[\"https:\/\/defensanews.com\/colombia-refuerza-enfoque-integral-en-seguridad-nacional-segun-el-ministro-pedro-sanchez-suarez\/\"]}]},{\"@type\":\"ImageObject\",\"inLanguage\":\"en-US\",\"@id\":\"https:\/\/defensanews.com\/colombia-refuerza-enfoque-integral-en-seguridad-nacional-segun-el-ministro-pedro-sanchez-suarez\/#primaryimage\",\"url\":\"https:\/\/defensanews.com\/wp-content\/uploads\/2025\/05\/colombia-scaled.jpg\",\"contentUrl\":\"https:\/\/defensanews.com\/wp-content\/uploads\/2025\/05\/colombia-scaled.jpg\",\"width\":2560,\"height\":1439,\"caption\":\"Colombia refuerza enfoque integral en seguridad nacional seg\u00fan el ministro Pedro S\u00e1nchez Su\u00e1rez - DEFENSANEWS.COM - Noticias defensa y seguridad\"},{\"@type\":\"BreadcrumbList\",\"@id\":\"https:\/\/defensanews.com\/colombia-refuerza-enfoque-integral-en-seguridad-nacional-segun-el-ministro-pedro-sanchez-suarez\/#breadcrumb\",\"itemListElement\":[{\"@type\":\"ListItem\",\"position\":1,\"name\":\"Portada\",\"item\":\"https:\/\/defensanews.com\/\"},{\"@type\":\"ListItem\",\"position\":2,\"name\":\"Colombia refuerza enfoque integral en seguridad nacional seg\u00fan el ministro Pedro S\u00e1nchez Su\u00e1rez\"}]},{\"@type\":\"WebSite\",\"@id\":\"https:\/\/defensanews.com\/#website\",\"url\":\"https:\/\/defensanews.com\/\",\"name\":\"NOTICIAS DEFENSA Y SEGURIDAD\",\"description\":\"DEFENSA NEWS\",\"publisher\":{\"@id\":\"https:\/\/defensanews.com\/#organization\"},\"alternateName\":\"DEFENSANEWS.COM\",\"potentialAction\":[{\"@type\":\"SearchAction\",\"target\":{\"@type\":\"EntryPoint\",\"urlTemplate\":\"https:\/\/defensanews.com\/?s={search_term_string}\"},\"query-input\":{\"@type\":\"PropertyValueSpecification\",\"valueRequired\":true,\"valueName\":\"search_term_string\"}}],\"inLanguage\":\"en-US\"},{\"@type\":\"Organization\",\"@id\":\"https:\/\/defensanews.com\/#organization\",\"name\":\"Leonardo Network S.r.l.\",\"alternateName\":\"Leonardo Network S.r.l.\",\"url\":\"https:\/\/defensanews.com\/\",\"logo\":{\"@type\":\"ImageObject\",\"inLanguage\":\"en-US\",\"@id\":\"https:\/\/defensanews.com\/#\/schema\/logo\/image\/\",\"url\":\"https:\/\/defensanews.com\/wp-content\/uploads\/2025\/05\/DN-1200.jpg\",\"contentUrl\":\"https:\/\/defensanews.com\/wp-content\/uploads\/2025\/05\/DN-1200.jpg\",\"width\":1200,\"height\":675,\"caption\":\"Leonardo Network S.r.l.\"},\"image\":{\"@id\":\"https:\/\/defensanews.com\/#\/schema\/logo\/image\/\"},\"sameAs\":[\"https:\/\/www.facebook.com\/defensanewscom\/\",\"https:\/\/www.instagram.com\/defensanews\/\"],\"description\":\"DEFENSANEWS.COM, la plataforma digital independiente dedicada a las noticias sobre defensa y seguridad de Espa\u00f1a, Am\u00e9rica Latina y Estados Unidos.\",\"email\":\"info@defensanews.com\",\"telephone\":\"05661966359\",\"legalName\":\"Leonardo Network S.r.l.\",\"foundingDate\":\"2024-05-11\",\"vatID\":\"IT01749180533\",\"numberOfEmployees\":{\"@type\":\"QuantitativeValue\",\"minValue\":\"1\",\"maxValue\":\"10\"},\"publishingPrinciples\":\"https:\/\/defensanews.com\/terminos-y-condiciones\/\"},{\"@type\":\"Person\",\"@id\":\"https:\/\/defensanews.com\/#\/schema\/person\/d371c69fc541b938db26187937f0c11a\",\"name\":\"Defensa News\",\"image\":{\"@type\":\"ImageObject\",\"inLanguage\":\"en-US\",\"@id\":\"https:\/\/defensanews.com\/#\/schema\/person\/image\/\",\"url\":\"https:\/\/defensanews.com\/wp-content\/uploads\/2025\/05\/cropped-Untitled-9-150x150.jpg\",\"contentUrl\":\"https:\/\/defensanews.com\/wp-content\/uploads\/2025\/05\/cropped-Untitled-9-150x150.jpg\",\"caption\":\"Defensa News\"},\"sameAs\":[\"https:\/\/defensanews.com\"],\"url\":\"https:\/\/defensanews.com\/en\/author\/defensanews\/\"}]}<\/script>\n<!-- \/ Yoast SEO Premium plugin. -->","yoast_head_json":{"title":"Colombia refuerza enfoque integral en seguridad nacional seg\u00fan el ministro Pedro S\u00e1nchez Su\u00e1rez","robots":{"index":"index","follow":"follow","max-snippet":"max-snippet:-1","max-image-preview":"max-image-preview:large","max-video-preview":"max-video-preview:-1"},"canonical":"https:\/\/defensanews.com\/en\/colombia-strengthens-comprehensive-approach-to-national-security-says-minister-pedro-sanchez-suarez\/","og_locale":"en_US","og_type":"article","og_title":"Colombia refuerza enfoque integral en seguridad nacional seg\u00fan el ministro Pedro S\u00e1nchez Su\u00e1rez","og_description":"Durante su participaci\u00f3n en el Foro de Seguridad y Defensa de la Universidad Militar Nueva Granada, el ministro de Defensa de Colombia, Pedro S\u00e1nchez Su\u00e1rez, present\u00f3 un an\u00e1lisis detallado sobre los retos actuales en materia de seguridad y la necesidad de una estrategia articulada entre las Fuerzas Armadas y las instituciones del Estado. Una amenaza [&hellip;]","og_url":"https:\/\/defensanews.com\/en\/colombia-strengthens-comprehensive-approach-to-national-security-says-minister-pedro-sanchez-suarez\/","og_site_name":"NOTICIAS DEFENSA, GEOPOL\u00cdTICA Y SEGURIDAD","article_publisher":"https:\/\/www.facebook.com\/defensanewscom\/","article_published_time":"2025-05-15T07:28:38+00:00","article_modified_time":"2025-05-15T07:29:12+00:00","og_image":[{"width":2560,"height":1439,"url":"https:\/\/defensanews.com\/wp-content\/uploads\/2025\/05\/colombia-scaled.jpg","type":"image\/jpeg"}],"author":"Defensa News","twitter_card":"summary_large_image","twitter_misc":{"Written by":"Defensa News","Est. reading time":"2 minutes"},"schema":{"@context":"https:\/\/schema.org","@graph":[{"@type":"NewsArticle","@id":"https:\/\/defensanews.com\/colombia-refuerza-enfoque-integral-en-seguridad-nacional-segun-el-ministro-pedro-sanchez-suarez\/#article","isPartOf":{"@id":"https:\/\/defensanews.com\/colombia-refuerza-enfoque-integral-en-seguridad-nacional-segun-el-ministro-pedro-sanchez-suarez\/"},"author":{"name":"Defensa News","@id":"https:\/\/defensanews.com\/#\/schema\/person\/d371c69fc541b938db26187937f0c11a"},"headline":"Colombia refuerza enfoque integral en seguridad nacional seg\u00fan el ministro Pedro S\u00e1nchez Su\u00e1rez","datePublished":"2025-05-15T07:28:38+00:00","dateModified":"2025-05-15T07:29:12+00:00","mainEntityOfPage":{"@id":"https:\/\/defensanews.com\/colombia-refuerza-enfoque-integral-en-seguridad-nacional-segun-el-ministro-pedro-sanchez-suarez\/"},"wordCount":381,"commentCount":0,"publisher":{"@id":"https:\/\/defensanews.com\/#organization"},"image":{"@id":"https:\/\/defensanews.com\/colombia-refuerza-enfoque-integral-en-seguridad-nacional-segun-el-ministro-pedro-sanchez-suarez\/#primaryimage"},"thumbnailUrl":"https:\/\/defensanews.com\/wp-content\/uploads\/2025\/05\/colombia-scaled.jpg","keywords":["Colombia","Pedro S\u00e1nchez Su\u00e1rez","Seguridad Nacional"],"articleSection":["Am\u00e9rica Latina"],"inLanguage":"en-US","potentialAction":[{"@type":"CommentAction","name":"Comment","target":["https:\/\/defensanews.com\/colombia-refuerza-enfoque-integral-en-seguridad-nacional-segun-el-ministro-pedro-sanchez-suarez\/#respond"]}],"copyrightYear":"2025","copyrightHolder":{"@id":"https:\/\/defensanews.com\/en\/#organization"}},{"@type":["WebPage","ItemPage"],"@id":"https:\/\/defensanews.com\/colombia-refuerza-enfoque-integral-en-seguridad-nacional-segun-el-ministro-pedro-sanchez-suarez\/","url":"https:\/\/defensanews.com\/colombia-refuerza-enfoque-integral-en-seguridad-nacional-segun-el-ministro-pedro-sanchez-suarez\/","name":"Colombia refuerza enfoque integral en seguridad nacional seg\u00fan el ministro Pedro S\u00e1nchez Su\u00e1rez","isPartOf":{"@id":"https:\/\/defensanews.com\/#website"},"primaryImageOfPage":{"@id":"https:\/\/defensanews.com\/colombia-refuerza-enfoque-integral-en-seguridad-nacional-segun-el-ministro-pedro-sanchez-suarez\/#primaryimage"},"image":{"@id":"https:\/\/defensanews.com\/colombia-refuerza-enfoque-integral-en-seguridad-nacional-segun-el-ministro-pedro-sanchez-suarez\/#primaryimage"},"thumbnailUrl":"https:\/\/defensanews.com\/wp-content\/uploads\/2025\/05\/colombia-scaled.jpg","datePublished":"2025-05-15T07:28:38+00:00","dateModified":"2025-05-15T07:29:12+00:00","breadcrumb":{"@id":"https:\/\/defensanews.com\/colombia-refuerza-enfoque-integral-en-seguridad-nacional-segun-el-ministro-pedro-sanchez-suarez\/#breadcrumb"},"inLanguage":"en-US","potentialAction":[{"@type":"ReadAction","target":["https:\/\/defensanews.com\/colombia-refuerza-enfoque-integral-en-seguridad-nacional-segun-el-ministro-pedro-sanchez-suarez\/"]}]},{"@type":"ImageObject","inLanguage":"en-US","@id":"https:\/\/defensanews.com\/colombia-refuerza-enfoque-integral-en-seguridad-nacional-segun-el-ministro-pedro-sanchez-suarez\/#primaryimage","url":"https:\/\/defensanews.com\/wp-content\/uploads\/2025\/05\/colombia-scaled.jpg","contentUrl":"https:\/\/defensanews.com\/wp-content\/uploads\/2025\/05\/colombia-scaled.jpg","width":2560,"height":1439,"caption":"Colombia refuerza enfoque integral en seguridad nacional seg\u00fan el ministro Pedro S\u00e1nchez Su\u00e1rez - DEFENSANEWS.COM - Noticias defensa y seguridad"},{"@type":"BreadcrumbList","@id":"https:\/\/defensanews.com\/colombia-refuerza-enfoque-integral-en-seguridad-nacional-segun-el-ministro-pedro-sanchez-suarez\/#breadcrumb","itemListElement":[{"@type":"ListItem","position":1,"name":"Portada","item":"https:\/\/defensanews.com\/"},{"@type":"ListItem","position":2,"name":"Colombia refuerza enfoque integral en seguridad nacional seg\u00fan el ministro Pedro S\u00e1nchez Su\u00e1rez"}]},{"@type":"WebSite","@id":"https:\/\/defensanews.com\/#website","url":"https:\/\/defensanews.com\/","name":"NOTICIAS DEFENSA Y SEGURIDAD","description":"DEFENSA NEWS","publisher":{"@id":"https:\/\/defensanews.com\/#organization"},"alternateName":"DEFENSANEWS.COM","potentialAction":[{"@type":"SearchAction","target":{"@type":"EntryPoint","urlTemplate":"https:\/\/defensanews.com\/?s={search_term_string}"},"query-input":{"@type":"PropertyValueSpecification","valueRequired":true,"valueName":"search_term_string"}}],"inLanguage":"en-US"},{"@type":"Organization","@id":"https:\/\/defensanews.com\/#organization","name":"Leonardo Network S.r.l.","alternateName":"Leonardo Network S.r.l.","url":"https:\/\/defensanews.com\/","logo":{"@type":"ImageObject","inLanguage":"en-US","@id":"https:\/\/defensanews.com\/#\/schema\/logo\/image\/","url":"https:\/\/defensanews.com\/wp-content\/uploads\/2025\/05\/DN-1200.jpg","contentUrl":"https:\/\/defensanews.com\/wp-content\/uploads\/2025\/05\/DN-1200.jpg","width":1200,"height":675,"caption":"Leonardo Network S.r.l."},"image":{"@id":"https:\/\/defensanews.com\/#\/schema\/logo\/image\/"},"sameAs":["https:\/\/www.facebook.com\/defensanewscom\/","https:\/\/www.instagram.com\/defensanews\/"],"description":"DEFENSANEWS.COM, la plataforma digital independiente dedicada a las noticias sobre defensa y seguridad de Espa\u00f1a, Am\u00e9rica Latina y Estados Unidos.","email":"info@defensanews.com","telephone":"05661966359","legalName":"Leonardo Network S.r.l.","foundingDate":"2024-05-11","vatID":"IT01749180533","numberOfEmployees":{"@type":"QuantitativeValue","minValue":"1","maxValue":"10"},"publishingPrinciples":"https:\/\/defensanews.com\/terminos-y-condiciones\/"},{"@type":"Person","@id":"https:\/\/defensanews.com\/#\/schema\/person\/d371c69fc541b938db26187937f0c11a","name":"Defensa News","image":{"@type":"ImageObject","inLanguage":"en-US","@id":"https:\/\/defensanews.com\/#\/schema\/person\/image\/","url":"https:\/\/defensanews.com\/wp-content\/uploads\/2025\/05\/cropped-Untitled-9-150x150.jpg","contentUrl":"https:\/\/defensanews.com\/wp-content\/uploads\/2025\/05\/cropped-Untitled-9-150x150.jpg","caption":"Defensa News"},"sameAs":["https:\/\/defensanews.com"],"url":"https:\/\/defensanews.com\/en\/author\/defensanews\/"}]}},"_links":{"self":[{"href":"https:\/\/defensanews.com\/en\/wp-json\/wp\/v2\/posts\/2058","targetHints":{"allow":["GET"]}}],"collection":[{"href":"https:\/\/defensanews.com\/en\/wp-json\/wp\/v2\/posts"}],"about":[{"href":"https:\/\/defensanews.com\/en\/wp-json\/wp\/v2\/types\/post"}],"author":[{"embeddable":true,"href":"https:\/\/defensanews.com\/en\/wp-json\/wp\/v2\/users\/1"}],"replies":[{"embeddable":true,"href":"https:\/\/defensanews.com\/en\/wp-json\/wp\/v2\/comments?post=2058"}],"version-history":[{"count":2,"href":"https:\/\/defensanews.com\/en\/wp-json\/wp\/v2\/posts\/2058\/revisions"}],"predecessor-version":[{"id":2061,"href":"https:\/\/defensanews.com\/en\/wp-json\/wp\/v2\/posts\/2058\/revisions\/2061"}],"wp:featuredmedia":[{"embeddable":true,"href":"https:\/\/defensanews.com\/en\/wp-json\/wp\/v2\/media\/2059"}],"wp:attachment":[{"href":"https:\/\/defensanews.com\/en\/wp-json\/wp\/v2\/media?parent=2058"}],"wp:term":[{"taxonomy":"category","embeddable":true,"href":"https:\/\/defensanews.com\/en\/wp-json\/wp\/v2\/categories?post=2058"},{"taxonomy":"post_tag","embeddable":true,"href":"https:\/\/defensanews.com\/en\/wp-json\/wp\/v2\/tags?post=2058"}],"curies":[{"name":"wp","href":"https:\/\/api.w.org\/{rel}","templated":true}]}}