{"id":2121,"date":"2025-05-16T13:04:00","date_gmt":"2025-05-16T11:04:00","guid":{"rendered":"https:\/\/defensanews.com\/?p=2121"},"modified":"2025-05-16T13:05:03","modified_gmt":"2025-05-16T11:05:03","slug":"fuerzas-italianas-y-hungaras-realizan-ejercicio-conjunto-de-combate-urbano-en-hungria","status":"publish","type":"post","link":"https:\/\/defensanews.com\/en\/italian-and-hungarian-forces-conduct-joint-urban-combat-exercise-in-hungary\/","title":{"rendered":"Italian and Hungarian forces conduct joint urban combat exercise in Hungary"},"content":{"rendered":"<p>Military personnel from the \"Aosta\" Brigade and the 4th Reggimento Genio Guastatori participated in an intense CQB simulation to strengthen interoperability within the NATO framework.<\/p>\n\n\n\n<h2 class=\"wp-block-heading\" id=\"h-entrenamiento-bilateral-en-debrecen-consolida-capacidades-tacticas-en-escenarios-urbanos\">Bilateral training in Debrecen consolidates tactical capabilities in urban scenarios<\/h2>\n\n\n\n<p>In the training area of Debrecen, Hungary, a demanding joint Close Quarters Combat (CQB) exercise concluded, bringing together units of the Italian contingent and the 11th Mechanized Brigade of the Hungarian Army, both integrated in the Battle Group NATO - Forward Land Forces.<\/p>\n\n\n\n<p>The exercise involved light infantry platoons from the \"Aosta\" Brigade and specialized personnel from the 4th Reggimento Genio Guastatori of Palermo. The units conducted simulated close combat operations in urban environments, with the aim of perfecting tactical techniques and improving operational coordination between allied forces.<\/p>\n\n\n\n<h2 class=\"wp-block-heading\" id=\"h-simulaciones-realistas-y-cooperacion-tecnico-operativa\">Realistic simulations and technical-operational cooperation<\/h2>\n\n\n\n<p>During the activity, movement, reconnaissance, building encirclement and room clearing maneuvers were executed, as well as simulated ambushes on armored vehicles. The Genio Guastatori played a key role in breaching and removing structural obstacles, critical tasks in high-intensity urban combat.<\/p>\n\n\n\n<p>The exercise also incorporated the use of specialized equipment, including simulation systems (simunition), night vision devices, tactical radios and personal protective equipment. These resources were essential to ensure safety and operational effectiveness in complex scenarios.<\/p>\n\n\n\n<h2 class=\"wp-block-heading\" id=\"h-fortalecimiento-del-compromiso-de-italia-en-la-otan\">Strengthening Italy's commitment to NATO<\/h2>\n\n\n\n<p>This activity has reaffirmed the strategic value of multinational cooperation and joint training, key pillars for increasing collective military capabilities and consolidating Italy's contribution to shared security within NATO.<\/p>","protected":false},"excerpt":{"rendered":"<p>Militares de la Brigada \u201cAosta\u201d y del 4\u00b0 Reggimento Genio Guastatori participaron en una intensa simulaci\u00f3n CQB para fortalecer la interoperabilidad en el marco de la OTAN. Entrenamiento bilateral en Debrecen consolida capacidades t\u00e1cticas en escenarios urbanos En el \u00e1rea de entrenamiento de Debrecen, Hungr\u00eda, concluy\u00f3 una exigente ejercitaci\u00f3n conjunta de combate en espacios cerrados [&hellip;]<\/p>","protected":false},"author":1,"featured_media":2122,"comment_status":"open","ping_status":"open","sticky":false,"template":"","format":"standard","meta":{"_acf_changed":false,"footnotes":""},"categories":[8],"tags":[222,225,71],"class_list":["post-2121","post","type-post","status-publish","format-standard","has-post-thumbnail","hentry","category-internacional","tag-ejercito-italiano","tag-italia","tag-otan"],"acf":[],"yoast_head":"<!-- This site is optimized with the Yoast SEO Premium plugin v25.0 (Yoast SEO v25.0) - https:\/\/yoast.com\/wordpress\/plugins\/seo\/ -->\n<title>Fuerzas italianas y h\u00fangaras realizan ejercicio conjunto de combate urbano en Hungr\u00eda<\/title>\n<meta name=\"robots\" content=\"index, follow, max-snippet:-1, max-image-preview:large, max-video-preview:-1\" \/>\n<link rel=\"canonical\" href=\"https:\/\/defensanews.com\/en\/italian-and-hungarian-forces-conduct-joint-urban-combat-exercise-in-hungary\/\" \/>\n<meta property=\"og:locale\" content=\"en_US\" \/>\n<meta property=\"og:type\" content=\"article\" \/>\n<meta property=\"og:title\" content=\"Fuerzas italianas y h\u00fangaras realizan ejercicio conjunto de combate urbano en Hungr\u00eda\" \/>\n<meta property=\"og:description\" content=\"Militares de la Brigada \u201cAosta\u201d y del 4\u00b0 Reggimento Genio Guastatori participaron en una intensa simulaci\u00f3n CQB para fortalecer la interoperabilidad en el marco de la OTAN. Entrenamiento bilateral en Debrecen consolida capacidades t\u00e1cticas en escenarios urbanos En el \u00e1rea de entrenamiento de Debrecen, Hungr\u00eda, concluy\u00f3 una exigente ejercitaci\u00f3n conjunta de combate en espacios cerrados [&hellip;]\" \/>\n<meta property=\"og:url\" content=\"https:\/\/defensanews.com\/en\/italian-and-hungarian-forces-conduct-joint-urban-combat-exercise-in-hungary\/\" \/>\n<meta property=\"og:site_name\" content=\"NOTICIAS DEFENSA, GEOPOL\u00cdTICA Y SEGURIDAD\" \/>\n<meta property=\"article:publisher\" content=\"https:\/\/www.facebook.com\/defensanewscom\/\" \/>\n<meta property=\"article:published_time\" content=\"2025-05-16T11:04:00+00:00\" \/>\n<meta property=\"article:modified_time\" content=\"2025-05-16T11:05:03+00:00\" \/>\n<meta property=\"og:image\" content=\"https:\/\/defensanews.com\/wp-content\/uploads\/2025\/05\/gustatori.jpg\" \/>\n\t<meta property=\"og:image:width\" content=\"1200\" \/>\n\t<meta property=\"og:image:height\" content=\"800\" \/>\n\t<meta property=\"og:image:type\" content=\"image\/jpeg\" \/>\n<meta name=\"author\" content=\"Defensa News\" \/>\n<meta name=\"twitter:card\" content=\"summary_large_image\" \/>\n<meta name=\"twitter:label1\" content=\"Written by\" \/>\n\t<meta name=\"twitter:data1\" content=\"Defensa News\" \/>\n\t<meta name=\"twitter:label2\" content=\"Est. reading time\" \/>\n\t<meta name=\"twitter:data2\" content=\"2 minutes\" \/>\n<script type=\"application\/ld+json\" class=\"yoast-schema-graph\">{\"@context\":\"https:\/\/schema.org\",\"@graph\":[{\"@type\":\"NewsArticle\",\"@id\":\"https:\/\/defensanews.com\/fuerzas-italianas-y-hungaras-realizan-ejercicio-conjunto-de-combate-urbano-en-hungria\/#article\",\"isPartOf\":{\"@id\":\"https:\/\/defensanews.com\/fuerzas-italianas-y-hungaras-realizan-ejercicio-conjunto-de-combate-urbano-en-hungria\/\"},\"author\":{\"name\":\"Defensa News\",\"@id\":\"https:\/\/defensanews.com\/#\/schema\/person\/d371c69fc541b938db26187937f0c11a\"},\"headline\":\"Fuerzas italianas y h\u00fangaras realizan ejercicio conjunto de combate urbano en Hungr\u00eda\",\"datePublished\":\"2025-05-16T11:04:00+00:00\",\"dateModified\":\"2025-05-16T11:05:03+00:00\",\"mainEntityOfPage\":{\"@id\":\"https:\/\/defensanews.com\/fuerzas-italianas-y-hungaras-realizan-ejercicio-conjunto-de-combate-urbano-en-hungria\/\"},\"wordCount\":321,\"commentCount\":0,\"publisher\":{\"@id\":\"https:\/\/defensanews.com\/#organization\"},\"image\":{\"@id\":\"https:\/\/defensanews.com\/fuerzas-italianas-y-hungaras-realizan-ejercicio-conjunto-de-combate-urbano-en-hungria\/#primaryimage\"},\"thumbnailUrl\":\"https:\/\/defensanews.com\/wp-content\/uploads\/2025\/05\/gustatori.jpg\",\"keywords\":[\"Ej\u00e9rcito Italiano\",\"Italia\",\"OTAN\"],\"articleSection\":[\"Internacional\"],\"inLanguage\":\"en-US\",\"potentialAction\":[{\"@type\":\"CommentAction\",\"name\":\"Comment\",\"target\":[\"https:\/\/defensanews.com\/fuerzas-italianas-y-hungaras-realizan-ejercicio-conjunto-de-combate-urbano-en-hungria\/#respond\"]}],\"copyrightYear\":\"2025\",\"copyrightHolder\":{\"@id\":\"https:\/\/defensanews.com\/en\/#organization\"}},{\"@type\":[\"WebPage\",\"ItemPage\"],\"@id\":\"https:\/\/defensanews.com\/fuerzas-italianas-y-hungaras-realizan-ejercicio-conjunto-de-combate-urbano-en-hungria\/\",\"url\":\"https:\/\/defensanews.com\/fuerzas-italianas-y-hungaras-realizan-ejercicio-conjunto-de-combate-urbano-en-hungria\/\",\"name\":\"Fuerzas italianas y h\u00fangaras realizan ejercicio conjunto de combate urbano en Hungr\u00eda\",\"isPartOf\":{\"@id\":\"https:\/\/defensanews.com\/#website\"},\"primaryImageOfPage\":{\"@id\":\"https:\/\/defensanews.com\/fuerzas-italianas-y-hungaras-realizan-ejercicio-conjunto-de-combate-urbano-en-hungria\/#primaryimage\"},\"image\":{\"@id\":\"https:\/\/defensanews.com\/fuerzas-italianas-y-hungaras-realizan-ejercicio-conjunto-de-combate-urbano-en-hungria\/#primaryimage\"},\"thumbnailUrl\":\"https:\/\/defensanews.com\/wp-content\/uploads\/2025\/05\/gustatori.jpg\",\"datePublished\":\"2025-05-16T11:04:00+00:00\",\"dateModified\":\"2025-05-16T11:05:03+00:00\",\"breadcrumb\":{\"@id\":\"https:\/\/defensanews.com\/fuerzas-italianas-y-hungaras-realizan-ejercicio-conjunto-de-combate-urbano-en-hungria\/#breadcrumb\"},\"inLanguage\":\"en-US\",\"potentialAction\":[{\"@type\":\"ReadAction\",\"target\":[\"https:\/\/defensanews.com\/fuerzas-italianas-y-hungaras-realizan-ejercicio-conjunto-de-combate-urbano-en-hungria\/\"]}]},{\"@type\":\"ImageObject\",\"inLanguage\":\"en-US\",\"@id\":\"https:\/\/defensanews.com\/fuerzas-italianas-y-hungaras-realizan-ejercicio-conjunto-de-combate-urbano-en-hungria\/#primaryimage\",\"url\":\"https:\/\/defensanews.com\/wp-content\/uploads\/2025\/05\/gustatori.jpg\",\"contentUrl\":\"https:\/\/defensanews.com\/wp-content\/uploads\/2025\/05\/gustatori.jpg\",\"width\":1200,\"height\":800,\"caption\":\"Fuerzas italianas y h\u00fangaras realizan ejercicio conjunto de combate urbano en Hungr\u00eda - DEFENSANEWS.COM - Noticias defensa y seguridad\"},{\"@type\":\"BreadcrumbList\",\"@id\":\"https:\/\/defensanews.com\/fuerzas-italianas-y-hungaras-realizan-ejercicio-conjunto-de-combate-urbano-en-hungria\/#breadcrumb\",\"itemListElement\":[{\"@type\":\"ListItem\",\"position\":1,\"name\":\"Portada\",\"item\":\"https:\/\/defensanews.com\/\"},{\"@type\":\"ListItem\",\"position\":2,\"name\":\"Fuerzas italianas y h\u00fangaras realizan ejercicio conjunto de combate urbano en Hungr\u00eda\"}]},{\"@type\":\"WebSite\",\"@id\":\"https:\/\/defensanews.com\/#website\",\"url\":\"https:\/\/defensanews.com\/\",\"name\":\"NOTICIAS DEFENSA Y SEGURIDAD\",\"description\":\"DEFENSA NEWS\",\"publisher\":{\"@id\":\"https:\/\/defensanews.com\/#organization\"},\"alternateName\":\"DEFENSANEWS.COM\",\"potentialAction\":[{\"@type\":\"SearchAction\",\"target\":{\"@type\":\"EntryPoint\",\"urlTemplate\":\"https:\/\/defensanews.com\/?s={search_term_string}\"},\"query-input\":{\"@type\":\"PropertyValueSpecification\",\"valueRequired\":true,\"valueName\":\"search_term_string\"}}],\"inLanguage\":\"en-US\"},{\"@type\":\"Organization\",\"@id\":\"https:\/\/defensanews.com\/#organization\",\"name\":\"Leonardo Network S.r.l.\",\"alternateName\":\"Leonardo Network S.r.l.\",\"url\":\"https:\/\/defensanews.com\/\",\"logo\":{\"@type\":\"ImageObject\",\"inLanguage\":\"en-US\",\"@id\":\"https:\/\/defensanews.com\/#\/schema\/logo\/image\/\",\"url\":\"https:\/\/defensanews.com\/wp-content\/uploads\/2025\/05\/DN-1200.jpg\",\"contentUrl\":\"https:\/\/defensanews.com\/wp-content\/uploads\/2025\/05\/DN-1200.jpg\",\"width\":1200,\"height\":675,\"caption\":\"Leonardo Network S.r.l.\"},\"image\":{\"@id\":\"https:\/\/defensanews.com\/#\/schema\/logo\/image\/\"},\"sameAs\":[\"https:\/\/www.facebook.com\/defensanewscom\/\",\"https:\/\/www.instagram.com\/defensanews\/\"],\"description\":\"DEFENSANEWS.COM, la plataforma digital independiente dedicada a las noticias sobre defensa y seguridad de Espa\u00f1a, Am\u00e9rica Latina y Estados Unidos.\",\"email\":\"info@defensanews.com\",\"telephone\":\"05661966359\",\"legalName\":\"Leonardo Network S.r.l.\",\"foundingDate\":\"2024-05-11\",\"vatID\":\"IT01749180533\",\"numberOfEmployees\":{\"@type\":\"QuantitativeValue\",\"minValue\":\"1\",\"maxValue\":\"10\"},\"publishingPrinciples\":\"https:\/\/defensanews.com\/terminos-y-condiciones\/\"},{\"@type\":\"Person\",\"@id\":\"https:\/\/defensanews.com\/#\/schema\/person\/d371c69fc541b938db26187937f0c11a\",\"name\":\"Defensa News\",\"image\":{\"@type\":\"ImageObject\",\"inLanguage\":\"en-US\",\"@id\":\"https:\/\/defensanews.com\/#\/schema\/person\/image\/\",\"url\":\"https:\/\/defensanews.com\/wp-content\/uploads\/2025\/05\/cropped-Untitled-9-150x150.jpg\",\"contentUrl\":\"https:\/\/defensanews.com\/wp-content\/uploads\/2025\/05\/cropped-Untitled-9-150x150.jpg\",\"caption\":\"Defensa News\"},\"sameAs\":[\"https:\/\/defensanews.com\"],\"url\":\"https:\/\/defensanews.com\/en\/author\/defensanews\/\"}]}<\/script>\n<!-- \/ Yoast SEO Premium plugin. -->","yoast_head_json":{"title":"Fuerzas italianas y h\u00fangaras realizan ejercicio conjunto de combate urbano en Hungr\u00eda","robots":{"index":"index","follow":"follow","max-snippet":"max-snippet:-1","max-image-preview":"max-image-preview:large","max-video-preview":"max-video-preview:-1"},"canonical":"https:\/\/defensanews.com\/en\/italian-and-hungarian-forces-conduct-joint-urban-combat-exercise-in-hungary\/","og_locale":"en_US","og_type":"article","og_title":"Fuerzas italianas y h\u00fangaras realizan ejercicio conjunto de combate urbano en Hungr\u00eda","og_description":"Militares de la Brigada \u201cAosta\u201d y del 4\u00b0 Reggimento Genio Guastatori participaron en una intensa simulaci\u00f3n CQB para fortalecer la interoperabilidad en el marco de la OTAN. Entrenamiento bilateral en Debrecen consolida capacidades t\u00e1cticas en escenarios urbanos En el \u00e1rea de entrenamiento de Debrecen, Hungr\u00eda, concluy\u00f3 una exigente ejercitaci\u00f3n conjunta de combate en espacios cerrados [&hellip;]","og_url":"https:\/\/defensanews.com\/en\/italian-and-hungarian-forces-conduct-joint-urban-combat-exercise-in-hungary\/","og_site_name":"NOTICIAS DEFENSA, GEOPOL\u00cdTICA Y SEGURIDAD","article_publisher":"https:\/\/www.facebook.com\/defensanewscom\/","article_published_time":"2025-05-16T11:04:00+00:00","article_modified_time":"2025-05-16T11:05:03+00:00","og_image":[{"width":1200,"height":800,"url":"https:\/\/defensanews.com\/wp-content\/uploads\/2025\/05\/gustatori.jpg","type":"image\/jpeg"}],"author":"Defensa News","twitter_card":"summary_large_image","twitter_misc":{"Written by":"Defensa News","Est. reading time":"2 minutes"},"schema":{"@context":"https:\/\/schema.org","@graph":[{"@type":"NewsArticle","@id":"https:\/\/defensanews.com\/fuerzas-italianas-y-hungaras-realizan-ejercicio-conjunto-de-combate-urbano-en-hungria\/#article","isPartOf":{"@id":"https:\/\/defensanews.com\/fuerzas-italianas-y-hungaras-realizan-ejercicio-conjunto-de-combate-urbano-en-hungria\/"},"author":{"name":"Defensa News","@id":"https:\/\/defensanews.com\/#\/schema\/person\/d371c69fc541b938db26187937f0c11a"},"headline":"Fuerzas italianas y h\u00fangaras realizan ejercicio conjunto de combate urbano en Hungr\u00eda","datePublished":"2025-05-16T11:04:00+00:00","dateModified":"2025-05-16T11:05:03+00:00","mainEntityOfPage":{"@id":"https:\/\/defensanews.com\/fuerzas-italianas-y-hungaras-realizan-ejercicio-conjunto-de-combate-urbano-en-hungria\/"},"wordCount":321,"commentCount":0,"publisher":{"@id":"https:\/\/defensanews.com\/#organization"},"image":{"@id":"https:\/\/defensanews.com\/fuerzas-italianas-y-hungaras-realizan-ejercicio-conjunto-de-combate-urbano-en-hungria\/#primaryimage"},"thumbnailUrl":"https:\/\/defensanews.com\/wp-content\/uploads\/2025\/05\/gustatori.jpg","keywords":["Ej\u00e9rcito Italiano","Italia","OTAN"],"articleSection":["Internacional"],"inLanguage":"en-US","potentialAction":[{"@type":"CommentAction","name":"Comment","target":["https:\/\/defensanews.com\/fuerzas-italianas-y-hungaras-realizan-ejercicio-conjunto-de-combate-urbano-en-hungria\/#respond"]}],"copyrightYear":"2025","copyrightHolder":{"@id":"https:\/\/defensanews.com\/en\/#organization"}},{"@type":["WebPage","ItemPage"],"@id":"https:\/\/defensanews.com\/fuerzas-italianas-y-hungaras-realizan-ejercicio-conjunto-de-combate-urbano-en-hungria\/","url":"https:\/\/defensanews.com\/fuerzas-italianas-y-hungaras-realizan-ejercicio-conjunto-de-combate-urbano-en-hungria\/","name":"Fuerzas italianas y h\u00fangaras realizan ejercicio conjunto de combate urbano en Hungr\u00eda","isPartOf":{"@id":"https:\/\/defensanews.com\/#website"},"primaryImageOfPage":{"@id":"https:\/\/defensanews.com\/fuerzas-italianas-y-hungaras-realizan-ejercicio-conjunto-de-combate-urbano-en-hungria\/#primaryimage"},"image":{"@id":"https:\/\/defensanews.com\/fuerzas-italianas-y-hungaras-realizan-ejercicio-conjunto-de-combate-urbano-en-hungria\/#primaryimage"},"thumbnailUrl":"https:\/\/defensanews.com\/wp-content\/uploads\/2025\/05\/gustatori.jpg","datePublished":"2025-05-16T11:04:00+00:00","dateModified":"2025-05-16T11:05:03+00:00","breadcrumb":{"@id":"https:\/\/defensanews.com\/fuerzas-italianas-y-hungaras-realizan-ejercicio-conjunto-de-combate-urbano-en-hungria\/#breadcrumb"},"inLanguage":"en-US","potentialAction":[{"@type":"ReadAction","target":["https:\/\/defensanews.com\/fuerzas-italianas-y-hungaras-realizan-ejercicio-conjunto-de-combate-urbano-en-hungria\/"]}]},{"@type":"ImageObject","inLanguage":"en-US","@id":"https:\/\/defensanews.com\/fuerzas-italianas-y-hungaras-realizan-ejercicio-conjunto-de-combate-urbano-en-hungria\/#primaryimage","url":"https:\/\/defensanews.com\/wp-content\/uploads\/2025\/05\/gustatori.jpg","contentUrl":"https:\/\/defensanews.com\/wp-content\/uploads\/2025\/05\/gustatori.jpg","width":1200,"height":800,"caption":"Fuerzas italianas y h\u00fangaras realizan ejercicio conjunto de combate urbano en Hungr\u00eda - DEFENSANEWS.COM - Noticias defensa y seguridad"},{"@type":"BreadcrumbList","@id":"https:\/\/defensanews.com\/fuerzas-italianas-y-hungaras-realizan-ejercicio-conjunto-de-combate-urbano-en-hungria\/#breadcrumb","itemListElement":[{"@type":"ListItem","position":1,"name":"Portada","item":"https:\/\/defensanews.com\/"},{"@type":"ListItem","position":2,"name":"Fuerzas italianas y h\u00fangaras realizan ejercicio conjunto de combate urbano en Hungr\u00eda"}]},{"@type":"WebSite","@id":"https:\/\/defensanews.com\/#website","url":"https:\/\/defensanews.com\/","name":"NOTICIAS DEFENSA Y SEGURIDAD","description":"DEFENSA NEWS","publisher":{"@id":"https:\/\/defensanews.com\/#organization"},"alternateName":"DEFENSANEWS.COM","potentialAction":[{"@type":"SearchAction","target":{"@type":"EntryPoint","urlTemplate":"https:\/\/defensanews.com\/?s={search_term_string}"},"query-input":{"@type":"PropertyValueSpecification","valueRequired":true,"valueName":"search_term_string"}}],"inLanguage":"en-US"},{"@type":"Organization","@id":"https:\/\/defensanews.com\/#organization","name":"Leonardo Network S.r.l.","alternateName":"Leonardo Network S.r.l.","url":"https:\/\/defensanews.com\/","logo":{"@type":"ImageObject","inLanguage":"en-US","@id":"https:\/\/defensanews.com\/#\/schema\/logo\/image\/","url":"https:\/\/defensanews.com\/wp-content\/uploads\/2025\/05\/DN-1200.jpg","contentUrl":"https:\/\/defensanews.com\/wp-content\/uploads\/2025\/05\/DN-1200.jpg","width":1200,"height":675,"caption":"Leonardo Network S.r.l."},"image":{"@id":"https:\/\/defensanews.com\/#\/schema\/logo\/image\/"},"sameAs":["https:\/\/www.facebook.com\/defensanewscom\/","https:\/\/www.instagram.com\/defensanews\/"],"description":"DEFENSANEWS.COM, la plataforma digital independiente dedicada a las noticias sobre defensa y seguridad de Espa\u00f1a, Am\u00e9rica Latina y Estados Unidos.","email":"info@defensanews.com","telephone":"05661966359","legalName":"Leonardo Network S.r.l.","foundingDate":"2024-05-11","vatID":"IT01749180533","numberOfEmployees":{"@type":"QuantitativeValue","minValue":"1","maxValue":"10"},"publishingPrinciples":"https:\/\/defensanews.com\/terminos-y-condiciones\/"},{"@type":"Person","@id":"https:\/\/defensanews.com\/#\/schema\/person\/d371c69fc541b938db26187937f0c11a","name":"Defensa News","image":{"@type":"ImageObject","inLanguage":"en-US","@id":"https:\/\/defensanews.com\/#\/schema\/person\/image\/","url":"https:\/\/defensanews.com\/wp-content\/uploads\/2025\/05\/cropped-Untitled-9-150x150.jpg","contentUrl":"https:\/\/defensanews.com\/wp-content\/uploads\/2025\/05\/cropped-Untitled-9-150x150.jpg","caption":"Defensa News"},"sameAs":["https:\/\/defensanews.com"],"url":"https:\/\/defensanews.com\/en\/author\/defensanews\/"}]}},"_links":{"self":[{"href":"https:\/\/defensanews.com\/en\/wp-json\/wp\/v2\/posts\/2121","targetHints":{"allow":["GET"]}}],"collection":[{"href":"https:\/\/defensanews.com\/en\/wp-json\/wp\/v2\/posts"}],"about":[{"href":"https:\/\/defensanews.com\/en\/wp-json\/wp\/v2\/types\/post"}],"author":[{"embeddable":true,"href":"https:\/\/defensanews.com\/en\/wp-json\/wp\/v2\/users\/1"}],"replies":[{"embeddable":true,"href":"https:\/\/defensanews.com\/en\/wp-json\/wp\/v2\/comments?post=2121"}],"version-history":[{"count":2,"href":"https:\/\/defensanews.com\/en\/wp-json\/wp\/v2\/posts\/2121\/revisions"}],"predecessor-version":[{"id":2124,"href":"https:\/\/defensanews.com\/en\/wp-json\/wp\/v2\/posts\/2121\/revisions\/2124"}],"wp:featuredmedia":[{"embeddable":true,"href":"https:\/\/defensanews.com\/en\/wp-json\/wp\/v2\/media\/2122"}],"wp:attachment":[{"href":"https:\/\/defensanews.com\/en\/wp-json\/wp\/v2\/media?parent=2121"}],"wp:term":[{"taxonomy":"category","embeddable":true,"href":"https:\/\/defensanews.com\/en\/wp-json\/wp\/v2\/categories?post=2121"},{"taxonomy":"post_tag","embeddable":true,"href":"https:\/\/defensanews.com\/en\/wp-json\/wp\/v2\/tags?post=2121"}],"curies":[{"name":"wp","href":"https:\/\/api.w.org\/{rel}","templated":true}]}}