{"id":2125,"date":"2025-05-16T17:22:59","date_gmt":"2025-05-16T15:22:59","guid":{"rendered":"https:\/\/defensanews.com\/?p=2125"},"modified":"2025-05-16T17:24:45","modified_gmt":"2025-05-16T15:24:45","slug":"mandos-militares-de-la-otan-refuerzan-unidad-estrategica-en-bruselas","status":"publish","type":"post","link":"https:\/\/defensanews.com\/en\/nato-military-commanders-reinforce-strategic-unit-in-brussels\/","title":{"rendered":"NATO military commanders strengthen strategic unity in Brussels"},"content":{"rendered":"<p>Allied defense chiefs met at NATO headquarters to coordinate their deterrence posture, reaffirm their support for Ukraine and prepare for the upcoming summit in The Hague.<\/p>\n\n\n\n<h2 class=\"wp-block-heading\" id=\"h-cooperacion-aliada-frente-a-desafios-globales\">Allied cooperation in the face of global challenges<\/h2>\n\n\n\n<p>This May 14, 2025, the 193rd Session of the NATO Military Committee in Chiefs of Defense format was held in Brussels. The meeting was attended by the top military leaders of the 32 allied countries, who addressed key issues such as the Alliance's deterrence and defense posture, continued support for Ukraine and preparations for the NATO summit scheduled to take place in The Hague in June.<\/p>\n\n\n\n<h2 class=\"wp-block-heading\" id=\"h-compromiso-con-la-defensa-colectiva\">Commitment to collective defense<\/h2>\n\n\n\n<p>During the opening of the session, the Chairman of the Military Committee, Admiral Giuseppe Cavo Dragone, underlined that this meeting demonstrates NATO's lasting unity and strength. He stressed that cohesion among allied armed forces is the fundamental pillar of collective defense. In his words, military authorities must continue to provide timely and clear advice to the political leadership, especially in complex times such as the present.<\/p>\n\n\n\n<h2 class=\"wp-block-heading\" id=\"h-evaluacion-estrategica-del-entorno-de-seguridad\">Strategic assessment of the security environment<\/h2>\n\n\n\n<p>The Supreme Allied Commander, Europe (SACEUR) briefed the Chiefs of Defense on the current situation and prospects for NATO operations, missions and activities, with emphasis on strengthening NATO's deterrence posture.<\/p>\n\n\n\n<p>In a subsequent session, Supreme Allied Commander for Transformation (SACT) Admiral Pierre Vandier led a dialogue on NATO's defense planning process, as well as advances in innovation and adoption of new technological systems.<\/p>\n\n\n\n<h2 class=\"wp-block-heading\" id=\"h-ucrania-en-el-centro-de-las-prioridades\">Ukraine at the center of priorities<\/h2>\n\n\n\n<p>At the final session, Ukraine's defense chief, General Oleksandr Syrskyi, connected virtually from Kiev to the NATO-Ukraine Council. The allies reiterated their firm support for the country in the face of Russian aggression and emphasized the importance of continuing to provide the necessary support for its defense.<\/p>\n\n\n\n<h2 class=\"wp-block-heading\" id=\"h-cierre-y-proximos-pasos\">Closing and next steps<\/h2>\n\n\n\n<p>At the end of the day, the Chairman of the Military Committee thanked his counterparts for their participation and expressed his expectation to meet again at the next meeting of this format scheduled for the end of the year.<\/p>","protected":false},"excerpt":{"rendered":"<p>Los Jefes de Defensa de los pa\u00edses aliados se reunieron en la sede de la OTAN para coordinar su postura disuasiva, reafirmar su apoyo a Ucrania y preparar la pr\u00f3xima cumbre de La Haya. Cooperaci\u00f3n aliada frente a desaf\u00edos globales Este 14 de mayo de 2025 se celebr\u00f3 en Bruselas la 193\u00aa Sesi\u00f3n del Comit\u00e9 [&hellip;]<\/p>","protected":false},"author":1,"featured_media":2126,"comment_status":"open","ping_status":"open","sticky":false,"template":"","format":"standard","meta":{"_acf_changed":false,"footnotes":""},"categories":[8],"tags":[226,71,74],"class_list":["post-2125","post","type-post","status-publish","format-standard","has-post-thumbnail","hentry","category-internacional","tag-defensa-colectiva","tag-otan","tag-ucrania"],"acf":[],"yoast_head":"<!-- This site is optimized with the Yoast SEO Premium plugin v25.0 (Yoast SEO v25.0) - https:\/\/yoast.com\/wordpress\/plugins\/seo\/ -->\n<title>Mandos militares de la OTAN refuerzan unidad estrat\u00e9gica en Bruselas<\/title>\n<meta name=\"robots\" content=\"index, follow, max-snippet:-1, max-image-preview:large, max-video-preview:-1\" \/>\n<link rel=\"canonical\" href=\"https:\/\/defensanews.com\/en\/nato-military-commanders-reinforce-strategic-unit-in-brussels\/\" \/>\n<meta property=\"og:locale\" content=\"en_US\" \/>\n<meta property=\"og:type\" content=\"article\" \/>\n<meta property=\"og:title\" content=\"Mandos militares de la OTAN refuerzan unidad estrat\u00e9gica en Bruselas\" \/>\n<meta property=\"og:description\" content=\"Los Jefes de Defensa de los pa\u00edses aliados se reunieron en la sede de la OTAN para coordinar su postura disuasiva, reafirmar su apoyo a Ucrania y preparar la pr\u00f3xima cumbre de La Haya. Cooperaci\u00f3n aliada frente a desaf\u00edos globales Este 14 de mayo de 2025 se celebr\u00f3 en Bruselas la 193\u00aa Sesi\u00f3n del Comit\u00e9 [&hellip;]\" \/>\n<meta property=\"og:url\" content=\"https:\/\/defensanews.com\/en\/nato-military-commanders-reinforce-strategic-unit-in-brussels\/\" \/>\n<meta property=\"og:site_name\" content=\"NOTICIAS DEFENSA, GEOPOL\u00cdTICA Y SEGURIDAD\" \/>\n<meta property=\"article:publisher\" content=\"https:\/\/www.facebook.com\/defensanewscom\/\" \/>\n<meta property=\"article:published_time\" content=\"2025-05-16T15:22:59+00:00\" \/>\n<meta property=\"article:modified_time\" content=\"2025-05-16T15:24:45+00:00\" \/>\n<meta property=\"og:image\" content=\"https:\/\/defensanews.com\/wp-content\/uploads\/2025\/05\/otam.jpg\" \/>\n\t<meta property=\"og:image:width\" content=\"774\" \/>\n\t<meta property=\"og:image:height\" content=\"440\" \/>\n\t<meta property=\"og:image:type\" content=\"image\/jpeg\" \/>\n<meta name=\"author\" content=\"Defensa News\" \/>\n<meta name=\"twitter:card\" content=\"summary_large_image\" \/>\n<meta name=\"twitter:label1\" content=\"Written by\" \/>\n\t<meta name=\"twitter:data1\" content=\"Defensa News\" \/>\n\t<meta name=\"twitter:label2\" content=\"Est. reading time\" \/>\n\t<meta name=\"twitter:data2\" content=\"2 minutes\" \/>\n<script type=\"application\/ld+json\" class=\"yoast-schema-graph\">{\"@context\":\"https:\/\/schema.org\",\"@graph\":[{\"@type\":\"NewsArticle\",\"@id\":\"https:\/\/defensanews.com\/mandos-militares-de-la-otan-refuerzan-unidad-estrategica-en-bruselas\/#article\",\"isPartOf\":{\"@id\":\"https:\/\/defensanews.com\/mandos-militares-de-la-otan-refuerzan-unidad-estrategica-en-bruselas\/\"},\"author\":{\"name\":\"Defensa News\",\"@id\":\"https:\/\/defensanews.com\/#\/schema\/person\/d371c69fc541b938db26187937f0c11a\"},\"headline\":\"Mandos militares de la OTAN refuerzan unidad estrat\u00e9gica en Bruselas\",\"datePublished\":\"2025-05-16T15:22:59+00:00\",\"dateModified\":\"2025-05-16T15:24:45+00:00\",\"mainEntityOfPage\":{\"@id\":\"https:\/\/defensanews.com\/mandos-militares-de-la-otan-refuerzan-unidad-estrategica-en-bruselas\/\"},\"wordCount\":404,\"commentCount\":0,\"publisher\":{\"@id\":\"https:\/\/defensanews.com\/#organization\"},\"image\":{\"@id\":\"https:\/\/defensanews.com\/mandos-militares-de-la-otan-refuerzan-unidad-estrategica-en-bruselas\/#primaryimage\"},\"thumbnailUrl\":\"https:\/\/defensanews.com\/wp-content\/uploads\/2025\/05\/otam.jpg\",\"keywords\":[\"Defensa Colectiva\",\"OTAN\",\"Ucrania\"],\"articleSection\":[\"Internacional\"],\"inLanguage\":\"en-US\",\"potentialAction\":[{\"@type\":\"CommentAction\",\"name\":\"Comment\",\"target\":[\"https:\/\/defensanews.com\/mandos-militares-de-la-otan-refuerzan-unidad-estrategica-en-bruselas\/#respond\"]}],\"copyrightYear\":\"2025\",\"copyrightHolder\":{\"@id\":\"https:\/\/defensanews.com\/en\/#organization\"}},{\"@type\":[\"WebPage\",\"ItemPage\"],\"@id\":\"https:\/\/defensanews.com\/mandos-militares-de-la-otan-refuerzan-unidad-estrategica-en-bruselas\/\",\"url\":\"https:\/\/defensanews.com\/mandos-militares-de-la-otan-refuerzan-unidad-estrategica-en-bruselas\/\",\"name\":\"Mandos militares de la OTAN refuerzan unidad estrat\u00e9gica en Bruselas\",\"isPartOf\":{\"@id\":\"https:\/\/defensanews.com\/#website\"},\"primaryImageOfPage\":{\"@id\":\"https:\/\/defensanews.com\/mandos-militares-de-la-otan-refuerzan-unidad-estrategica-en-bruselas\/#primaryimage\"},\"image\":{\"@id\":\"https:\/\/defensanews.com\/mandos-militares-de-la-otan-refuerzan-unidad-estrategica-en-bruselas\/#primaryimage\"},\"thumbnailUrl\":\"https:\/\/defensanews.com\/wp-content\/uploads\/2025\/05\/otam.jpg\",\"datePublished\":\"2025-05-16T15:22:59+00:00\",\"dateModified\":\"2025-05-16T15:24:45+00:00\",\"breadcrumb\":{\"@id\":\"https:\/\/defensanews.com\/mandos-militares-de-la-otan-refuerzan-unidad-estrategica-en-bruselas\/#breadcrumb\"},\"inLanguage\":\"en-US\",\"potentialAction\":[{\"@type\":\"ReadAction\",\"target\":[\"https:\/\/defensanews.com\/mandos-militares-de-la-otan-refuerzan-unidad-estrategica-en-bruselas\/\"]}]},{\"@type\":\"ImageObject\",\"inLanguage\":\"en-US\",\"@id\":\"https:\/\/defensanews.com\/mandos-militares-de-la-otan-refuerzan-unidad-estrategica-en-bruselas\/#primaryimage\",\"url\":\"https:\/\/defensanews.com\/wp-content\/uploads\/2025\/05\/otam.jpg\",\"contentUrl\":\"https:\/\/defensanews.com\/wp-content\/uploads\/2025\/05\/otam.jpg\",\"width\":774,\"height\":440,\"caption\":\"Mandos militares de la OTAN refuerzan unidad estrat\u00e9gica en Bruselas - DEFENSANEWS.COM - Noticias defensa y seguridad\"},{\"@type\":\"BreadcrumbList\",\"@id\":\"https:\/\/defensanews.com\/mandos-militares-de-la-otan-refuerzan-unidad-estrategica-en-bruselas\/#breadcrumb\",\"itemListElement\":[{\"@type\":\"ListItem\",\"position\":1,\"name\":\"Portada\",\"item\":\"https:\/\/defensanews.com\/\"},{\"@type\":\"ListItem\",\"position\":2,\"name\":\"Mandos militares de la OTAN refuerzan unidad estrat\u00e9gica en Bruselas\"}]},{\"@type\":\"WebSite\",\"@id\":\"https:\/\/defensanews.com\/#website\",\"url\":\"https:\/\/defensanews.com\/\",\"name\":\"NOTICIAS DEFENSA Y SEGURIDAD\",\"description\":\"DEFENSA NEWS\",\"publisher\":{\"@id\":\"https:\/\/defensanews.com\/#organization\"},\"alternateName\":\"DEFENSANEWS.COM\",\"potentialAction\":[{\"@type\":\"SearchAction\",\"target\":{\"@type\":\"EntryPoint\",\"urlTemplate\":\"https:\/\/defensanews.com\/?s={search_term_string}\"},\"query-input\":{\"@type\":\"PropertyValueSpecification\",\"valueRequired\":true,\"valueName\":\"search_term_string\"}}],\"inLanguage\":\"en-US\"},{\"@type\":\"Organization\",\"@id\":\"https:\/\/defensanews.com\/#organization\",\"name\":\"Leonardo Network S.r.l.\",\"alternateName\":\"Leonardo Network S.r.l.\",\"url\":\"https:\/\/defensanews.com\/\",\"logo\":{\"@type\":\"ImageObject\",\"inLanguage\":\"en-US\",\"@id\":\"https:\/\/defensanews.com\/#\/schema\/logo\/image\/\",\"url\":\"https:\/\/defensanews.com\/wp-content\/uploads\/2025\/05\/DN-1200.jpg\",\"contentUrl\":\"https:\/\/defensanews.com\/wp-content\/uploads\/2025\/05\/DN-1200.jpg\",\"width\":1200,\"height\":675,\"caption\":\"Leonardo Network S.r.l.\"},\"image\":{\"@id\":\"https:\/\/defensanews.com\/#\/schema\/logo\/image\/\"},\"sameAs\":[\"https:\/\/www.facebook.com\/defensanewscom\/\",\"https:\/\/www.instagram.com\/defensanews\/\"],\"description\":\"DEFENSANEWS.COM, la plataforma digital independiente dedicada a las noticias sobre defensa y seguridad de Espa\u00f1a, Am\u00e9rica Latina y Estados Unidos.\",\"email\":\"info@defensanews.com\",\"telephone\":\"05661966359\",\"legalName\":\"Leonardo Network S.r.l.\",\"foundingDate\":\"2024-05-11\",\"vatID\":\"IT01749180533\",\"numberOfEmployees\":{\"@type\":\"QuantitativeValue\",\"minValue\":\"1\",\"maxValue\":\"10\"},\"publishingPrinciples\":\"https:\/\/defensanews.com\/terminos-y-condiciones\/\"},{\"@type\":\"Person\",\"@id\":\"https:\/\/defensanews.com\/#\/schema\/person\/d371c69fc541b938db26187937f0c11a\",\"name\":\"Defensa News\",\"image\":{\"@type\":\"ImageObject\",\"inLanguage\":\"en-US\",\"@id\":\"https:\/\/defensanews.com\/#\/schema\/person\/image\/\",\"url\":\"https:\/\/defensanews.com\/wp-content\/uploads\/2025\/05\/cropped-Untitled-9-150x150.jpg\",\"contentUrl\":\"https:\/\/defensanews.com\/wp-content\/uploads\/2025\/05\/cropped-Untitled-9-150x150.jpg\",\"caption\":\"Defensa News\"},\"sameAs\":[\"https:\/\/defensanews.com\"],\"url\":\"https:\/\/defensanews.com\/en\/author\/defensanews\/\"}]}<\/script>\n<!-- \/ Yoast SEO Premium plugin. -->","yoast_head_json":{"title":"Mandos militares de la OTAN refuerzan unidad estrat\u00e9gica en Bruselas","robots":{"index":"index","follow":"follow","max-snippet":"max-snippet:-1","max-image-preview":"max-image-preview:large","max-video-preview":"max-video-preview:-1"},"canonical":"https:\/\/defensanews.com\/en\/nato-military-commanders-reinforce-strategic-unit-in-brussels\/","og_locale":"en_US","og_type":"article","og_title":"Mandos militares de la OTAN refuerzan unidad estrat\u00e9gica en Bruselas","og_description":"Los Jefes de Defensa de los pa\u00edses aliados se reunieron en la sede de la OTAN para coordinar su postura disuasiva, reafirmar su apoyo a Ucrania y preparar la pr\u00f3xima cumbre de La Haya. Cooperaci\u00f3n aliada frente a desaf\u00edos globales Este 14 de mayo de 2025 se celebr\u00f3 en Bruselas la 193\u00aa Sesi\u00f3n del Comit\u00e9 [&hellip;]","og_url":"https:\/\/defensanews.com\/en\/nato-military-commanders-reinforce-strategic-unit-in-brussels\/","og_site_name":"NOTICIAS DEFENSA, GEOPOL\u00cdTICA Y SEGURIDAD","article_publisher":"https:\/\/www.facebook.com\/defensanewscom\/","article_published_time":"2025-05-16T15:22:59+00:00","article_modified_time":"2025-05-16T15:24:45+00:00","og_image":[{"width":774,"height":440,"url":"https:\/\/defensanews.com\/wp-content\/uploads\/2025\/05\/otam.jpg","type":"image\/jpeg"}],"author":"Defensa News","twitter_card":"summary_large_image","twitter_misc":{"Written by":"Defensa News","Est. reading time":"2 minutes"},"schema":{"@context":"https:\/\/schema.org","@graph":[{"@type":"NewsArticle","@id":"https:\/\/defensanews.com\/mandos-militares-de-la-otan-refuerzan-unidad-estrategica-en-bruselas\/#article","isPartOf":{"@id":"https:\/\/defensanews.com\/mandos-militares-de-la-otan-refuerzan-unidad-estrategica-en-bruselas\/"},"author":{"name":"Defensa News","@id":"https:\/\/defensanews.com\/#\/schema\/person\/d371c69fc541b938db26187937f0c11a"},"headline":"Mandos militares de la OTAN refuerzan unidad estrat\u00e9gica en Bruselas","datePublished":"2025-05-16T15:22:59+00:00","dateModified":"2025-05-16T15:24:45+00:00","mainEntityOfPage":{"@id":"https:\/\/defensanews.com\/mandos-militares-de-la-otan-refuerzan-unidad-estrategica-en-bruselas\/"},"wordCount":404,"commentCount":0,"publisher":{"@id":"https:\/\/defensanews.com\/#organization"},"image":{"@id":"https:\/\/defensanews.com\/mandos-militares-de-la-otan-refuerzan-unidad-estrategica-en-bruselas\/#primaryimage"},"thumbnailUrl":"https:\/\/defensanews.com\/wp-content\/uploads\/2025\/05\/otam.jpg","keywords":["Defensa Colectiva","OTAN","Ucrania"],"articleSection":["Internacional"],"inLanguage":"en-US","potentialAction":[{"@type":"CommentAction","name":"Comment","target":["https:\/\/defensanews.com\/mandos-militares-de-la-otan-refuerzan-unidad-estrategica-en-bruselas\/#respond"]}],"copyrightYear":"2025","copyrightHolder":{"@id":"https:\/\/defensanews.com\/en\/#organization"}},{"@type":["WebPage","ItemPage"],"@id":"https:\/\/defensanews.com\/mandos-militares-de-la-otan-refuerzan-unidad-estrategica-en-bruselas\/","url":"https:\/\/defensanews.com\/mandos-militares-de-la-otan-refuerzan-unidad-estrategica-en-bruselas\/","name":"Mandos militares de la OTAN refuerzan unidad estrat\u00e9gica en Bruselas","isPartOf":{"@id":"https:\/\/defensanews.com\/#website"},"primaryImageOfPage":{"@id":"https:\/\/defensanews.com\/mandos-militares-de-la-otan-refuerzan-unidad-estrategica-en-bruselas\/#primaryimage"},"image":{"@id":"https:\/\/defensanews.com\/mandos-militares-de-la-otan-refuerzan-unidad-estrategica-en-bruselas\/#primaryimage"},"thumbnailUrl":"https:\/\/defensanews.com\/wp-content\/uploads\/2025\/05\/otam.jpg","datePublished":"2025-05-16T15:22:59+00:00","dateModified":"2025-05-16T15:24:45+00:00","breadcrumb":{"@id":"https:\/\/defensanews.com\/mandos-militares-de-la-otan-refuerzan-unidad-estrategica-en-bruselas\/#breadcrumb"},"inLanguage":"en-US","potentialAction":[{"@type":"ReadAction","target":["https:\/\/defensanews.com\/mandos-militares-de-la-otan-refuerzan-unidad-estrategica-en-bruselas\/"]}]},{"@type":"ImageObject","inLanguage":"en-US","@id":"https:\/\/defensanews.com\/mandos-militares-de-la-otan-refuerzan-unidad-estrategica-en-bruselas\/#primaryimage","url":"https:\/\/defensanews.com\/wp-content\/uploads\/2025\/05\/otam.jpg","contentUrl":"https:\/\/defensanews.com\/wp-content\/uploads\/2025\/05\/otam.jpg","width":774,"height":440,"caption":"Mandos militares de la OTAN refuerzan unidad estrat\u00e9gica en Bruselas - DEFENSANEWS.COM - Noticias defensa y seguridad"},{"@type":"BreadcrumbList","@id":"https:\/\/defensanews.com\/mandos-militares-de-la-otan-refuerzan-unidad-estrategica-en-bruselas\/#breadcrumb","itemListElement":[{"@type":"ListItem","position":1,"name":"Portada","item":"https:\/\/defensanews.com\/"},{"@type":"ListItem","position":2,"name":"Mandos militares de la OTAN refuerzan unidad estrat\u00e9gica en Bruselas"}]},{"@type":"WebSite","@id":"https:\/\/defensanews.com\/#website","url":"https:\/\/defensanews.com\/","name":"NOTICIAS DEFENSA Y SEGURIDAD","description":"DEFENSA NEWS","publisher":{"@id":"https:\/\/defensanews.com\/#organization"},"alternateName":"DEFENSANEWS.COM","potentialAction":[{"@type":"SearchAction","target":{"@type":"EntryPoint","urlTemplate":"https:\/\/defensanews.com\/?s={search_term_string}"},"query-input":{"@type":"PropertyValueSpecification","valueRequired":true,"valueName":"search_term_string"}}],"inLanguage":"en-US"},{"@type":"Organization","@id":"https:\/\/defensanews.com\/#organization","name":"Leonardo Network S.r.l.","alternateName":"Leonardo Network S.r.l.","url":"https:\/\/defensanews.com\/","logo":{"@type":"ImageObject","inLanguage":"en-US","@id":"https:\/\/defensanews.com\/#\/schema\/logo\/image\/","url":"https:\/\/defensanews.com\/wp-content\/uploads\/2025\/05\/DN-1200.jpg","contentUrl":"https:\/\/defensanews.com\/wp-content\/uploads\/2025\/05\/DN-1200.jpg","width":1200,"height":675,"caption":"Leonardo Network S.r.l."},"image":{"@id":"https:\/\/defensanews.com\/#\/schema\/logo\/image\/"},"sameAs":["https:\/\/www.facebook.com\/defensanewscom\/","https:\/\/www.instagram.com\/defensanews\/"],"description":"DEFENSANEWS.COM, la plataforma digital independiente dedicada a las noticias sobre defensa y seguridad de Espa\u00f1a, Am\u00e9rica Latina y Estados Unidos.","email":"info@defensanews.com","telephone":"05661966359","legalName":"Leonardo Network S.r.l.","foundingDate":"2024-05-11","vatID":"IT01749180533","numberOfEmployees":{"@type":"QuantitativeValue","minValue":"1","maxValue":"10"},"publishingPrinciples":"https:\/\/defensanews.com\/terminos-y-condiciones\/"},{"@type":"Person","@id":"https:\/\/defensanews.com\/#\/schema\/person\/d371c69fc541b938db26187937f0c11a","name":"Defensa News","image":{"@type":"ImageObject","inLanguage":"en-US","@id":"https:\/\/defensanews.com\/#\/schema\/person\/image\/","url":"https:\/\/defensanews.com\/wp-content\/uploads\/2025\/05\/cropped-Untitled-9-150x150.jpg","contentUrl":"https:\/\/defensanews.com\/wp-content\/uploads\/2025\/05\/cropped-Untitled-9-150x150.jpg","caption":"Defensa News"},"sameAs":["https:\/\/defensanews.com"],"url":"https:\/\/defensanews.com\/en\/author\/defensanews\/"}]}},"_links":{"self":[{"href":"https:\/\/defensanews.com\/en\/wp-json\/wp\/v2\/posts\/2125","targetHints":{"allow":["GET"]}}],"collection":[{"href":"https:\/\/defensanews.com\/en\/wp-json\/wp\/v2\/posts"}],"about":[{"href":"https:\/\/defensanews.com\/en\/wp-json\/wp\/v2\/types\/post"}],"author":[{"embeddable":true,"href":"https:\/\/defensanews.com\/en\/wp-json\/wp\/v2\/users\/1"}],"replies":[{"embeddable":true,"href":"https:\/\/defensanews.com\/en\/wp-json\/wp\/v2\/comments?post=2125"}],"version-history":[{"count":3,"href":"https:\/\/defensanews.com\/en\/wp-json\/wp\/v2\/posts\/2125\/revisions"}],"predecessor-version":[{"id":2129,"href":"https:\/\/defensanews.com\/en\/wp-json\/wp\/v2\/posts\/2125\/revisions\/2129"}],"wp:featuredmedia":[{"embeddable":true,"href":"https:\/\/defensanews.com\/en\/wp-json\/wp\/v2\/media\/2126"}],"wp:attachment":[{"href":"https:\/\/defensanews.com\/en\/wp-json\/wp\/v2\/media?parent=2125"}],"wp:term":[{"taxonomy":"category","embeddable":true,"href":"https:\/\/defensanews.com\/en\/wp-json\/wp\/v2\/categories?post=2125"},{"taxonomy":"post_tag","embeddable":true,"href":"https:\/\/defensanews.com\/en\/wp-json\/wp\/v2\/tags?post=2125"}],"curies":[{"name":"wp","href":"https:\/\/api.w.org\/{rel}","templated":true}]}}