{"id":2134,"date":"2025-05-19T09:30:10","date_gmt":"2025-05-19T07:30:10","guid":{"rendered":"https:\/\/defensanews.com\/?p=2134"},"modified":"2025-05-19T10:20:19","modified_gmt":"2025-05-19T08:20:19","slug":"tragedia-naval-en-nueva-york-la-cuauhtemoc-choca-contra-el-puente-de-brooklyn","status":"publish","type":"post","link":"https:\/\/defensanews.com\/en\/naval-tragedy-in-new-york-the-cuauhtemoc-crashes-into-the-brooklyn-bridge\/","title":{"rendered":"Naval tragedy in New York: Cuauht\u00e9moc crashes into Brooklyn Bridge"},"content":{"rendered":"<p>Serious accident leaves two sailors dead and 17 injured during Mexican Navy training cruise<\/p>\n\n\n\n<h2 class=\"wp-block-heading\" id=\"h-colision-inesperada-en-el-east-river\">Unexpected collision on the East River<\/h2>\n\n\n\n<p>On May 17, 2025, the emblematic training vessel <em>Cuauht\u00e9moc<\/em>belonging to the Mexican Navy, had a tragic accident in New York waters when it collided with the iconic Brooklyn Bridge. The ship, with 277 crew members on board -most of them cadets in training-, lost power while transiting the East River, causing a direct collision with the bridge structure.<\/p>\n\n\n\n<p>The incident caused the death of two seafarers and left 17 others injured, three of them in critical condition. According to preliminary reports, a failure in the propulsion system caused the current to drag the vessel until it hit the bridge pillars, whose 41-meter height was not enough to prevent the Cuauht\u00e9moc's three 43-meter masts from violently colliding.<\/p>\n\n\n\n<h2 class=\"wp-block-heading\" id=\"h-imagenes-dramaticas-y-respuesta-inmediata\">Dramatic images and immediate response<\/h2>\n\n\n\n<p>The impact caused the partial collapse of the masts, the upper sections of which fell to the deck. At the time, two seafarers were working at the top of the masts and suffered serious injuries. Other crew members were left suspended or clinging to the splintered wood in a scene that was recorded by dozens of witnesses on land.<\/p>\n\n\n\n<p>Emergency crews were quickly on the scene, preventing the crew members from falling into the water. The injured were immediately transported to New York hospitals, where the most critical cases received specialized care.<\/p>\n\n\n\n<h2 class=\"wp-block-heading\" id=\"h-reaccion-de-las-autoridades-mexicanas\">Reaction of the Mexican authorities<\/h2>\n\n\n\n<p>The Ministry of the Navy confirmed the incident and assured that an investigation has been initiated to determine the exact causes of the breakdown. The commander of the Cuauht\u00e9moc has ordered the suspension of all training activities until further notice, stressing that the safety of the crew is a priority.<\/p>\n\n\n\n<p>In addition, it was reported that the vessel will remain temporarily immobilized in New York and will be moved to Pier 36 for technical evaluation.<\/p>\n\n\n\n<h2 class=\"wp-block-heading\" id=\"h-una-travesia-internacional-interrumpida\">An interrupted international journey<\/h2>\n\n\n\n<p>The Cuauht\u00e9moc was part of a maritime training tour that included stops in countries such as Jamaica, Iceland and Portugal. This naval campaign is intended to provide practical experience to Navy cadets, in a decades-long tradition. The ship's arrival in New York had been celebrated with enthusiasm by the Mexican community and onlookers who came to the port to see the impressive vessel decorated with lights and flags.<\/p>\n\n\n\n<h2 class=\"wp-block-heading\" id=\"h-un-simbolo-de-la-marina-mexicana\">A symbol of the Mexican Navy<\/h2>\n\n\n\n<p>Built in Spain in 1982, the Cuauht\u00e9moc is one of the most representative ships of the Mexican Navy. Its participation in international events and diplomatic missions has made it Mexico's ambassador on the world's seas. The tragedy in Brooklyn has caused consternation in the country and has generated expressions of support for the families of the affected sailors.<\/p>\n\n\n\n<p>Both U.S. and Mexican authorities continue to work together to clarify what happened and to prevent a tragedy of this magnitude from happening again.<\/p>","protected":false},"excerpt":{"rendered":"<p>Un grave accidente deja dos marinos fallecidos y 17 heridos durante una traves\u00eda de entrenamiento de la Marina mexicana Colisi\u00f3n inesperada en el East River El pasado 17 de mayo de 2025, la emblem\u00e1tica embarcaci\u00f3n escuela Cuauht\u00e9moc, perteneciente a la Armada de M\u00e9xico, protagoniz\u00f3 un tr\u00e1gico accidente en aguas de Nueva York al colisionar contra [&hellip;]<\/p>","protected":false},"author":1,"featured_media":2135,"comment_status":"open","ping_status":"open","sticky":false,"template":"","format":"standard","meta":{"_acf_changed":false,"footnotes":""},"categories":[2],"tags":[231,158,230],"class_list":["post-2134","post","type-post","status-publish","format-standard","has-post-thumbnail","hentry","category-america-latina","tag-accidente-naval","tag-estados-unidos","tag-mexico"],"acf":[],"yoast_head":"<!-- This site is optimized with the Yoast SEO Premium plugin v25.0 (Yoast SEO v25.0) - https:\/\/yoast.com\/wordpress\/plugins\/seo\/ -->\n<title>Tragedia naval en Nueva York: la Cuauht\u00e9moc choca contra el puente de Brooklyn<\/title>\n<meta name=\"robots\" content=\"index, follow, max-snippet:-1, max-image-preview:large, max-video-preview:-1\" \/>\n<link rel=\"canonical\" href=\"https:\/\/defensanews.com\/en\/naval-tragedy-in-new-york-the-cuauhtemoc-crashes-into-the-brooklyn-bridge\/\" \/>\n<meta property=\"og:locale\" content=\"en_US\" \/>\n<meta property=\"og:type\" content=\"article\" \/>\n<meta property=\"og:title\" content=\"Tragedia naval en Nueva York: la Cuauht\u00e9moc choca contra el puente de Brooklyn\" \/>\n<meta property=\"og:description\" content=\"Un grave accidente deja dos marinos fallecidos y 17 heridos durante una traves\u00eda de entrenamiento de la Marina mexicana Colisi\u00f3n inesperada en el East River El pasado 17 de mayo de 2025, la emblem\u00e1tica embarcaci\u00f3n escuela Cuauht\u00e9moc, perteneciente a la Armada de M\u00e9xico, protagoniz\u00f3 un tr\u00e1gico accidente en aguas de Nueva York al colisionar contra [&hellip;]\" \/>\n<meta property=\"og:url\" content=\"https:\/\/defensanews.com\/en\/naval-tragedy-in-new-york-the-cuauhtemoc-crashes-into-the-brooklyn-bridge\/\" \/>\n<meta property=\"og:site_name\" content=\"NOTICIAS DEFENSA, GEOPOL\u00cdTICA Y SEGURIDAD\" \/>\n<meta property=\"article:publisher\" content=\"https:\/\/www.facebook.com\/defensanewscom\/\" \/>\n<meta property=\"article:published_time\" content=\"2025-05-19T07:30:10+00:00\" \/>\n<meta property=\"article:modified_time\" content=\"2025-05-19T08:20:19+00:00\" \/>\n<meta property=\"og:image\" content=\"https:\/\/defensanews.com\/wp-content\/uploads\/2025\/05\/puente.jpg\" \/>\n\t<meta property=\"og:image:width\" content=\"800\" \/>\n\t<meta property=\"og:image:height\" content=\"585\" \/>\n\t<meta property=\"og:image:type\" content=\"image\/jpeg\" \/>\n<meta name=\"author\" content=\"Defensa News\" \/>\n<meta name=\"twitter:card\" content=\"summary_large_image\" \/>\n<meta name=\"twitter:label1\" content=\"Written by\" \/>\n\t<meta name=\"twitter:data1\" content=\"Defensa News\" \/>\n\t<meta name=\"twitter:label2\" content=\"Est. reading time\" \/>\n\t<meta name=\"twitter:data2\" content=\"3 minutes\" \/>\n<script type=\"application\/ld+json\" class=\"yoast-schema-graph\">{\"@context\":\"https:\/\/schema.org\",\"@graph\":[{\"@type\":\"NewsArticle\",\"@id\":\"https:\/\/defensanews.com\/tragedia-naval-en-nueva-york-la-cuauhtemoc-choca-contra-el-puente-de-brooklyn\/#article\",\"isPartOf\":{\"@id\":\"https:\/\/defensanews.com\/tragedia-naval-en-nueva-york-la-cuauhtemoc-choca-contra-el-puente-de-brooklyn\/\"},\"author\":{\"name\":\"Defensa News\",\"@id\":\"https:\/\/defensanews.com\/#\/schema\/person\/d371c69fc541b938db26187937f0c11a\"},\"headline\":\"Tragedia naval en Nueva York: la Cuauht\u00e9moc choca contra el puente de Brooklyn\",\"datePublished\":\"2025-05-19T07:30:10+00:00\",\"dateModified\":\"2025-05-19T08:20:19+00:00\",\"mainEntityOfPage\":{\"@id\":\"https:\/\/defensanews.com\/tragedia-naval-en-nueva-york-la-cuauhtemoc-choca-contra-el-puente-de-brooklyn\/\"},\"wordCount\":566,\"commentCount\":0,\"publisher\":{\"@id\":\"https:\/\/defensanews.com\/#organization\"},\"image\":{\"@id\":\"https:\/\/defensanews.com\/tragedia-naval-en-nueva-york-la-cuauhtemoc-choca-contra-el-puente-de-brooklyn\/#primaryimage\"},\"thumbnailUrl\":\"https:\/\/defensanews.com\/wp-content\/uploads\/2025\/05\/puente.jpg\",\"keywords\":[\"accidente naval\",\"Estados Unidos\",\"M\u00e9xico\"],\"articleSection\":[\"Am\u00e9rica Latina\"],\"inLanguage\":\"en-US\",\"potentialAction\":[{\"@type\":\"CommentAction\",\"name\":\"Comment\",\"target\":[\"https:\/\/defensanews.com\/tragedia-naval-en-nueva-york-la-cuauhtemoc-choca-contra-el-puente-de-brooklyn\/#respond\"]}],\"copyrightYear\":\"2025\",\"copyrightHolder\":{\"@id\":\"https:\/\/defensanews.com\/en\/#organization\"}},{\"@type\":[\"WebPage\",\"ItemPage\"],\"@id\":\"https:\/\/defensanews.com\/tragedia-naval-en-nueva-york-la-cuauhtemoc-choca-contra-el-puente-de-brooklyn\/\",\"url\":\"https:\/\/defensanews.com\/tragedia-naval-en-nueva-york-la-cuauhtemoc-choca-contra-el-puente-de-brooklyn\/\",\"name\":\"Tragedia naval en Nueva York: la Cuauht\u00e9moc choca contra el puente de Brooklyn\",\"isPartOf\":{\"@id\":\"https:\/\/defensanews.com\/#website\"},\"primaryImageOfPage\":{\"@id\":\"https:\/\/defensanews.com\/tragedia-naval-en-nueva-york-la-cuauhtemoc-choca-contra-el-puente-de-brooklyn\/#primaryimage\"},\"image\":{\"@id\":\"https:\/\/defensanews.com\/tragedia-naval-en-nueva-york-la-cuauhtemoc-choca-contra-el-puente-de-brooklyn\/#primaryimage\"},\"thumbnailUrl\":\"https:\/\/defensanews.com\/wp-content\/uploads\/2025\/05\/puente.jpg\",\"datePublished\":\"2025-05-19T07:30:10+00:00\",\"dateModified\":\"2025-05-19T08:20:19+00:00\",\"breadcrumb\":{\"@id\":\"https:\/\/defensanews.com\/tragedia-naval-en-nueva-york-la-cuauhtemoc-choca-contra-el-puente-de-brooklyn\/#breadcrumb\"},\"inLanguage\":\"en-US\",\"potentialAction\":[{\"@type\":\"ReadAction\",\"target\":[\"https:\/\/defensanews.com\/tragedia-naval-en-nueva-york-la-cuauhtemoc-choca-contra-el-puente-de-brooklyn\/\"]}]},{\"@type\":\"ImageObject\",\"inLanguage\":\"en-US\",\"@id\":\"https:\/\/defensanews.com\/tragedia-naval-en-nueva-york-la-cuauhtemoc-choca-contra-el-puente-de-brooklyn\/#primaryimage\",\"url\":\"https:\/\/defensanews.com\/wp-content\/uploads\/2025\/05\/puente.jpg\",\"contentUrl\":\"https:\/\/defensanews.com\/wp-content\/uploads\/2025\/05\/puente.jpg\",\"width\":800,\"height\":585,\"caption\":\"Tragedia naval en Nueva York: la Cuauht\u00e9moc choca contra el puente de Brooklyn - DEFENSANEWS.COM - Noticias defensa y seguridad\"},{\"@type\":\"BreadcrumbList\",\"@id\":\"https:\/\/defensanews.com\/tragedia-naval-en-nueva-york-la-cuauhtemoc-choca-contra-el-puente-de-brooklyn\/#breadcrumb\",\"itemListElement\":[{\"@type\":\"ListItem\",\"position\":1,\"name\":\"Portada\",\"item\":\"https:\/\/defensanews.com\/\"},{\"@type\":\"ListItem\",\"position\":2,\"name\":\"Tragedia naval en Nueva York: la Cuauht\u00e9moc choca contra el puente de Brooklyn\"}]},{\"@type\":\"WebSite\",\"@id\":\"https:\/\/defensanews.com\/#website\",\"url\":\"https:\/\/defensanews.com\/\",\"name\":\"NOTICIAS DEFENSA Y SEGURIDAD\",\"description\":\"DEFENSA NEWS\",\"publisher\":{\"@id\":\"https:\/\/defensanews.com\/#organization\"},\"alternateName\":\"DEFENSANEWS.COM\",\"potentialAction\":[{\"@type\":\"SearchAction\",\"target\":{\"@type\":\"EntryPoint\",\"urlTemplate\":\"https:\/\/defensanews.com\/?s={search_term_string}\"},\"query-input\":{\"@type\":\"PropertyValueSpecification\",\"valueRequired\":true,\"valueName\":\"search_term_string\"}}],\"inLanguage\":\"en-US\"},{\"@type\":\"Organization\",\"@id\":\"https:\/\/defensanews.com\/#organization\",\"name\":\"Leonardo Network S.r.l.\",\"alternateName\":\"Leonardo Network S.r.l.\",\"url\":\"https:\/\/defensanews.com\/\",\"logo\":{\"@type\":\"ImageObject\",\"inLanguage\":\"en-US\",\"@id\":\"https:\/\/defensanews.com\/#\/schema\/logo\/image\/\",\"url\":\"https:\/\/defensanews.com\/wp-content\/uploads\/2025\/05\/DN-1200.jpg\",\"contentUrl\":\"https:\/\/defensanews.com\/wp-content\/uploads\/2025\/05\/DN-1200.jpg\",\"width\":1200,\"height\":675,\"caption\":\"Leonardo Network S.r.l.\"},\"image\":{\"@id\":\"https:\/\/defensanews.com\/#\/schema\/logo\/image\/\"},\"sameAs\":[\"https:\/\/www.facebook.com\/defensanewscom\/\",\"https:\/\/www.instagram.com\/defensanews\/\"],\"description\":\"DEFENSANEWS.COM, la plataforma digital independiente dedicada a las noticias sobre defensa y seguridad de Espa\u00f1a, Am\u00e9rica Latina y Estados Unidos.\",\"email\":\"info@defensanews.com\",\"telephone\":\"05661966359\",\"legalName\":\"Leonardo Network S.r.l.\",\"foundingDate\":\"2024-05-11\",\"vatID\":\"IT01749180533\",\"numberOfEmployees\":{\"@type\":\"QuantitativeValue\",\"minValue\":\"1\",\"maxValue\":\"10\"},\"publishingPrinciples\":\"https:\/\/defensanews.com\/terminos-y-condiciones\/\"},{\"@type\":\"Person\",\"@id\":\"https:\/\/defensanews.com\/#\/schema\/person\/d371c69fc541b938db26187937f0c11a\",\"name\":\"Defensa News\",\"image\":{\"@type\":\"ImageObject\",\"inLanguage\":\"en-US\",\"@id\":\"https:\/\/defensanews.com\/#\/schema\/person\/image\/\",\"url\":\"https:\/\/defensanews.com\/wp-content\/uploads\/2025\/05\/cropped-Untitled-9-150x150.jpg\",\"contentUrl\":\"https:\/\/defensanews.com\/wp-content\/uploads\/2025\/05\/cropped-Untitled-9-150x150.jpg\",\"caption\":\"Defensa News\"},\"sameAs\":[\"https:\/\/defensanews.com\"],\"url\":\"https:\/\/defensanews.com\/en\/author\/defensanews\/\"}]}<\/script>\n<!-- \/ Yoast SEO Premium plugin. -->","yoast_head_json":{"title":"Tragedia naval en Nueva York: la Cuauht\u00e9moc choca contra el puente de Brooklyn","robots":{"index":"index","follow":"follow","max-snippet":"max-snippet:-1","max-image-preview":"max-image-preview:large","max-video-preview":"max-video-preview:-1"},"canonical":"https:\/\/defensanews.com\/en\/naval-tragedy-in-new-york-the-cuauhtemoc-crashes-into-the-brooklyn-bridge\/","og_locale":"en_US","og_type":"article","og_title":"Tragedia naval en Nueva York: la Cuauht\u00e9moc choca contra el puente de Brooklyn","og_description":"Un grave accidente deja dos marinos fallecidos y 17 heridos durante una traves\u00eda de entrenamiento de la Marina mexicana Colisi\u00f3n inesperada en el East River El pasado 17 de mayo de 2025, la emblem\u00e1tica embarcaci\u00f3n escuela Cuauht\u00e9moc, perteneciente a la Armada de M\u00e9xico, protagoniz\u00f3 un tr\u00e1gico accidente en aguas de Nueva York al colisionar contra [&hellip;]","og_url":"https:\/\/defensanews.com\/en\/naval-tragedy-in-new-york-the-cuauhtemoc-crashes-into-the-brooklyn-bridge\/","og_site_name":"NOTICIAS DEFENSA, GEOPOL\u00cdTICA Y SEGURIDAD","article_publisher":"https:\/\/www.facebook.com\/defensanewscom\/","article_published_time":"2025-05-19T07:30:10+00:00","article_modified_time":"2025-05-19T08:20:19+00:00","og_image":[{"width":800,"height":585,"url":"https:\/\/defensanews.com\/wp-content\/uploads\/2025\/05\/puente.jpg","type":"image\/jpeg"}],"author":"Defensa News","twitter_card":"summary_large_image","twitter_misc":{"Written by":"Defensa News","Est. reading time":"3 minutes"},"schema":{"@context":"https:\/\/schema.org","@graph":[{"@type":"NewsArticle","@id":"https:\/\/defensanews.com\/tragedia-naval-en-nueva-york-la-cuauhtemoc-choca-contra-el-puente-de-brooklyn\/#article","isPartOf":{"@id":"https:\/\/defensanews.com\/tragedia-naval-en-nueva-york-la-cuauhtemoc-choca-contra-el-puente-de-brooklyn\/"},"author":{"name":"Defensa News","@id":"https:\/\/defensanews.com\/#\/schema\/person\/d371c69fc541b938db26187937f0c11a"},"headline":"Tragedia naval en Nueva York: la Cuauht\u00e9moc choca contra el puente de Brooklyn","datePublished":"2025-05-19T07:30:10+00:00","dateModified":"2025-05-19T08:20:19+00:00","mainEntityOfPage":{"@id":"https:\/\/defensanews.com\/tragedia-naval-en-nueva-york-la-cuauhtemoc-choca-contra-el-puente-de-brooklyn\/"},"wordCount":566,"commentCount":0,"publisher":{"@id":"https:\/\/defensanews.com\/#organization"},"image":{"@id":"https:\/\/defensanews.com\/tragedia-naval-en-nueva-york-la-cuauhtemoc-choca-contra-el-puente-de-brooklyn\/#primaryimage"},"thumbnailUrl":"https:\/\/defensanews.com\/wp-content\/uploads\/2025\/05\/puente.jpg","keywords":["accidente naval","Estados Unidos","M\u00e9xico"],"articleSection":["Am\u00e9rica Latina"],"inLanguage":"en-US","potentialAction":[{"@type":"CommentAction","name":"Comment","target":["https:\/\/defensanews.com\/tragedia-naval-en-nueva-york-la-cuauhtemoc-choca-contra-el-puente-de-brooklyn\/#respond"]}],"copyrightYear":"2025","copyrightHolder":{"@id":"https:\/\/defensanews.com\/en\/#organization"}},{"@type":["WebPage","ItemPage"],"@id":"https:\/\/defensanews.com\/tragedia-naval-en-nueva-york-la-cuauhtemoc-choca-contra-el-puente-de-brooklyn\/","url":"https:\/\/defensanews.com\/tragedia-naval-en-nueva-york-la-cuauhtemoc-choca-contra-el-puente-de-brooklyn\/","name":"Tragedia naval en Nueva York: la Cuauht\u00e9moc choca contra el puente de Brooklyn","isPartOf":{"@id":"https:\/\/defensanews.com\/#website"},"primaryImageOfPage":{"@id":"https:\/\/defensanews.com\/tragedia-naval-en-nueva-york-la-cuauhtemoc-choca-contra-el-puente-de-brooklyn\/#primaryimage"},"image":{"@id":"https:\/\/defensanews.com\/tragedia-naval-en-nueva-york-la-cuauhtemoc-choca-contra-el-puente-de-brooklyn\/#primaryimage"},"thumbnailUrl":"https:\/\/defensanews.com\/wp-content\/uploads\/2025\/05\/puente.jpg","datePublished":"2025-05-19T07:30:10+00:00","dateModified":"2025-05-19T08:20:19+00:00","breadcrumb":{"@id":"https:\/\/defensanews.com\/tragedia-naval-en-nueva-york-la-cuauhtemoc-choca-contra-el-puente-de-brooklyn\/#breadcrumb"},"inLanguage":"en-US","potentialAction":[{"@type":"ReadAction","target":["https:\/\/defensanews.com\/tragedia-naval-en-nueva-york-la-cuauhtemoc-choca-contra-el-puente-de-brooklyn\/"]}]},{"@type":"ImageObject","inLanguage":"en-US","@id":"https:\/\/defensanews.com\/tragedia-naval-en-nueva-york-la-cuauhtemoc-choca-contra-el-puente-de-brooklyn\/#primaryimage","url":"https:\/\/defensanews.com\/wp-content\/uploads\/2025\/05\/puente.jpg","contentUrl":"https:\/\/defensanews.com\/wp-content\/uploads\/2025\/05\/puente.jpg","width":800,"height":585,"caption":"Tragedia naval en Nueva York: la Cuauht\u00e9moc choca contra el puente de Brooklyn - DEFENSANEWS.COM - Noticias defensa y seguridad"},{"@type":"BreadcrumbList","@id":"https:\/\/defensanews.com\/tragedia-naval-en-nueva-york-la-cuauhtemoc-choca-contra-el-puente-de-brooklyn\/#breadcrumb","itemListElement":[{"@type":"ListItem","position":1,"name":"Portada","item":"https:\/\/defensanews.com\/"},{"@type":"ListItem","position":2,"name":"Tragedia naval en Nueva York: la Cuauht\u00e9moc choca contra el puente de Brooklyn"}]},{"@type":"WebSite","@id":"https:\/\/defensanews.com\/#website","url":"https:\/\/defensanews.com\/","name":"NOTICIAS DEFENSA Y SEGURIDAD","description":"DEFENSA NEWS","publisher":{"@id":"https:\/\/defensanews.com\/#organization"},"alternateName":"DEFENSANEWS.COM","potentialAction":[{"@type":"SearchAction","target":{"@type":"EntryPoint","urlTemplate":"https:\/\/defensanews.com\/?s={search_term_string}"},"query-input":{"@type":"PropertyValueSpecification","valueRequired":true,"valueName":"search_term_string"}}],"inLanguage":"en-US"},{"@type":"Organization","@id":"https:\/\/defensanews.com\/#organization","name":"Leonardo Network S.r.l.","alternateName":"Leonardo Network S.r.l.","url":"https:\/\/defensanews.com\/","logo":{"@type":"ImageObject","inLanguage":"en-US","@id":"https:\/\/defensanews.com\/#\/schema\/logo\/image\/","url":"https:\/\/defensanews.com\/wp-content\/uploads\/2025\/05\/DN-1200.jpg","contentUrl":"https:\/\/defensanews.com\/wp-content\/uploads\/2025\/05\/DN-1200.jpg","width":1200,"height":675,"caption":"Leonardo Network S.r.l."},"image":{"@id":"https:\/\/defensanews.com\/#\/schema\/logo\/image\/"},"sameAs":["https:\/\/www.facebook.com\/defensanewscom\/","https:\/\/www.instagram.com\/defensanews\/"],"description":"DEFENSANEWS.COM, la plataforma digital independiente dedicada a las noticias sobre defensa y seguridad de Espa\u00f1a, Am\u00e9rica Latina y Estados Unidos.","email":"info@defensanews.com","telephone":"05661966359","legalName":"Leonardo Network S.r.l.","foundingDate":"2024-05-11","vatID":"IT01749180533","numberOfEmployees":{"@type":"QuantitativeValue","minValue":"1","maxValue":"10"},"publishingPrinciples":"https:\/\/defensanews.com\/terminos-y-condiciones\/"},{"@type":"Person","@id":"https:\/\/defensanews.com\/#\/schema\/person\/d371c69fc541b938db26187937f0c11a","name":"Defensa News","image":{"@type":"ImageObject","inLanguage":"en-US","@id":"https:\/\/defensanews.com\/#\/schema\/person\/image\/","url":"https:\/\/defensanews.com\/wp-content\/uploads\/2025\/05\/cropped-Untitled-9-150x150.jpg","contentUrl":"https:\/\/defensanews.com\/wp-content\/uploads\/2025\/05\/cropped-Untitled-9-150x150.jpg","caption":"Defensa News"},"sameAs":["https:\/\/defensanews.com"],"url":"https:\/\/defensanews.com\/en\/author\/defensanews\/"}]}},"_links":{"self":[{"href":"https:\/\/defensanews.com\/en\/wp-json\/wp\/v2\/posts\/2134","targetHints":{"allow":["GET"]}}],"collection":[{"href":"https:\/\/defensanews.com\/en\/wp-json\/wp\/v2\/posts"}],"about":[{"href":"https:\/\/defensanews.com\/en\/wp-json\/wp\/v2\/types\/post"}],"author":[{"embeddable":true,"href":"https:\/\/defensanews.com\/en\/wp-json\/wp\/v2\/users\/1"}],"replies":[{"embeddable":true,"href":"https:\/\/defensanews.com\/en\/wp-json\/wp\/v2\/comments?post=2134"}],"version-history":[{"count":2,"href":"https:\/\/defensanews.com\/en\/wp-json\/wp\/v2\/posts\/2134\/revisions"}],"predecessor-version":[{"id":2137,"href":"https:\/\/defensanews.com\/en\/wp-json\/wp\/v2\/posts\/2134\/revisions\/2137"}],"wp:featuredmedia":[{"embeddable":true,"href":"https:\/\/defensanews.com\/en\/wp-json\/wp\/v2\/media\/2135"}],"wp:attachment":[{"href":"https:\/\/defensanews.com\/en\/wp-json\/wp\/v2\/media?parent=2134"}],"wp:term":[{"taxonomy":"category","embeddable":true,"href":"https:\/\/defensanews.com\/en\/wp-json\/wp\/v2\/categories?post=2134"},{"taxonomy":"post_tag","embeddable":true,"href":"https:\/\/defensanews.com\/en\/wp-json\/wp\/v2\/tags?post=2134"}],"curies":[{"name":"wp","href":"https:\/\/api.w.org\/{rel}","templated":true}]}}