{"id":2142,"date":"2025-05-19T10:16:08","date_gmt":"2025-05-19T08:16:08","guid":{"rendered":"https:\/\/defensanews.com\/?p=2142"},"modified":"2025-05-19T10:17:34","modified_gmt":"2025-05-19T08:17:34","slug":"ejercito-ecuatoriano-decomisa-armas-y-municiones-tras-operativo-en-los-rios","status":"publish","type":"post","link":"https:\/\/defensanews.com\/en\/ecuadorian-army-seizes-arms-and-ammunition-after-operation-in-los-rios\/","title":{"rendered":"Ecuadorian Army seizes weapons and ammunition after operation in Los Rios"},"content":{"rendered":"<p>Two alleged members of \"La Mafia\" captured in Puebloviejo; rifles, pistols, ammunition and motorcycles seized<\/p>\n\n\n\n<h2 class=\"wp-block-heading\" id=\"h-operativo-conjunto-contra-el-crimen-organizado\">Joint operation against organized crime<\/h2>\n\n\n\n<p>In the framework of security operations and support to other government institutions, the <strong>Ecuadorian Army<\/strong> executed a military operation in the <strong>sector Juan Colombia<\/strong>Puebloviejo, canton of Puebloviejo, province of <strong>Los Rios<\/strong>which culminated in the <strong>capture of two individuals linked to the organized armed group \"La Mafia\".<\/strong>.<\/p>\n\n\n\n<p>The detainees, identified as <strong>M. Beam<\/strong> y <strong>L. Monserrate<\/strong>were considered <strong>high value objectives<\/strong>for his alleged participation in crimes such as <strong>extortion, trafficking of controlled substances, robberies, kidnappings and hired assassinations<\/strong>.<\/p>\n\n\n\n<h2 class=\"wp-block-heading\" id=\"h-extorsion-y-violencia-en-la-zona\">Extortion and violence in the area<\/h2>\n\n\n\n<p>According to official reports, the subjects were demanding payments of up to <strong>$15,000 to merchants and citizens<\/strong>using threats and violence to intimidate the population. They also acted as logistical operators of the criminal group, in charge of the <strong>storage and distribution of drugs<\/strong>.<\/p>\n\n\n\n<p>During the raid, the Armed Forces were able to obtain the following information <strong>seizure of a large arsenal<\/strong>consisting of:<\/p>\n\n\n\n<ul class=\"wp-block-list\">\n<li>1 gun with its respective feeder<\/li>\n\n\n\n<li>1 industrially manufactured gun with feeder<\/li>\n\n\n\n<li>1 revolver<\/li>\n\n\n\n<li>2 pouches<\/li>\n\n\n\n<li>83 ammunition<\/li>\n\n\n\n<li>5 mobile devices<\/li>\n\n\n\n<li>2 motorcycles used in their criminal operations<\/li>\n<\/ul>\n\n\n\n<h2 class=\"wp-block-heading\" id=\"h-entrega-de-evidencias-y-procedimientos-judiciales\">Handing over of evidence and legal proceedings<\/h2>\n\n\n\n<p>After the intervention, <strong>the two individuals were handed over to the competent authorities.<\/strong>along with the weapons, vehicles and devices seized. The Ecuadorian Army reiterated its commitment to actively collaborate with the judicial entities for the <strong>dismantling of organized crime in the country<\/strong>.<\/p>\n\n\n\n<p>This new blow to the criminal structures on the Ecuadorian coast reflects the <strong>reinforced military presence<\/strong> in areas with a high incidence of crime, within the framework of the National Security Plan.<\/p>","protected":false},"excerpt":{"rendered":"<p>Two alleged members of \"La Mafia\" were captured in Puebloviejo; rifles, pistols, ammunition and motorcycles were seized Joint operation against organized crime Within the framework of security operations and support to other State institutions, the Ecuadorian Army carried out a military operation in the Juan Colombia sector, Puebloviejo canton, Los R\u00edos province, [...]<\/p>","protected":false},"author":1,"featured_media":2143,"comment_status":"open","ping_status":"open","sticky":false,"template":"","format":"standard","meta":{"_acf_changed":false,"footnotes":""},"categories":[2],"tags":[234,232,179],"class_list":["post-2142","post","type-post","status-publish","format-standard","has-post-thumbnail","hentry","category-america-latina","tag-ecuador","tag-ejercito-ecuatoriano","tag-operativo-militar-ecuador"],"acf":[],"yoast_head":"<!-- This site is optimized with the Yoast SEO Premium plugin v25.0 (Yoast SEO v25.0) - https:\/\/yoast.com\/wordpress\/plugins\/seo\/ -->\n<title>Ej\u00e9rcito Ecuatoriano decomisa armas y municiones tras operativo en Los R\u00edos<\/title>\n<meta name=\"robots\" content=\"index, follow, max-snippet:-1, max-image-preview:large, max-video-preview:-1\" \/>\n<link rel=\"canonical\" href=\"https:\/\/defensanews.com\/en\/ecuadorian-army-seizes-arms-and-ammunition-after-operation-in-los-rios\/\" \/>\n<meta property=\"og:locale\" content=\"en_US\" \/>\n<meta property=\"og:type\" content=\"article\" \/>\n<meta property=\"og:title\" content=\"Ej\u00e9rcito Ecuatoriano decomisa armas y municiones tras operativo en Los R\u00edos\" \/>\n<meta property=\"og:description\" content=\"Dos presuntos miembros de \u201cLa Mafia\u201d fueron capturados en Puebloviejo; se incautaron fusiles, pistolas, municiones y motocicletas Operativo conjunto contra el crimen organizado En el marco de operaciones de seguridad y apoyo a otras instituciones del Estado, el Ej\u00e9rcito Ecuatoriano ejecut\u00f3 un operativo militar en el sector Juan Colombia, cant\u00f3n Puebloviejo, provincia de Los R\u00edos, [&hellip;]\" \/>\n<meta property=\"og:url\" content=\"https:\/\/defensanews.com\/en\/ecuadorian-army-seizes-arms-and-ammunition-after-operation-in-los-rios\/\" \/>\n<meta property=\"og:site_name\" content=\"NOTICIAS DEFENSA, GEOPOL\u00cdTICA Y SEGURIDAD\" \/>\n<meta property=\"article:publisher\" content=\"https:\/\/www.facebook.com\/defensanewscom\/\" \/>\n<meta property=\"article:published_time\" content=\"2025-05-19T08:16:08+00:00\" \/>\n<meta property=\"article:modified_time\" content=\"2025-05-19T08:17:34+00:00\" \/>\n<meta property=\"og:image\" content=\"https:\/\/defensanews.com\/wp-content\/uploads\/2025\/05\/los-rios.jpg\" \/>\n\t<meta property=\"og:image:width\" content=\"1600\" \/>\n\t<meta property=\"og:image:height\" content=\"1026\" \/>\n\t<meta property=\"og:image:type\" content=\"image\/jpeg\" \/>\n<meta name=\"author\" content=\"Defensa News\" \/>\n<meta name=\"twitter:card\" content=\"summary_large_image\" \/>\n<meta name=\"twitter:label1\" content=\"Written by\" \/>\n\t<meta name=\"twitter:data1\" content=\"Defensa News\" \/>\n\t<meta name=\"twitter:label2\" content=\"Est. reading time\" \/>\n\t<meta name=\"twitter:data2\" content=\"2 minutes\" \/>\n<script type=\"application\/ld+json\" class=\"yoast-schema-graph\">{\"@context\":\"https:\/\/schema.org\",\"@graph\":[{\"@type\":\"NewsArticle\",\"@id\":\"https:\/\/defensanews.com\/ejercito-ecuatoriano-decomisa-armas-y-municiones-tras-operativo-en-los-rios\/#article\",\"isPartOf\":{\"@id\":\"https:\/\/defensanews.com\/ejercito-ecuatoriano-decomisa-armas-y-municiones-tras-operativo-en-los-rios\/\"},\"author\":{\"name\":\"Defensa News\",\"@id\":\"https:\/\/defensanews.com\/#\/schema\/person\/d371c69fc541b938db26187937f0c11a\"},\"headline\":\"Ej\u00e9rcito Ecuatoriano decomisa armas y municiones tras operativo en Los R\u00edos\",\"datePublished\":\"2025-05-19T08:16:08+00:00\",\"dateModified\":\"2025-05-19T08:17:34+00:00\",\"mainEntityOfPage\":{\"@id\":\"https:\/\/defensanews.com\/ejercito-ecuatoriano-decomisa-armas-y-municiones-tras-operativo-en-los-rios\/\"},\"wordCount\":301,\"commentCount\":0,\"publisher\":{\"@id\":\"https:\/\/defensanews.com\/#organization\"},\"image\":{\"@id\":\"https:\/\/defensanews.com\/ejercito-ecuatoriano-decomisa-armas-y-municiones-tras-operativo-en-los-rios\/#primaryimage\"},\"thumbnailUrl\":\"https:\/\/defensanews.com\/wp-content\/uploads\/2025\/05\/los-rios.jpg\",\"keywords\":[\"Ecuador\",\"Ej\u00e9rcito Ecuatoriano\",\"Operativo militar Ecuador\"],\"articleSection\":[\"Am\u00e9rica Latina\"],\"inLanguage\":\"en-US\",\"potentialAction\":[{\"@type\":\"CommentAction\",\"name\":\"Comment\",\"target\":[\"https:\/\/defensanews.com\/ejercito-ecuatoriano-decomisa-armas-y-municiones-tras-operativo-en-los-rios\/#respond\"]}],\"copyrightYear\":\"2025\",\"copyrightHolder\":{\"@id\":\"https:\/\/defensanews.com\/en\/#organization\"}},{\"@type\":[\"WebPage\",\"ItemPage\"],\"@id\":\"https:\/\/defensanews.com\/ejercito-ecuatoriano-decomisa-armas-y-municiones-tras-operativo-en-los-rios\/\",\"url\":\"https:\/\/defensanews.com\/ejercito-ecuatoriano-decomisa-armas-y-municiones-tras-operativo-en-los-rios\/\",\"name\":\"Ej\u00e9rcito Ecuatoriano decomisa armas y municiones tras operativo en Los R\u00edos\",\"isPartOf\":{\"@id\":\"https:\/\/defensanews.com\/#website\"},\"primaryImageOfPage\":{\"@id\":\"https:\/\/defensanews.com\/ejercito-ecuatoriano-decomisa-armas-y-municiones-tras-operativo-en-los-rios\/#primaryimage\"},\"image\":{\"@id\":\"https:\/\/defensanews.com\/ejercito-ecuatoriano-decomisa-armas-y-municiones-tras-operativo-en-los-rios\/#primaryimage\"},\"thumbnailUrl\":\"https:\/\/defensanews.com\/wp-content\/uploads\/2025\/05\/los-rios.jpg\",\"datePublished\":\"2025-05-19T08:16:08+00:00\",\"dateModified\":\"2025-05-19T08:17:34+00:00\",\"breadcrumb\":{\"@id\":\"https:\/\/defensanews.com\/ejercito-ecuatoriano-decomisa-armas-y-municiones-tras-operativo-en-los-rios\/#breadcrumb\"},\"inLanguage\":\"en-US\",\"potentialAction\":[{\"@type\":\"ReadAction\",\"target\":[\"https:\/\/defensanews.com\/ejercito-ecuatoriano-decomisa-armas-y-municiones-tras-operativo-en-los-rios\/\"]}]},{\"@type\":\"ImageObject\",\"inLanguage\":\"en-US\",\"@id\":\"https:\/\/defensanews.com\/ejercito-ecuatoriano-decomisa-armas-y-municiones-tras-operativo-en-los-rios\/#primaryimage\",\"url\":\"https:\/\/defensanews.com\/wp-content\/uploads\/2025\/05\/los-rios.jpg\",\"contentUrl\":\"https:\/\/defensanews.com\/wp-content\/uploads\/2025\/05\/los-rios.jpg\",\"width\":1600,\"height\":1026,\"caption\":\"Ej\u00e9rcito Ecuatoriano decomisa armas y municiones tras operativo en Los R\u00edos - DEFENSANEWS.COM - Noticias defensa y seguridad\"},{\"@type\":\"BreadcrumbList\",\"@id\":\"https:\/\/defensanews.com\/ejercito-ecuatoriano-decomisa-armas-y-municiones-tras-operativo-en-los-rios\/#breadcrumb\",\"itemListElement\":[{\"@type\":\"ListItem\",\"position\":1,\"name\":\"Portada\",\"item\":\"https:\/\/defensanews.com\/\"},{\"@type\":\"ListItem\",\"position\":2,\"name\":\"Ej\u00e9rcito Ecuatoriano decomisa armas y municiones tras operativo en Los R\u00edos\"}]},{\"@type\":\"WebSite\",\"@id\":\"https:\/\/defensanews.com\/#website\",\"url\":\"https:\/\/defensanews.com\/\",\"name\":\"NOTICIAS DEFENSA Y SEGURIDAD\",\"description\":\"DEFENSA NEWS\",\"publisher\":{\"@id\":\"https:\/\/defensanews.com\/#organization\"},\"alternateName\":\"DEFENSANEWS.COM\",\"potentialAction\":[{\"@type\":\"SearchAction\",\"target\":{\"@type\":\"EntryPoint\",\"urlTemplate\":\"https:\/\/defensanews.com\/?s={search_term_string}\"},\"query-input\":{\"@type\":\"PropertyValueSpecification\",\"valueRequired\":true,\"valueName\":\"search_term_string\"}}],\"inLanguage\":\"en-US\"},{\"@type\":\"Organization\",\"@id\":\"https:\/\/defensanews.com\/#organization\",\"name\":\"Leonardo Network S.r.l.\",\"alternateName\":\"Leonardo Network S.r.l.\",\"url\":\"https:\/\/defensanews.com\/\",\"logo\":{\"@type\":\"ImageObject\",\"inLanguage\":\"en-US\",\"@id\":\"https:\/\/defensanews.com\/#\/schema\/logo\/image\/\",\"url\":\"https:\/\/defensanews.com\/wp-content\/uploads\/2025\/05\/DN-1200.jpg\",\"contentUrl\":\"https:\/\/defensanews.com\/wp-content\/uploads\/2025\/05\/DN-1200.jpg\",\"width\":1200,\"height\":675,\"caption\":\"Leonardo Network S.r.l.\"},\"image\":{\"@id\":\"https:\/\/defensanews.com\/#\/schema\/logo\/image\/\"},\"sameAs\":[\"https:\/\/www.facebook.com\/defensanewscom\/\",\"https:\/\/www.instagram.com\/defensanews\/\"],\"description\":\"DEFENSANEWS.COM, la plataforma digital independiente dedicada a las noticias sobre defensa y seguridad de Espa\u00f1a, Am\u00e9rica Latina y Estados Unidos.\",\"email\":\"info@defensanews.com\",\"telephone\":\"05661966359\",\"legalName\":\"Leonardo Network S.r.l.\",\"foundingDate\":\"2024-05-11\",\"vatID\":\"IT01749180533\",\"numberOfEmployees\":{\"@type\":\"QuantitativeValue\",\"minValue\":\"1\",\"maxValue\":\"10\"},\"publishingPrinciples\":\"https:\/\/defensanews.com\/terminos-y-condiciones\/\"},{\"@type\":\"Person\",\"@id\":\"https:\/\/defensanews.com\/#\/schema\/person\/d371c69fc541b938db26187937f0c11a\",\"name\":\"Defensa News\",\"image\":{\"@type\":\"ImageObject\",\"inLanguage\":\"en-US\",\"@id\":\"https:\/\/defensanews.com\/#\/schema\/person\/image\/\",\"url\":\"https:\/\/defensanews.com\/wp-content\/uploads\/2025\/05\/cropped-Untitled-9-150x150.jpg\",\"contentUrl\":\"https:\/\/defensanews.com\/wp-content\/uploads\/2025\/05\/cropped-Untitled-9-150x150.jpg\",\"caption\":\"Defensa News\"},\"sameAs\":[\"https:\/\/defensanews.com\"],\"url\":\"https:\/\/defensanews.com\/en\/author\/defensanews\/\"}]}<\/script>\n<!-- \/ Yoast SEO Premium plugin. -->","yoast_head_json":{"title":"Ej\u00e9rcito Ecuatoriano decomisa armas y municiones tras operativo en Los R\u00edos","robots":{"index":"index","follow":"follow","max-snippet":"max-snippet:-1","max-image-preview":"max-image-preview:large","max-video-preview":"max-video-preview:-1"},"canonical":"https:\/\/defensanews.com\/en\/ecuadorian-army-seizes-arms-and-ammunition-after-operation-in-los-rios\/","og_locale":"en_US","og_type":"article","og_title":"Ej\u00e9rcito Ecuatoriano decomisa armas y municiones tras operativo en Los R\u00edos","og_description":"Dos presuntos miembros de \u201cLa Mafia\u201d fueron capturados en Puebloviejo; se incautaron fusiles, pistolas, municiones y motocicletas Operativo conjunto contra el crimen organizado En el marco de operaciones de seguridad y apoyo a otras instituciones del Estado, el Ej\u00e9rcito Ecuatoriano ejecut\u00f3 un operativo militar en el sector Juan Colombia, cant\u00f3n Puebloviejo, provincia de Los R\u00edos, [&hellip;]","og_url":"https:\/\/defensanews.com\/en\/ecuadorian-army-seizes-arms-and-ammunition-after-operation-in-los-rios\/","og_site_name":"NOTICIAS DEFENSA, GEOPOL\u00cdTICA Y SEGURIDAD","article_publisher":"https:\/\/www.facebook.com\/defensanewscom\/","article_published_time":"2025-05-19T08:16:08+00:00","article_modified_time":"2025-05-19T08:17:34+00:00","og_image":[{"width":1600,"height":1026,"url":"https:\/\/defensanews.com\/wp-content\/uploads\/2025\/05\/los-rios.jpg","type":"image\/jpeg"}],"author":"Defensa News","twitter_card":"summary_large_image","twitter_misc":{"Written by":"Defensa News","Est. reading time":"2 minutes"},"schema":{"@context":"https:\/\/schema.org","@graph":[{"@type":"NewsArticle","@id":"https:\/\/defensanews.com\/ejercito-ecuatoriano-decomisa-armas-y-municiones-tras-operativo-en-los-rios\/#article","isPartOf":{"@id":"https:\/\/defensanews.com\/ejercito-ecuatoriano-decomisa-armas-y-municiones-tras-operativo-en-los-rios\/"},"author":{"name":"Defensa News","@id":"https:\/\/defensanews.com\/#\/schema\/person\/d371c69fc541b938db26187937f0c11a"},"headline":"Ej\u00e9rcito Ecuatoriano decomisa armas y municiones tras operativo en Los R\u00edos","datePublished":"2025-05-19T08:16:08+00:00","dateModified":"2025-05-19T08:17:34+00:00","mainEntityOfPage":{"@id":"https:\/\/defensanews.com\/ejercito-ecuatoriano-decomisa-armas-y-municiones-tras-operativo-en-los-rios\/"},"wordCount":301,"commentCount":0,"publisher":{"@id":"https:\/\/defensanews.com\/#organization"},"image":{"@id":"https:\/\/defensanews.com\/ejercito-ecuatoriano-decomisa-armas-y-municiones-tras-operativo-en-los-rios\/#primaryimage"},"thumbnailUrl":"https:\/\/defensanews.com\/wp-content\/uploads\/2025\/05\/los-rios.jpg","keywords":["Ecuador","Ej\u00e9rcito Ecuatoriano","Operativo militar Ecuador"],"articleSection":["Am\u00e9rica Latina"],"inLanguage":"en-US","potentialAction":[{"@type":"CommentAction","name":"Comment","target":["https:\/\/defensanews.com\/ejercito-ecuatoriano-decomisa-armas-y-municiones-tras-operativo-en-los-rios\/#respond"]}],"copyrightYear":"2025","copyrightHolder":{"@id":"https:\/\/defensanews.com\/en\/#organization"}},{"@type":["WebPage","ItemPage"],"@id":"https:\/\/defensanews.com\/ejercito-ecuatoriano-decomisa-armas-y-municiones-tras-operativo-en-los-rios\/","url":"https:\/\/defensanews.com\/ejercito-ecuatoriano-decomisa-armas-y-municiones-tras-operativo-en-los-rios\/","name":"Ej\u00e9rcito Ecuatoriano decomisa armas y municiones tras operativo en Los R\u00edos","isPartOf":{"@id":"https:\/\/defensanews.com\/#website"},"primaryImageOfPage":{"@id":"https:\/\/defensanews.com\/ejercito-ecuatoriano-decomisa-armas-y-municiones-tras-operativo-en-los-rios\/#primaryimage"},"image":{"@id":"https:\/\/defensanews.com\/ejercito-ecuatoriano-decomisa-armas-y-municiones-tras-operativo-en-los-rios\/#primaryimage"},"thumbnailUrl":"https:\/\/defensanews.com\/wp-content\/uploads\/2025\/05\/los-rios.jpg","datePublished":"2025-05-19T08:16:08+00:00","dateModified":"2025-05-19T08:17:34+00:00","breadcrumb":{"@id":"https:\/\/defensanews.com\/ejercito-ecuatoriano-decomisa-armas-y-municiones-tras-operativo-en-los-rios\/#breadcrumb"},"inLanguage":"en-US","potentialAction":[{"@type":"ReadAction","target":["https:\/\/defensanews.com\/ejercito-ecuatoriano-decomisa-armas-y-municiones-tras-operativo-en-los-rios\/"]}]},{"@type":"ImageObject","inLanguage":"en-US","@id":"https:\/\/defensanews.com\/ejercito-ecuatoriano-decomisa-armas-y-municiones-tras-operativo-en-los-rios\/#primaryimage","url":"https:\/\/defensanews.com\/wp-content\/uploads\/2025\/05\/los-rios.jpg","contentUrl":"https:\/\/defensanews.com\/wp-content\/uploads\/2025\/05\/los-rios.jpg","width":1600,"height":1026,"caption":"Ej\u00e9rcito Ecuatoriano decomisa armas y municiones tras operativo en Los R\u00edos - DEFENSANEWS.COM - Noticias defensa y seguridad"},{"@type":"BreadcrumbList","@id":"https:\/\/defensanews.com\/ejercito-ecuatoriano-decomisa-armas-y-municiones-tras-operativo-en-los-rios\/#breadcrumb","itemListElement":[{"@type":"ListItem","position":1,"name":"Portada","item":"https:\/\/defensanews.com\/"},{"@type":"ListItem","position":2,"name":"Ej\u00e9rcito Ecuatoriano decomisa armas y municiones tras operativo en Los R\u00edos"}]},{"@type":"WebSite","@id":"https:\/\/defensanews.com\/#website","url":"https:\/\/defensanews.com\/","name":"NOTICIAS DEFENSA Y SEGURIDAD","description":"DEFENSA NEWS","publisher":{"@id":"https:\/\/defensanews.com\/#organization"},"alternateName":"DEFENSANEWS.COM","potentialAction":[{"@type":"SearchAction","target":{"@type":"EntryPoint","urlTemplate":"https:\/\/defensanews.com\/?s={search_term_string}"},"query-input":{"@type":"PropertyValueSpecification","valueRequired":true,"valueName":"search_term_string"}}],"inLanguage":"en-US"},{"@type":"Organization","@id":"https:\/\/defensanews.com\/#organization","name":"Leonardo Network S.r.l.","alternateName":"Leonardo Network S.r.l.","url":"https:\/\/defensanews.com\/","logo":{"@type":"ImageObject","inLanguage":"en-US","@id":"https:\/\/defensanews.com\/#\/schema\/logo\/image\/","url":"https:\/\/defensanews.com\/wp-content\/uploads\/2025\/05\/DN-1200.jpg","contentUrl":"https:\/\/defensanews.com\/wp-content\/uploads\/2025\/05\/DN-1200.jpg","width":1200,"height":675,"caption":"Leonardo Network S.r.l."},"image":{"@id":"https:\/\/defensanews.com\/#\/schema\/logo\/image\/"},"sameAs":["https:\/\/www.facebook.com\/defensanewscom\/","https:\/\/www.instagram.com\/defensanews\/"],"description":"DEFENSANEWS.COM, la plataforma digital independiente dedicada a las noticias sobre defensa y seguridad de Espa\u00f1a, Am\u00e9rica Latina y Estados Unidos.","email":"info@defensanews.com","telephone":"05661966359","legalName":"Leonardo Network S.r.l.","foundingDate":"2024-05-11","vatID":"IT01749180533","numberOfEmployees":{"@type":"QuantitativeValue","minValue":"1","maxValue":"10"},"publishingPrinciples":"https:\/\/defensanews.com\/terminos-y-condiciones\/"},{"@type":"Person","@id":"https:\/\/defensanews.com\/#\/schema\/person\/d371c69fc541b938db26187937f0c11a","name":"Defensa News","image":{"@type":"ImageObject","inLanguage":"en-US","@id":"https:\/\/defensanews.com\/#\/schema\/person\/image\/","url":"https:\/\/defensanews.com\/wp-content\/uploads\/2025\/05\/cropped-Untitled-9-150x150.jpg","contentUrl":"https:\/\/defensanews.com\/wp-content\/uploads\/2025\/05\/cropped-Untitled-9-150x150.jpg","caption":"Defensa News"},"sameAs":["https:\/\/defensanews.com"],"url":"https:\/\/defensanews.com\/en\/author\/defensanews\/"}]}},"_links":{"self":[{"href":"https:\/\/defensanews.com\/en\/wp-json\/wp\/v2\/posts\/2142","targetHints":{"allow":["GET"]}}],"collection":[{"href":"https:\/\/defensanews.com\/en\/wp-json\/wp\/v2\/posts"}],"about":[{"href":"https:\/\/defensanews.com\/en\/wp-json\/wp\/v2\/types\/post"}],"author":[{"embeddable":true,"href":"https:\/\/defensanews.com\/en\/wp-json\/wp\/v2\/users\/1"}],"replies":[{"embeddable":true,"href":"https:\/\/defensanews.com\/en\/wp-json\/wp\/v2\/comments?post=2142"}],"version-history":[{"count":2,"href":"https:\/\/defensanews.com\/en\/wp-json\/wp\/v2\/posts\/2142\/revisions"}],"predecessor-version":[{"id":2145,"href":"https:\/\/defensanews.com\/en\/wp-json\/wp\/v2\/posts\/2142\/revisions\/2145"}],"wp:featuredmedia":[{"embeddable":true,"href":"https:\/\/defensanews.com\/en\/wp-json\/wp\/v2\/media\/2143"}],"wp:attachment":[{"href":"https:\/\/defensanews.com\/en\/wp-json\/wp\/v2\/media?parent=2142"}],"wp:term":[{"taxonomy":"category","embeddable":true,"href":"https:\/\/defensanews.com\/en\/wp-json\/wp\/v2\/categories?post=2142"},{"taxonomy":"post_tag","embeddable":true,"href":"https:\/\/defensanews.com\/en\/wp-json\/wp\/v2\/tags?post=2142"}],"curies":[{"name":"wp","href":"https:\/\/api.w.org\/{rel}","templated":true}]}}