{"id":2146,"date":"2025-05-19T11:30:17","date_gmt":"2025-05-19T09:30:17","guid":{"rendered":"https:\/\/defensanews.com\/?p=2146"},"modified":"2025-05-19T11:33:05","modified_gmt":"2025-05-19T09:33:05","slug":"ecuador-intensifica-su-lucha-contra-la-mineria-ilegal-con-32-000-operaciones-en-16-meses","status":"publish","type":"post","link":"https:\/\/defensanews.com\/en\/ecuador-intensifies-its-fight-against-illegal-mining-with-32000-operations-in-16-months\/","title":{"rendered":"Ecuador intensifies its fight against illegal mining with 32,000 operations in 16 months"},"content":{"rendered":"<p>The fight against this crime is now a national priority, with convincing results throughout the country.<\/p>\n\n\n\n<h2 class=\"wp-block-heading\" id=\"h-una-amenaza-multiple-para-el-pais\">A multiple threat to the country<\/h2>\n\n\n\n<p>The <strong>illegal mining<\/strong> not only represents a serious environmental crime; it is also directly linked to crimes such as <strong>labor exploitation, money laundering, tax evasion, extortion, kidnapping, and financing of terrorism.<\/strong>. In response, the Government of Ecuador, under the administration of President <strong>Daniel Noboa Azin<\/strong>has significantly increased military operations to curb this illicit activity.<\/p>\n\n\n\n<p>From <strong>January 2024 to date<\/strong>the Armed Forces have executed <strong>32,000 military operations<\/strong> against illegal mining, a figure that represents approximately 10 % of all military missions carried out at the national level in that period.<\/p>\n\n\n\n<h2 class=\"wp-block-heading\" id=\"h-resultados-operativos-y-decomisos-millonarios\">Operational results and seizures in the millions<\/h2>\n\n\n\n<p>The results are conclusive:<\/p>\n\n\n\n<ul class=\"wp-block-list\">\n<li>429 mine entrances destroyed<\/li>\n\n\n\n<li>231 backhoes neutralized<\/li>\n\n\n\n<li>Nearly 50 dredges disabled<\/li>\n\n\n\n<li>Thousands of tools, explosives and heavy equipment seized<\/li>\n\n\n\n<li>More than $660 million confiscated from mafias<\/li>\n<\/ul>\n\n\n\n<p>Each operation represents a <strong>direct financial blow to criminal groups<\/strong>The State of Ecuador has been able to seriously affect the finances of illegal structures such as the drug trade and terrorism. The Ecuadorian State has been able to seriously affect the finances of illegal structures such as <strong>Los Lobos, Los Tiguerones, FARC dissidences<\/strong> and other mafias operating in key provinces, such as <strong>Esmeraldas, Imbabura, Carchi, Sucumb\u00edos, Azuay and Zamora Chinchipe<\/strong>.<\/p>\n\n\n\n<h2 class=\"wp-block-heading\" id=\"h-sacrificio-y-compromiso-militar\">Sacrifice and military commitment<\/h2>\n\n\n\n<p>This struggle has also taken on a <strong>high human cost<\/strong>. More about <strong>1,000 soldiers<\/strong> are deployed daily in the field, facing adverse conditions and constant risk. At <strong>Upper Punino<\/strong>, <strong>eleven soldiers fell in combat<\/strong>honorably defending national sovereignty.<\/p>\n\n\n\n<p>In response to the growing threat, the following have recently been incorporated <strong>1,500 new personnel<\/strong> in the same region, in order to reinforce the <strong>territorial control<\/strong> and continue operations to dismantle criminal structures.<\/p>\n\n\n\n<h2 class=\"wp-block-heading\" id=\"h-defensa-del-territorio-y-del-futuro\">Defense of the territory and the future<\/h2>\n\n\n\n<p>The <strong>Ministry of National Defense<\/strong>headed by <strong>Gian Carlo Loffredo<\/strong>reiterated that the fight against illegal mining is one of the most important <strong>key priorities<\/strong> of the current government. This offensive is not only aimed at combating organized crime, but also at <strong>restoring legality, protecting the environment and returning security to communities<\/strong> affected by violence and ecological devastation.<\/p>\n\n\n\n<p>Every action taken is a step towards the recovery of the <strong>rivers, forests and territories<\/strong> that belong to the Ecuadorian people. With comprehensive strategies, logistical resources and courage on the front lines, <strong>Ecuador moves towards a safer, more sovereign country free from criminal power<\/strong>.<\/p>","protected":false},"excerpt":{"rendered":"<p>El combate a este delito es ahora una prioridad nacional, con resultados contundentes en todo el territorio Una amenaza m\u00faltiple para el pa\u00eds La miner\u00eda ilegal no solo representa un grave delito ambiental; tambi\u00e9n est\u00e1 directamente ligada a delitos como explotaci\u00f3n laboral, lavado de dinero, evasi\u00f3n tributaria, extorsi\u00f3n, secuestro y financiamiento del terrorismo. En respuesta, [&hellip;]<\/p>","protected":false},"author":1,"featured_media":2147,"comment_status":"open","ping_status":"open","sticky":false,"template":"","format":"standard","meta":{"_acf_changed":false,"footnotes":""},"categories":[2],"tags":[234,235,179],"class_list":["post-2146","post","type-post","status-publish","format-standard","has-post-thumbnail","hentry","category-america-latina","tag-ecuador","tag-fuerzas-armadas","tag-operativo-militar-ecuador"],"acf":[],"yoast_head":"<!-- This site is optimized with the Yoast SEO Premium plugin v25.0 (Yoast SEO v25.0) - https:\/\/yoast.com\/wordpress\/plugins\/seo\/ -->\n<title>Ecuador intensifica su lucha contra la miner\u00eda ilegal con 32.000 operaciones en 16 meses<\/title>\n<meta name=\"robots\" content=\"index, follow, max-snippet:-1, max-image-preview:large, max-video-preview:-1\" \/>\n<link rel=\"canonical\" href=\"https:\/\/defensanews.com\/en\/ecuador-intensifies-its-fight-against-illegal-mining-with-32000-operations-in-16-months\/\" \/>\n<meta property=\"og:locale\" content=\"en_US\" \/>\n<meta property=\"og:type\" content=\"article\" \/>\n<meta property=\"og:title\" content=\"Ecuador intensifica su lucha contra la miner\u00eda ilegal con 32.000 operaciones en 16 meses\" \/>\n<meta property=\"og:description\" content=\"El combate a este delito es ahora una prioridad nacional, con resultados contundentes en todo el territorio Una amenaza m\u00faltiple para el pa\u00eds La miner\u00eda ilegal no solo representa un grave delito ambiental; tambi\u00e9n est\u00e1 directamente ligada a delitos como explotaci\u00f3n laboral, lavado de dinero, evasi\u00f3n tributaria, extorsi\u00f3n, secuestro y financiamiento del terrorismo. En respuesta, [&hellip;]\" \/>\n<meta property=\"og:url\" content=\"https:\/\/defensanews.com\/en\/ecuador-intensifies-its-fight-against-illegal-mining-with-32000-operations-in-16-months\/\" \/>\n<meta property=\"og:site_name\" content=\"NOTICIAS DEFENSA, GEOPOL\u00cdTICA Y SEGURIDAD\" \/>\n<meta property=\"article:publisher\" content=\"https:\/\/www.facebook.com\/defensanewscom\/\" \/>\n<meta property=\"article:published_time\" content=\"2025-05-19T09:30:17+00:00\" \/>\n<meta property=\"article:modified_time\" content=\"2025-05-19T09:33:05+00:00\" \/>\n<meta property=\"og:image\" content=\"https:\/\/defensanews.com\/wp-content\/uploads\/2025\/05\/GrK-j5oXYAAdH9T.jpeg\" \/>\n\t<meta property=\"og:image:width\" content=\"1080\" \/>\n\t<meta property=\"og:image:height\" content=\"1350\" \/>\n\t<meta property=\"og:image:type\" content=\"image\/jpeg\" \/>\n<meta name=\"author\" content=\"Defensa News\" \/>\n<meta name=\"twitter:card\" content=\"summary_large_image\" \/>\n<meta name=\"twitter:label1\" content=\"Written by\" \/>\n\t<meta name=\"twitter:data1\" content=\"Defensa News\" \/>\n\t<meta name=\"twitter:label2\" content=\"Est. reading time\" \/>\n\t<meta name=\"twitter:data2\" content=\"3 minutes\" \/>\n<script type=\"application\/ld+json\" class=\"yoast-schema-graph\">{\"@context\":\"https:\/\/schema.org\",\"@graph\":[{\"@type\":\"NewsArticle\",\"@id\":\"https:\/\/defensanews.com\/ecuador-intensifica-su-lucha-contra-la-mineria-ilegal-con-32-000-operaciones-en-16-meses\/#article\",\"isPartOf\":{\"@id\":\"https:\/\/defensanews.com\/ecuador-intensifica-su-lucha-contra-la-mineria-ilegal-con-32-000-operaciones-en-16-meses\/\"},\"author\":{\"name\":\"Defensa News\",\"@id\":\"https:\/\/defensanews.com\/#\/schema\/person\/d371c69fc541b938db26187937f0c11a\"},\"headline\":\"Ecuador intensifica su lucha contra la miner\u00eda ilegal con 32.000 operaciones en 16 meses\",\"datePublished\":\"2025-05-19T09:30:17+00:00\",\"dateModified\":\"2025-05-19T09:33:05+00:00\",\"mainEntityOfPage\":{\"@id\":\"https:\/\/defensanews.com\/ecuador-intensifica-su-lucha-contra-la-mineria-ilegal-con-32-000-operaciones-en-16-meses\/\"},\"wordCount\":435,\"commentCount\":0,\"publisher\":{\"@id\":\"https:\/\/defensanews.com\/#organization\"},\"image\":{\"@id\":\"https:\/\/defensanews.com\/ecuador-intensifica-su-lucha-contra-la-mineria-ilegal-con-32-000-operaciones-en-16-meses\/#primaryimage\"},\"thumbnailUrl\":\"https:\/\/defensanews.com\/wp-content\/uploads\/2025\/05\/GrK-j5oXYAAdH9T.jpeg\",\"keywords\":[\"Ecuador\",\"Fuerzas Armadas\",\"Operativo militar Ecuador\"],\"articleSection\":[\"Am\u00e9rica Latina\"],\"inLanguage\":\"en-US\",\"potentialAction\":[{\"@type\":\"CommentAction\",\"name\":\"Comment\",\"target\":[\"https:\/\/defensanews.com\/ecuador-intensifica-su-lucha-contra-la-mineria-ilegal-con-32-000-operaciones-en-16-meses\/#respond\"]}],\"copyrightYear\":\"2025\",\"copyrightHolder\":{\"@id\":\"https:\/\/defensanews.com\/en\/#organization\"}},{\"@type\":[\"WebPage\",\"ItemPage\"],\"@id\":\"https:\/\/defensanews.com\/ecuador-intensifica-su-lucha-contra-la-mineria-ilegal-con-32-000-operaciones-en-16-meses\/\",\"url\":\"https:\/\/defensanews.com\/ecuador-intensifica-su-lucha-contra-la-mineria-ilegal-con-32-000-operaciones-en-16-meses\/\",\"name\":\"Ecuador intensifica su lucha contra la miner\u00eda ilegal con 32.000 operaciones en 16 meses\",\"isPartOf\":{\"@id\":\"https:\/\/defensanews.com\/#website\"},\"primaryImageOfPage\":{\"@id\":\"https:\/\/defensanews.com\/ecuador-intensifica-su-lucha-contra-la-mineria-ilegal-con-32-000-operaciones-en-16-meses\/#primaryimage\"},\"image\":{\"@id\":\"https:\/\/defensanews.com\/ecuador-intensifica-su-lucha-contra-la-mineria-ilegal-con-32-000-operaciones-en-16-meses\/#primaryimage\"},\"thumbnailUrl\":\"https:\/\/defensanews.com\/wp-content\/uploads\/2025\/05\/GrK-j5oXYAAdH9T.jpeg\",\"datePublished\":\"2025-05-19T09:30:17+00:00\",\"dateModified\":\"2025-05-19T09:33:05+00:00\",\"breadcrumb\":{\"@id\":\"https:\/\/defensanews.com\/ecuador-intensifica-su-lucha-contra-la-mineria-ilegal-con-32-000-operaciones-en-16-meses\/#breadcrumb\"},\"inLanguage\":\"en-US\",\"potentialAction\":[{\"@type\":\"ReadAction\",\"target\":[\"https:\/\/defensanews.com\/ecuador-intensifica-su-lucha-contra-la-mineria-ilegal-con-32-000-operaciones-en-16-meses\/\"]}]},{\"@type\":\"ImageObject\",\"inLanguage\":\"en-US\",\"@id\":\"https:\/\/defensanews.com\/ecuador-intensifica-su-lucha-contra-la-mineria-ilegal-con-32-000-operaciones-en-16-meses\/#primaryimage\",\"url\":\"https:\/\/defensanews.com\/wp-content\/uploads\/2025\/05\/GrK-j5oXYAAdH9T.jpeg\",\"contentUrl\":\"https:\/\/defensanews.com\/wp-content\/uploads\/2025\/05\/GrK-j5oXYAAdH9T.jpeg\",\"width\":1080,\"height\":1350,\"caption\":\"Ecuador intensifica su lucha contra la miner\u00eda ilegal con 32.000 operaciones en 16 meses - DEFENSANEWS.COM - Noticias defensa y seguridad\"},{\"@type\":\"BreadcrumbList\",\"@id\":\"https:\/\/defensanews.com\/ecuador-intensifica-su-lucha-contra-la-mineria-ilegal-con-32-000-operaciones-en-16-meses\/#breadcrumb\",\"itemListElement\":[{\"@type\":\"ListItem\",\"position\":1,\"name\":\"Portada\",\"item\":\"https:\/\/defensanews.com\/\"},{\"@type\":\"ListItem\",\"position\":2,\"name\":\"Ecuador intensifica su lucha contra la miner\u00eda ilegal con 32.000 operaciones en 16 meses\"}]},{\"@type\":\"WebSite\",\"@id\":\"https:\/\/defensanews.com\/#website\",\"url\":\"https:\/\/defensanews.com\/\",\"name\":\"NOTICIAS DEFENSA Y SEGURIDAD\",\"description\":\"DEFENSA NEWS\",\"publisher\":{\"@id\":\"https:\/\/defensanews.com\/#organization\"},\"alternateName\":\"DEFENSANEWS.COM\",\"potentialAction\":[{\"@type\":\"SearchAction\",\"target\":{\"@type\":\"EntryPoint\",\"urlTemplate\":\"https:\/\/defensanews.com\/?s={search_term_string}\"},\"query-input\":{\"@type\":\"PropertyValueSpecification\",\"valueRequired\":true,\"valueName\":\"search_term_string\"}}],\"inLanguage\":\"en-US\"},{\"@type\":\"Organization\",\"@id\":\"https:\/\/defensanews.com\/#organization\",\"name\":\"Leonardo Network S.r.l.\",\"alternateName\":\"Leonardo Network S.r.l.\",\"url\":\"https:\/\/defensanews.com\/\",\"logo\":{\"@type\":\"ImageObject\",\"inLanguage\":\"en-US\",\"@id\":\"https:\/\/defensanews.com\/#\/schema\/logo\/image\/\",\"url\":\"https:\/\/defensanews.com\/wp-content\/uploads\/2025\/05\/DN-1200.jpg\",\"contentUrl\":\"https:\/\/defensanews.com\/wp-content\/uploads\/2025\/05\/DN-1200.jpg\",\"width\":1200,\"height\":675,\"caption\":\"Leonardo Network S.r.l.\"},\"image\":{\"@id\":\"https:\/\/defensanews.com\/#\/schema\/logo\/image\/\"},\"sameAs\":[\"https:\/\/www.facebook.com\/defensanewscom\/\",\"https:\/\/www.instagram.com\/defensanews\/\"],\"description\":\"DEFENSANEWS.COM, la plataforma digital independiente dedicada a las noticias sobre defensa y seguridad de Espa\u00f1a, Am\u00e9rica Latina y Estados Unidos.\",\"email\":\"info@defensanews.com\",\"telephone\":\"05661966359\",\"legalName\":\"Leonardo Network S.r.l.\",\"foundingDate\":\"2024-05-11\",\"vatID\":\"IT01749180533\",\"numberOfEmployees\":{\"@type\":\"QuantitativeValue\",\"minValue\":\"1\",\"maxValue\":\"10\"},\"publishingPrinciples\":\"https:\/\/defensanews.com\/terminos-y-condiciones\/\"},{\"@type\":\"Person\",\"@id\":\"https:\/\/defensanews.com\/#\/schema\/person\/d371c69fc541b938db26187937f0c11a\",\"name\":\"Defensa News\",\"image\":{\"@type\":\"ImageObject\",\"inLanguage\":\"en-US\",\"@id\":\"https:\/\/defensanews.com\/#\/schema\/person\/image\/\",\"url\":\"https:\/\/defensanews.com\/wp-content\/uploads\/2025\/05\/cropped-Untitled-9-150x150.jpg\",\"contentUrl\":\"https:\/\/defensanews.com\/wp-content\/uploads\/2025\/05\/cropped-Untitled-9-150x150.jpg\",\"caption\":\"Defensa News\"},\"sameAs\":[\"https:\/\/defensanews.com\"],\"url\":\"https:\/\/defensanews.com\/en\/author\/defensanews\/\"}]}<\/script>\n<!-- \/ Yoast SEO Premium plugin. -->","yoast_head_json":{"title":"Ecuador intensifica su lucha contra la miner\u00eda ilegal con 32.000 operaciones en 16 meses","robots":{"index":"index","follow":"follow","max-snippet":"max-snippet:-1","max-image-preview":"max-image-preview:large","max-video-preview":"max-video-preview:-1"},"canonical":"https:\/\/defensanews.com\/en\/ecuador-intensifies-its-fight-against-illegal-mining-with-32000-operations-in-16-months\/","og_locale":"en_US","og_type":"article","og_title":"Ecuador intensifica su lucha contra la miner\u00eda ilegal con 32.000 operaciones en 16 meses","og_description":"El combate a este delito es ahora una prioridad nacional, con resultados contundentes en todo el territorio Una amenaza m\u00faltiple para el pa\u00eds La miner\u00eda ilegal no solo representa un grave delito ambiental; tambi\u00e9n est\u00e1 directamente ligada a delitos como explotaci\u00f3n laboral, lavado de dinero, evasi\u00f3n tributaria, extorsi\u00f3n, secuestro y financiamiento del terrorismo. En respuesta, [&hellip;]","og_url":"https:\/\/defensanews.com\/en\/ecuador-intensifies-its-fight-against-illegal-mining-with-32000-operations-in-16-months\/","og_site_name":"NOTICIAS DEFENSA, GEOPOL\u00cdTICA Y SEGURIDAD","article_publisher":"https:\/\/www.facebook.com\/defensanewscom\/","article_published_time":"2025-05-19T09:30:17+00:00","article_modified_time":"2025-05-19T09:33:05+00:00","og_image":[{"width":1080,"height":1350,"url":"https:\/\/defensanews.com\/wp-content\/uploads\/2025\/05\/GrK-j5oXYAAdH9T.jpeg","type":"image\/jpeg"}],"author":"Defensa News","twitter_card":"summary_large_image","twitter_misc":{"Written by":"Defensa News","Est. reading time":"3 minutes"},"schema":{"@context":"https:\/\/schema.org","@graph":[{"@type":"NewsArticle","@id":"https:\/\/defensanews.com\/ecuador-intensifica-su-lucha-contra-la-mineria-ilegal-con-32-000-operaciones-en-16-meses\/#article","isPartOf":{"@id":"https:\/\/defensanews.com\/ecuador-intensifica-su-lucha-contra-la-mineria-ilegal-con-32-000-operaciones-en-16-meses\/"},"author":{"name":"Defensa News","@id":"https:\/\/defensanews.com\/#\/schema\/person\/d371c69fc541b938db26187937f0c11a"},"headline":"Ecuador intensifica su lucha contra la miner\u00eda ilegal con 32.000 operaciones en 16 meses","datePublished":"2025-05-19T09:30:17+00:00","dateModified":"2025-05-19T09:33:05+00:00","mainEntityOfPage":{"@id":"https:\/\/defensanews.com\/ecuador-intensifica-su-lucha-contra-la-mineria-ilegal-con-32-000-operaciones-en-16-meses\/"},"wordCount":435,"commentCount":0,"publisher":{"@id":"https:\/\/defensanews.com\/#organization"},"image":{"@id":"https:\/\/defensanews.com\/ecuador-intensifica-su-lucha-contra-la-mineria-ilegal-con-32-000-operaciones-en-16-meses\/#primaryimage"},"thumbnailUrl":"https:\/\/defensanews.com\/wp-content\/uploads\/2025\/05\/GrK-j5oXYAAdH9T.jpeg","keywords":["Ecuador","Fuerzas Armadas","Operativo militar Ecuador"],"articleSection":["Am\u00e9rica Latina"],"inLanguage":"en-US","potentialAction":[{"@type":"CommentAction","name":"Comment","target":["https:\/\/defensanews.com\/ecuador-intensifica-su-lucha-contra-la-mineria-ilegal-con-32-000-operaciones-en-16-meses\/#respond"]}],"copyrightYear":"2025","copyrightHolder":{"@id":"https:\/\/defensanews.com\/en\/#organization"}},{"@type":["WebPage","ItemPage"],"@id":"https:\/\/defensanews.com\/ecuador-intensifica-su-lucha-contra-la-mineria-ilegal-con-32-000-operaciones-en-16-meses\/","url":"https:\/\/defensanews.com\/ecuador-intensifica-su-lucha-contra-la-mineria-ilegal-con-32-000-operaciones-en-16-meses\/","name":"Ecuador intensifica su lucha contra la miner\u00eda ilegal con 32.000 operaciones en 16 meses","isPartOf":{"@id":"https:\/\/defensanews.com\/#website"},"primaryImageOfPage":{"@id":"https:\/\/defensanews.com\/ecuador-intensifica-su-lucha-contra-la-mineria-ilegal-con-32-000-operaciones-en-16-meses\/#primaryimage"},"image":{"@id":"https:\/\/defensanews.com\/ecuador-intensifica-su-lucha-contra-la-mineria-ilegal-con-32-000-operaciones-en-16-meses\/#primaryimage"},"thumbnailUrl":"https:\/\/defensanews.com\/wp-content\/uploads\/2025\/05\/GrK-j5oXYAAdH9T.jpeg","datePublished":"2025-05-19T09:30:17+00:00","dateModified":"2025-05-19T09:33:05+00:00","breadcrumb":{"@id":"https:\/\/defensanews.com\/ecuador-intensifica-su-lucha-contra-la-mineria-ilegal-con-32-000-operaciones-en-16-meses\/#breadcrumb"},"inLanguage":"en-US","potentialAction":[{"@type":"ReadAction","target":["https:\/\/defensanews.com\/ecuador-intensifica-su-lucha-contra-la-mineria-ilegal-con-32-000-operaciones-en-16-meses\/"]}]},{"@type":"ImageObject","inLanguage":"en-US","@id":"https:\/\/defensanews.com\/ecuador-intensifica-su-lucha-contra-la-mineria-ilegal-con-32-000-operaciones-en-16-meses\/#primaryimage","url":"https:\/\/defensanews.com\/wp-content\/uploads\/2025\/05\/GrK-j5oXYAAdH9T.jpeg","contentUrl":"https:\/\/defensanews.com\/wp-content\/uploads\/2025\/05\/GrK-j5oXYAAdH9T.jpeg","width":1080,"height":1350,"caption":"Ecuador intensifica su lucha contra la miner\u00eda ilegal con 32.000 operaciones en 16 meses - DEFENSANEWS.COM - Noticias defensa y seguridad"},{"@type":"BreadcrumbList","@id":"https:\/\/defensanews.com\/ecuador-intensifica-su-lucha-contra-la-mineria-ilegal-con-32-000-operaciones-en-16-meses\/#breadcrumb","itemListElement":[{"@type":"ListItem","position":1,"name":"Portada","item":"https:\/\/defensanews.com\/"},{"@type":"ListItem","position":2,"name":"Ecuador intensifica su lucha contra la miner\u00eda ilegal con 32.000 operaciones en 16 meses"}]},{"@type":"WebSite","@id":"https:\/\/defensanews.com\/#website","url":"https:\/\/defensanews.com\/","name":"NOTICIAS DEFENSA Y SEGURIDAD","description":"DEFENSA NEWS","publisher":{"@id":"https:\/\/defensanews.com\/#organization"},"alternateName":"DEFENSANEWS.COM","potentialAction":[{"@type":"SearchAction","target":{"@type":"EntryPoint","urlTemplate":"https:\/\/defensanews.com\/?s={search_term_string}"},"query-input":{"@type":"PropertyValueSpecification","valueRequired":true,"valueName":"search_term_string"}}],"inLanguage":"en-US"},{"@type":"Organization","@id":"https:\/\/defensanews.com\/#organization","name":"Leonardo Network S.r.l.","alternateName":"Leonardo Network S.r.l.","url":"https:\/\/defensanews.com\/","logo":{"@type":"ImageObject","inLanguage":"en-US","@id":"https:\/\/defensanews.com\/#\/schema\/logo\/image\/","url":"https:\/\/defensanews.com\/wp-content\/uploads\/2025\/05\/DN-1200.jpg","contentUrl":"https:\/\/defensanews.com\/wp-content\/uploads\/2025\/05\/DN-1200.jpg","width":1200,"height":675,"caption":"Leonardo Network S.r.l."},"image":{"@id":"https:\/\/defensanews.com\/#\/schema\/logo\/image\/"},"sameAs":["https:\/\/www.facebook.com\/defensanewscom\/","https:\/\/www.instagram.com\/defensanews\/"],"description":"DEFENSANEWS.COM, la plataforma digital independiente dedicada a las noticias sobre defensa y seguridad de Espa\u00f1a, Am\u00e9rica Latina y Estados Unidos.","email":"info@defensanews.com","telephone":"05661966359","legalName":"Leonardo Network S.r.l.","foundingDate":"2024-05-11","vatID":"IT01749180533","numberOfEmployees":{"@type":"QuantitativeValue","minValue":"1","maxValue":"10"},"publishingPrinciples":"https:\/\/defensanews.com\/terminos-y-condiciones\/"},{"@type":"Person","@id":"https:\/\/defensanews.com\/#\/schema\/person\/d371c69fc541b938db26187937f0c11a","name":"Defensa News","image":{"@type":"ImageObject","inLanguage":"en-US","@id":"https:\/\/defensanews.com\/#\/schema\/person\/image\/","url":"https:\/\/defensanews.com\/wp-content\/uploads\/2025\/05\/cropped-Untitled-9-150x150.jpg","contentUrl":"https:\/\/defensanews.com\/wp-content\/uploads\/2025\/05\/cropped-Untitled-9-150x150.jpg","caption":"Defensa News"},"sameAs":["https:\/\/defensanews.com"],"url":"https:\/\/defensanews.com\/en\/author\/defensanews\/"}]}},"_links":{"self":[{"href":"https:\/\/defensanews.com\/en\/wp-json\/wp\/v2\/posts\/2146","targetHints":{"allow":["GET"]}}],"collection":[{"href":"https:\/\/defensanews.com\/en\/wp-json\/wp\/v2\/posts"}],"about":[{"href":"https:\/\/defensanews.com\/en\/wp-json\/wp\/v2\/types\/post"}],"author":[{"embeddable":true,"href":"https:\/\/defensanews.com\/en\/wp-json\/wp\/v2\/users\/1"}],"replies":[{"embeddable":true,"href":"https:\/\/defensanews.com\/en\/wp-json\/wp\/v2\/comments?post=2146"}],"version-history":[{"count":3,"href":"https:\/\/defensanews.com\/en\/wp-json\/wp\/v2\/posts\/2146\/revisions"}],"predecessor-version":[{"id":2150,"href":"https:\/\/defensanews.com\/en\/wp-json\/wp\/v2\/posts\/2146\/revisions\/2150"}],"wp:featuredmedia":[{"embeddable":true,"href":"https:\/\/defensanews.com\/en\/wp-json\/wp\/v2\/media\/2147"}],"wp:attachment":[{"href":"https:\/\/defensanews.com\/en\/wp-json\/wp\/v2\/media?parent=2146"}],"wp:term":[{"taxonomy":"category","embeddable":true,"href":"https:\/\/defensanews.com\/en\/wp-json\/wp\/v2\/categories?post=2146"},{"taxonomy":"post_tag","embeddable":true,"href":"https:\/\/defensanews.com\/en\/wp-json\/wp\/v2\/tags?post=2146"}],"curies":[{"name":"wp","href":"https:\/\/api.w.org\/{rel}","templated":true}]}}