{"id":2151,"date":"2025-05-19T11:53:08","date_gmt":"2025-05-19T09:53:08","guid":{"rendered":"https:\/\/defensanews.com\/?p=2151"},"modified":"2025-05-19T11:53:10","modified_gmt":"2025-05-19T09:53:10","slug":"fuerzas-armadas-rinden-homenaje-en-el-quinto-centenario-de-la-ciudad-de-trujillo","status":"publish","type":"post","link":"https:\/\/defensanews.com\/en\/armed-forces-pay-tribute-on-the-fifth-centenary-of-the-city-of-trujillo\/","title":{"rendered":"Armed Forces pay tribute in the Fifth Centenary of the city of Trujillo"},"content":{"rendered":"<p>With an emotional ceremony and cannon fire, the Armed Forces accompanied the community in a historic celebration full of patriotic symbolism.<\/p>\n\n\n\n<h2 class=\"wp-block-heading\" id=\"h-presencia-militar-en-un-acto-de-profundo-valor-historico\">Military presence at an event of profound historical value<br><\/h2>\n\n\n\n<p>On instructions from the <strong>Chairman of the Joint Chiefs of Staff<\/strong>, <strong>Major General Roosevelt Hern\u00e1ndez<\/strong>the <strong>Armed Forces of Honduras<\/strong> actively participated in the celebration of the <strong>Quinto Centenario de la fundaci\u00f3n de la ciudad de Trujillo (Fifth Centenary of the foundation of the city of Trujillo)<\/strong>in the department of Col\u00f3n.<\/p>\n\n\n\n<p>The ceremony, impregnated with <strong>emotion, solemnity and national pride<\/strong>The event, with the outstanding participation of <strong>First Field Artillery Battalion<\/strong>The company's personnel accompanied the Trujillo community in an event that marked a milestone in local history.<\/p>\n\n\n\n<h2 class=\"wp-block-heading\" id=\"h-salvas-de-honor-para-sellar-el-legado\">Salutes of honor to seal the legacy<\/h2>\n\n\n\n<p>One of the most poignant moments of the event was the <strong>final gun salute demonstration<\/strong>by <strong>Naval Academy cadets<\/strong>The cannon shots were fired with precision and military discipline and echoed throughout the bay of Trujillo. The echo of the cannon shots not only symbolized respect and recognition to the past of the city, but also the <strong>continued commitment of the Armed Forces to sovereignty and national identity<\/strong>.<\/p>\n\n\n\n<h2 class=\"wp-block-heading\" id=\"h-un-homenaje-a-la-historia-y-a-la-patria\">A tribute to history and homeland<\/h2>\n\n\n\n<p>This commemorative act reaffirms the service vocation of the Armed Forces not only in defense tasks, but also in the strengthening of the <strong>cultural heritage and national civism<\/strong>. The military presence in this type of events reflects the close bond between the armed institutions and the Honduran people, consolidating values of unity, respect and belonging.<\/p>\n\n\n\n<p>Thus, amidst applause, emotion and an atmosphere of deep meaning, the city of Trujillo closed its commemorative day accompanied by the respect and support of those who <strong>watch over peace, history and the country's future<\/strong>.<\/p>","protected":false},"excerpt":{"rendered":"<p>Con una emotiva ceremonia y salvas de ca\u00f1\u00f3n, las Fuerzas Armadas acompa\u00f1aron a la comunidad en una hist\u00f3rica celebraci\u00f3n cargada de simbolismo patrio Presencia militar en un acto de profundo valor hist\u00f3rico Por instrucciones del Jefe del Estado Mayor Conjunto, General de Divisi\u00f3n Roosevelt Hern\u00e1ndez, las Fuerzas Armadas de Honduras participaron activamente en la celebraci\u00f3n [&hellip;]<\/p>","protected":false},"author":1,"featured_media":2152,"comment_status":"open","ping_status":"open","sticky":false,"template":"","format":"standard","meta":{"_acf_changed":false,"footnotes":""},"categories":[2],"tags":[236,190,192],"class_list":["post-2151","post","type-post","status-publish","format-standard","has-post-thumbnail","hentry","category-america-latina","tag-500-anos","tag-fuerzas-armadas-de-honduras","tag-honduras"],"acf":[],"yoast_head":"<!-- This site is optimized with the Yoast SEO Premium plugin v25.0 (Yoast SEO v25.0) - https:\/\/yoast.com\/wordpress\/plugins\/seo\/ -->\n<title>Fuerzas Armadas rinden homenaje en el Quinto Centenario de la ciudad de Trujillo<\/title>\n<meta name=\"robots\" content=\"index, follow, max-snippet:-1, max-image-preview:large, max-video-preview:-1\" \/>\n<link rel=\"canonical\" href=\"https:\/\/defensanews.com\/en\/armed-forces-pay-tribute-on-the-fifth-centenary-of-the-city-of-trujillo\/\" \/>\n<meta property=\"og:locale\" content=\"en_US\" \/>\n<meta property=\"og:type\" content=\"article\" \/>\n<meta property=\"og:title\" content=\"Fuerzas Armadas rinden homenaje en el Quinto Centenario de la ciudad de Trujillo\" \/>\n<meta property=\"og:description\" content=\"Con una emotiva ceremonia y salvas de ca\u00f1\u00f3n, las Fuerzas Armadas acompa\u00f1aron a la comunidad en una hist\u00f3rica celebraci\u00f3n cargada de simbolismo patrio Presencia militar en un acto de profundo valor hist\u00f3rico Por instrucciones del Jefe del Estado Mayor Conjunto, General de Divisi\u00f3n Roosevelt Hern\u00e1ndez, las Fuerzas Armadas de Honduras participaron activamente en la celebraci\u00f3n [&hellip;]\" \/>\n<meta property=\"og:url\" content=\"https:\/\/defensanews.com\/en\/armed-forces-pay-tribute-on-the-fifth-centenary-of-the-city-of-trujillo\/\" \/>\n<meta property=\"og:site_name\" content=\"NOTICIAS DEFENSA, GEOPOL\u00cdTICA Y SEGURIDAD\" \/>\n<meta property=\"article:publisher\" content=\"https:\/\/www.facebook.com\/defensanewscom\/\" \/>\n<meta property=\"article:published_time\" content=\"2025-05-19T09:53:08+00:00\" \/>\n<meta property=\"article:modified_time\" content=\"2025-05-19T09:53:10+00:00\" \/>\n<meta property=\"og:image\" content=\"https:\/\/defensanews.com\/wp-content\/uploads\/2025\/05\/honduras-1.jpg\" \/>\n\t<meta property=\"og:image:width\" content=\"2048\" \/>\n\t<meta property=\"og:image:height\" content=\"1153\" \/>\n\t<meta property=\"og:image:type\" content=\"image\/jpeg\" \/>\n<meta name=\"author\" content=\"Defensa News\" \/>\n<meta name=\"twitter:card\" content=\"summary_large_image\" \/>\n<meta name=\"twitter:label1\" content=\"Written by\" \/>\n\t<meta name=\"twitter:data1\" content=\"Defensa News\" \/>\n\t<meta name=\"twitter:label2\" content=\"Est. reading time\" \/>\n\t<meta name=\"twitter:data2\" content=\"2 minutes\" \/>\n<script type=\"application\/ld+json\" class=\"yoast-schema-graph\">{\"@context\":\"https:\/\/schema.org\",\"@graph\":[{\"@type\":\"NewsArticle\",\"@id\":\"https:\/\/defensanews.com\/fuerzas-armadas-rinden-homenaje-en-el-quinto-centenario-de-la-ciudad-de-trujillo\/#article\",\"isPartOf\":{\"@id\":\"https:\/\/defensanews.com\/fuerzas-armadas-rinden-homenaje-en-el-quinto-centenario-de-la-ciudad-de-trujillo\/\"},\"author\":{\"name\":\"Defensa News\",\"@id\":\"https:\/\/defensanews.com\/#\/schema\/person\/d371c69fc541b938db26187937f0c11a\"},\"headline\":\"Fuerzas Armadas rinden homenaje en el Quinto Centenario de la ciudad de Trujillo\",\"datePublished\":\"2025-05-19T09:53:08+00:00\",\"dateModified\":\"2025-05-19T09:53:10+00:00\",\"mainEntityOfPage\":{\"@id\":\"https:\/\/defensanews.com\/fuerzas-armadas-rinden-homenaje-en-el-quinto-centenario-de-la-ciudad-de-trujillo\/\"},\"wordCount\":339,\"commentCount\":0,\"publisher\":{\"@id\":\"https:\/\/defensanews.com\/#organization\"},\"image\":{\"@id\":\"https:\/\/defensanews.com\/fuerzas-armadas-rinden-homenaje-en-el-quinto-centenario-de-la-ciudad-de-trujillo\/#primaryimage\"},\"thumbnailUrl\":\"https:\/\/defensanews.com\/wp-content\/uploads\/2025\/05\/honduras-1.jpg\",\"keywords\":[\"500 a\u00f1os\",\"Fuerzas Armadas de Honduras\",\"Honduras\"],\"articleSection\":[\"Am\u00e9rica Latina\"],\"inLanguage\":\"en-US\",\"potentialAction\":[{\"@type\":\"CommentAction\",\"name\":\"Comment\",\"target\":[\"https:\/\/defensanews.com\/fuerzas-armadas-rinden-homenaje-en-el-quinto-centenario-de-la-ciudad-de-trujillo\/#respond\"]}],\"copyrightYear\":\"2025\",\"copyrightHolder\":{\"@id\":\"https:\/\/defensanews.com\/en\/#organization\"}},{\"@type\":[\"WebPage\",\"ItemPage\"],\"@id\":\"https:\/\/defensanews.com\/fuerzas-armadas-rinden-homenaje-en-el-quinto-centenario-de-la-ciudad-de-trujillo\/\",\"url\":\"https:\/\/defensanews.com\/fuerzas-armadas-rinden-homenaje-en-el-quinto-centenario-de-la-ciudad-de-trujillo\/\",\"name\":\"Fuerzas Armadas rinden homenaje en el Quinto Centenario de la ciudad de Trujillo\",\"isPartOf\":{\"@id\":\"https:\/\/defensanews.com\/#website\"},\"primaryImageOfPage\":{\"@id\":\"https:\/\/defensanews.com\/fuerzas-armadas-rinden-homenaje-en-el-quinto-centenario-de-la-ciudad-de-trujillo\/#primaryimage\"},\"image\":{\"@id\":\"https:\/\/defensanews.com\/fuerzas-armadas-rinden-homenaje-en-el-quinto-centenario-de-la-ciudad-de-trujillo\/#primaryimage\"},\"thumbnailUrl\":\"https:\/\/defensanews.com\/wp-content\/uploads\/2025\/05\/honduras-1.jpg\",\"datePublished\":\"2025-05-19T09:53:08+00:00\",\"dateModified\":\"2025-05-19T09:53:10+00:00\",\"breadcrumb\":{\"@id\":\"https:\/\/defensanews.com\/fuerzas-armadas-rinden-homenaje-en-el-quinto-centenario-de-la-ciudad-de-trujillo\/#breadcrumb\"},\"inLanguage\":\"en-US\",\"potentialAction\":[{\"@type\":\"ReadAction\",\"target\":[\"https:\/\/defensanews.com\/fuerzas-armadas-rinden-homenaje-en-el-quinto-centenario-de-la-ciudad-de-trujillo\/\"]}]},{\"@type\":\"ImageObject\",\"inLanguage\":\"en-US\",\"@id\":\"https:\/\/defensanews.com\/fuerzas-armadas-rinden-homenaje-en-el-quinto-centenario-de-la-ciudad-de-trujillo\/#primaryimage\",\"url\":\"https:\/\/defensanews.com\/wp-content\/uploads\/2025\/05\/honduras-1.jpg\",\"contentUrl\":\"https:\/\/defensanews.com\/wp-content\/uploads\/2025\/05\/honduras-1.jpg\",\"width\":2048,\"height\":1153,\"caption\":\"Borrador autom\u00e1tico - DEFENSANEWS.COM - Noticias defensa y seguridad\"},{\"@type\":\"BreadcrumbList\",\"@id\":\"https:\/\/defensanews.com\/fuerzas-armadas-rinden-homenaje-en-el-quinto-centenario-de-la-ciudad-de-trujillo\/#breadcrumb\",\"itemListElement\":[{\"@type\":\"ListItem\",\"position\":1,\"name\":\"Portada\",\"item\":\"https:\/\/defensanews.com\/\"},{\"@type\":\"ListItem\",\"position\":2,\"name\":\"Fuerzas Armadas rinden homenaje en el Quinto Centenario de la ciudad de Trujillo\"}]},{\"@type\":\"WebSite\",\"@id\":\"https:\/\/defensanews.com\/#website\",\"url\":\"https:\/\/defensanews.com\/\",\"name\":\"NOTICIAS DEFENSA Y SEGURIDAD\",\"description\":\"DEFENSA NEWS\",\"publisher\":{\"@id\":\"https:\/\/defensanews.com\/#organization\"},\"alternateName\":\"DEFENSANEWS.COM\",\"potentialAction\":[{\"@type\":\"SearchAction\",\"target\":{\"@type\":\"EntryPoint\",\"urlTemplate\":\"https:\/\/defensanews.com\/?s={search_term_string}\"},\"query-input\":{\"@type\":\"PropertyValueSpecification\",\"valueRequired\":true,\"valueName\":\"search_term_string\"}}],\"inLanguage\":\"en-US\"},{\"@type\":\"Organization\",\"@id\":\"https:\/\/defensanews.com\/#organization\",\"name\":\"Leonardo Network S.r.l.\",\"alternateName\":\"Leonardo Network S.r.l.\",\"url\":\"https:\/\/defensanews.com\/\",\"logo\":{\"@type\":\"ImageObject\",\"inLanguage\":\"en-US\",\"@id\":\"https:\/\/defensanews.com\/#\/schema\/logo\/image\/\",\"url\":\"https:\/\/defensanews.com\/wp-content\/uploads\/2025\/05\/DN-1200.jpg\",\"contentUrl\":\"https:\/\/defensanews.com\/wp-content\/uploads\/2025\/05\/DN-1200.jpg\",\"width\":1200,\"height\":675,\"caption\":\"Leonardo Network S.r.l.\"},\"image\":{\"@id\":\"https:\/\/defensanews.com\/#\/schema\/logo\/image\/\"},\"sameAs\":[\"https:\/\/www.facebook.com\/defensanewscom\/\",\"https:\/\/www.instagram.com\/defensanews\/\"],\"description\":\"DEFENSANEWS.COM, la plataforma digital independiente dedicada a las noticias sobre defensa y seguridad de Espa\u00f1a, Am\u00e9rica Latina y Estados Unidos.\",\"email\":\"info@defensanews.com\",\"telephone\":\"05661966359\",\"legalName\":\"Leonardo Network S.r.l.\",\"foundingDate\":\"2024-05-11\",\"vatID\":\"IT01749180533\",\"numberOfEmployees\":{\"@type\":\"QuantitativeValue\",\"minValue\":\"1\",\"maxValue\":\"10\"},\"publishingPrinciples\":\"https:\/\/defensanews.com\/terminos-y-condiciones\/\"},{\"@type\":\"Person\",\"@id\":\"https:\/\/defensanews.com\/#\/schema\/person\/d371c69fc541b938db26187937f0c11a\",\"name\":\"Defensa News\",\"image\":{\"@type\":\"ImageObject\",\"inLanguage\":\"en-US\",\"@id\":\"https:\/\/defensanews.com\/#\/schema\/person\/image\/\",\"url\":\"https:\/\/defensanews.com\/wp-content\/uploads\/2025\/05\/cropped-Untitled-9-150x150.jpg\",\"contentUrl\":\"https:\/\/defensanews.com\/wp-content\/uploads\/2025\/05\/cropped-Untitled-9-150x150.jpg\",\"caption\":\"Defensa News\"},\"sameAs\":[\"https:\/\/defensanews.com\"],\"url\":\"https:\/\/defensanews.com\/en\/author\/defensanews\/\"}]}<\/script>\n<!-- \/ Yoast SEO Premium plugin. -->","yoast_head_json":{"title":"Fuerzas Armadas rinden homenaje en el Quinto Centenario de la ciudad de Trujillo","robots":{"index":"index","follow":"follow","max-snippet":"max-snippet:-1","max-image-preview":"max-image-preview:large","max-video-preview":"max-video-preview:-1"},"canonical":"https:\/\/defensanews.com\/en\/armed-forces-pay-tribute-on-the-fifth-centenary-of-the-city-of-trujillo\/","og_locale":"en_US","og_type":"article","og_title":"Fuerzas Armadas rinden homenaje en el Quinto Centenario de la ciudad de Trujillo","og_description":"Con una emotiva ceremonia y salvas de ca\u00f1\u00f3n, las Fuerzas Armadas acompa\u00f1aron a la comunidad en una hist\u00f3rica celebraci\u00f3n cargada de simbolismo patrio Presencia militar en un acto de profundo valor hist\u00f3rico Por instrucciones del Jefe del Estado Mayor Conjunto, General de Divisi\u00f3n Roosevelt Hern\u00e1ndez, las Fuerzas Armadas de Honduras participaron activamente en la celebraci\u00f3n [&hellip;]","og_url":"https:\/\/defensanews.com\/en\/armed-forces-pay-tribute-on-the-fifth-centenary-of-the-city-of-trujillo\/","og_site_name":"NOTICIAS DEFENSA, GEOPOL\u00cdTICA Y SEGURIDAD","article_publisher":"https:\/\/www.facebook.com\/defensanewscom\/","article_published_time":"2025-05-19T09:53:08+00:00","article_modified_time":"2025-05-19T09:53:10+00:00","og_image":[{"width":2048,"height":1153,"url":"https:\/\/defensanews.com\/wp-content\/uploads\/2025\/05\/honduras-1.jpg","type":"image\/jpeg"}],"author":"Defensa News","twitter_card":"summary_large_image","twitter_misc":{"Written by":"Defensa News","Est. reading time":"2 minutes"},"schema":{"@context":"https:\/\/schema.org","@graph":[{"@type":"NewsArticle","@id":"https:\/\/defensanews.com\/fuerzas-armadas-rinden-homenaje-en-el-quinto-centenario-de-la-ciudad-de-trujillo\/#article","isPartOf":{"@id":"https:\/\/defensanews.com\/fuerzas-armadas-rinden-homenaje-en-el-quinto-centenario-de-la-ciudad-de-trujillo\/"},"author":{"name":"Defensa News","@id":"https:\/\/defensanews.com\/#\/schema\/person\/d371c69fc541b938db26187937f0c11a"},"headline":"Fuerzas Armadas rinden homenaje en el Quinto Centenario de la ciudad de Trujillo","datePublished":"2025-05-19T09:53:08+00:00","dateModified":"2025-05-19T09:53:10+00:00","mainEntityOfPage":{"@id":"https:\/\/defensanews.com\/fuerzas-armadas-rinden-homenaje-en-el-quinto-centenario-de-la-ciudad-de-trujillo\/"},"wordCount":339,"commentCount":0,"publisher":{"@id":"https:\/\/defensanews.com\/#organization"},"image":{"@id":"https:\/\/defensanews.com\/fuerzas-armadas-rinden-homenaje-en-el-quinto-centenario-de-la-ciudad-de-trujillo\/#primaryimage"},"thumbnailUrl":"https:\/\/defensanews.com\/wp-content\/uploads\/2025\/05\/honduras-1.jpg","keywords":["500 a\u00f1os","Fuerzas Armadas de Honduras","Honduras"],"articleSection":["Am\u00e9rica Latina"],"inLanguage":"en-US","potentialAction":[{"@type":"CommentAction","name":"Comment","target":["https:\/\/defensanews.com\/fuerzas-armadas-rinden-homenaje-en-el-quinto-centenario-de-la-ciudad-de-trujillo\/#respond"]}],"copyrightYear":"2025","copyrightHolder":{"@id":"https:\/\/defensanews.com\/en\/#organization"}},{"@type":["WebPage","ItemPage"],"@id":"https:\/\/defensanews.com\/fuerzas-armadas-rinden-homenaje-en-el-quinto-centenario-de-la-ciudad-de-trujillo\/","url":"https:\/\/defensanews.com\/fuerzas-armadas-rinden-homenaje-en-el-quinto-centenario-de-la-ciudad-de-trujillo\/","name":"Fuerzas Armadas rinden homenaje en el Quinto Centenario de la ciudad de Trujillo","isPartOf":{"@id":"https:\/\/defensanews.com\/#website"},"primaryImageOfPage":{"@id":"https:\/\/defensanews.com\/fuerzas-armadas-rinden-homenaje-en-el-quinto-centenario-de-la-ciudad-de-trujillo\/#primaryimage"},"image":{"@id":"https:\/\/defensanews.com\/fuerzas-armadas-rinden-homenaje-en-el-quinto-centenario-de-la-ciudad-de-trujillo\/#primaryimage"},"thumbnailUrl":"https:\/\/defensanews.com\/wp-content\/uploads\/2025\/05\/honduras-1.jpg","datePublished":"2025-05-19T09:53:08+00:00","dateModified":"2025-05-19T09:53:10+00:00","breadcrumb":{"@id":"https:\/\/defensanews.com\/fuerzas-armadas-rinden-homenaje-en-el-quinto-centenario-de-la-ciudad-de-trujillo\/#breadcrumb"},"inLanguage":"en-US","potentialAction":[{"@type":"ReadAction","target":["https:\/\/defensanews.com\/fuerzas-armadas-rinden-homenaje-en-el-quinto-centenario-de-la-ciudad-de-trujillo\/"]}]},{"@type":"ImageObject","inLanguage":"en-US","@id":"https:\/\/defensanews.com\/fuerzas-armadas-rinden-homenaje-en-el-quinto-centenario-de-la-ciudad-de-trujillo\/#primaryimage","url":"https:\/\/defensanews.com\/wp-content\/uploads\/2025\/05\/honduras-1.jpg","contentUrl":"https:\/\/defensanews.com\/wp-content\/uploads\/2025\/05\/honduras-1.jpg","width":2048,"height":1153,"caption":"Borrador autom\u00e1tico - DEFENSANEWS.COM - Noticias defensa y seguridad"},{"@type":"BreadcrumbList","@id":"https:\/\/defensanews.com\/fuerzas-armadas-rinden-homenaje-en-el-quinto-centenario-de-la-ciudad-de-trujillo\/#breadcrumb","itemListElement":[{"@type":"ListItem","position":1,"name":"Portada","item":"https:\/\/defensanews.com\/"},{"@type":"ListItem","position":2,"name":"Fuerzas Armadas rinden homenaje en el Quinto Centenario de la ciudad de Trujillo"}]},{"@type":"WebSite","@id":"https:\/\/defensanews.com\/#website","url":"https:\/\/defensanews.com\/","name":"NOTICIAS DEFENSA Y SEGURIDAD","description":"DEFENSA NEWS","publisher":{"@id":"https:\/\/defensanews.com\/#organization"},"alternateName":"DEFENSANEWS.COM","potentialAction":[{"@type":"SearchAction","target":{"@type":"EntryPoint","urlTemplate":"https:\/\/defensanews.com\/?s={search_term_string}"},"query-input":{"@type":"PropertyValueSpecification","valueRequired":true,"valueName":"search_term_string"}}],"inLanguage":"en-US"},{"@type":"Organization","@id":"https:\/\/defensanews.com\/#organization","name":"Leonardo Network S.r.l.","alternateName":"Leonardo Network S.r.l.","url":"https:\/\/defensanews.com\/","logo":{"@type":"ImageObject","inLanguage":"en-US","@id":"https:\/\/defensanews.com\/#\/schema\/logo\/image\/","url":"https:\/\/defensanews.com\/wp-content\/uploads\/2025\/05\/DN-1200.jpg","contentUrl":"https:\/\/defensanews.com\/wp-content\/uploads\/2025\/05\/DN-1200.jpg","width":1200,"height":675,"caption":"Leonardo Network S.r.l."},"image":{"@id":"https:\/\/defensanews.com\/#\/schema\/logo\/image\/"},"sameAs":["https:\/\/www.facebook.com\/defensanewscom\/","https:\/\/www.instagram.com\/defensanews\/"],"description":"DEFENSANEWS.COM, la plataforma digital independiente dedicada a las noticias sobre defensa y seguridad de Espa\u00f1a, Am\u00e9rica Latina y Estados Unidos.","email":"info@defensanews.com","telephone":"05661966359","legalName":"Leonardo Network S.r.l.","foundingDate":"2024-05-11","vatID":"IT01749180533","numberOfEmployees":{"@type":"QuantitativeValue","minValue":"1","maxValue":"10"},"publishingPrinciples":"https:\/\/defensanews.com\/terminos-y-condiciones\/"},{"@type":"Person","@id":"https:\/\/defensanews.com\/#\/schema\/person\/d371c69fc541b938db26187937f0c11a","name":"Defensa News","image":{"@type":"ImageObject","inLanguage":"en-US","@id":"https:\/\/defensanews.com\/#\/schema\/person\/image\/","url":"https:\/\/defensanews.com\/wp-content\/uploads\/2025\/05\/cropped-Untitled-9-150x150.jpg","contentUrl":"https:\/\/defensanews.com\/wp-content\/uploads\/2025\/05\/cropped-Untitled-9-150x150.jpg","caption":"Defensa News"},"sameAs":["https:\/\/defensanews.com"],"url":"https:\/\/defensanews.com\/en\/author\/defensanews\/"}]}},"_links":{"self":[{"href":"https:\/\/defensanews.com\/en\/wp-json\/wp\/v2\/posts\/2151","targetHints":{"allow":["GET"]}}],"collection":[{"href":"https:\/\/defensanews.com\/en\/wp-json\/wp\/v2\/posts"}],"about":[{"href":"https:\/\/defensanews.com\/en\/wp-json\/wp\/v2\/types\/post"}],"author":[{"embeddable":true,"href":"https:\/\/defensanews.com\/en\/wp-json\/wp\/v2\/users\/1"}],"replies":[{"embeddable":true,"href":"https:\/\/defensanews.com\/en\/wp-json\/wp\/v2\/comments?post=2151"}],"version-history":[{"count":2,"href":"https:\/\/defensanews.com\/en\/wp-json\/wp\/v2\/posts\/2151\/revisions"}],"predecessor-version":[{"id":2154,"href":"https:\/\/defensanews.com\/en\/wp-json\/wp\/v2\/posts\/2151\/revisions\/2154"}],"wp:featuredmedia":[{"embeddable":true,"href":"https:\/\/defensanews.com\/en\/wp-json\/wp\/v2\/media\/2152"}],"wp:attachment":[{"href":"https:\/\/defensanews.com\/en\/wp-json\/wp\/v2\/media?parent=2151"}],"wp:term":[{"taxonomy":"category","embeddable":true,"href":"https:\/\/defensanews.com\/en\/wp-json\/wp\/v2\/categories?post=2151"},{"taxonomy":"post_tag","embeddable":true,"href":"https:\/\/defensanews.com\/en\/wp-json\/wp\/v2\/tags?post=2151"}],"curies":[{"name":"wp","href":"https:\/\/api.w.org\/{rel}","templated":true}]}}