{"id":2184,"date":"2025-05-19T17:50:06","date_gmt":"2025-05-19T15:50:06","guid":{"rendered":"https:\/\/defensanews.com\/?p=2184"},"modified":"2025-05-19T17:50:09","modified_gmt":"2025-05-19T15:50:09","slug":"feindef-25-marca-un-hito-historico-en-innovacion-y-cooperacion-en-defensa","status":"publish","type":"post","link":"https:\/\/defensanews.com\/en\/feindef-25-marks-a-historic-milestone-in-defense-innovation-and-cooperation\/","title":{"rendered":"FEINDEF 25 marks a historic milestone in defense innovation and cooperation"},"content":{"rendered":"<p>With more than 44,000 visitors, strategic agreements and a decisive boost to technology, the fair consolidates its position as the largest defense event in Spain.<\/p>\n\n\n\n<h2 class=\"wp-block-heading\" id=\"h-una-edicion-sin-precedentes\">An unprecedented edition<\/h2>\n\n\n\n<p>The fourth edition of the <strong>International Defense and Security Exhibition of Spain (FEINDEF)<\/strong>held at the <strong>May 12 to 14<\/strong> at IFEMA Madrid, has surpassed all expectations and has consolidated its position as a <strong>international benchmark in cooperation, innovation and industrial development<\/strong> in the field of defense. With <strong>more than 44,000 attendees<\/strong>the participation of <strong>600 exhibitors<\/strong> y <strong>91 international delegations<\/strong>FEINDEF 25 has been the most ambitious edition to date.<\/p>\n\n\n\n<p>The opening ceremony was presided over by <strong>Angel Olivares<\/strong>The event was attended by high-level institutional representatives, such as the President of the FEINDEF Foundation. <strong>Margarita Robles<\/strong>Minister of Defense; <strong>Jordi Hereu<\/strong>Minister of Industry and Tourism; and <strong>Esperanza Casteleiro<\/strong>The CNI director, as well as the chiefs of staff of the three armies, who participated in a round table on technological and operational transformation of the Armed Forces.<\/p>\n\n\n\n<h2 class=\"wp-block-heading\" id=\"h-mujeres-ingenieria-y-defensa-visibilizando-el-talento\">Women, engineering and defense: making talent visible<\/h2>\n\n\n\n<p>During the closing ceremony, the <strong>Secretary of State for Defense, Mar\u00eda Amparo Valcarce<\/strong>The role of women in the sector was highlighted during her speech at the round table discussion. <strong>\"Women, Engineering and Defense\" (MID).<\/strong>. This project, led by the Secretary of State's Office in collaboration with institutions such as the <strong>FEINDEF Foundation<\/strong>, <strong>ISDEFE<\/strong> and the <strong>Royal Academy of Engineering<\/strong>search for <strong>giving visibility to female talent<\/strong> in engineering and defense, promoting its contribution to innovation and the transformation of the sector.<\/p>\n\n\n\n<h2 class=\"wp-block-heading\" id=\"h-cooperacion-industrial-y-soberania-tecnologica\">Industrial cooperation and technological sovereignty<\/h2>\n\n\n\n<p>FEINDEF 25 was also the scene of the presentation of <strong>industrial autonomy strategies<\/strong> and investment in critical capabilities. The global corporate sponsors -<strong>Airbus, EM&amp;E, AMPER, Grupo Oes\u00eda, Indra and Navantia<\/strong>- strengthened their leadership through forums that focused on the need for a <strong>European collaborative structure<\/strong> to ensure technological and operational sovereignty.<\/p>\n\n\n\n<h2 class=\"wp-block-heading\" id=\"h-tecnologia-disruptiva-ciberdefensa-e-inteligencia-artificial\">Disruptive technology, cyber defense and artificial intelligence<\/h2>\n\n\n\n<p>The space <strong>INNOVA<\/strong> was the hub of disruptive technology, hosting meetings between startups, investment funds and round tables on <strong>dual technologies, AI, digitization and digital defense<\/strong>. Agencies such as the <strong>CDTI<\/strong>, <strong>ISDEFE<\/strong>, <strong>DIANA<\/strong> e <strong>INCIBE<\/strong> participated in the activities, stressing the importance of technological adaptation to the new strategic environment.<\/p>\n\n\n\n<p>The <strong>cyber defense<\/strong> played a central role in the fair, with lectures from the <strong>Joint Cyberspace Command (JCCCM)<\/strong>the <strong>CNI<\/strong>the <strong>Civil Guard<\/strong> and leading cybersecurity companies. Topics such as deterrence in the digital environment, the fight against cybercrime and the defense of cyberspace as an operational domain in hybrid warfare scenarios were addressed.<\/p>\n\n\n\n<p>Progress was also presented on <strong>AI applied to military logistics<\/strong>as the model <strong>CompactifAI<\/strong>and new next-generation technological systems. At the same time, an intense diplomatic and commercial agenda was developed with representatives of the following countries <strong>56 countries<\/strong>.<\/p>\n\n\n\n<p>FEINDEF 25 has not only strengthened the national industrial fabric, but has also brought the world of defense closer to society, especially to the new generations, through initiatives such as the panel <strong>\"In defense of all\"<\/strong>.<\/p>","protected":false},"excerpt":{"rendered":"<p>With more than 44,000 visitors, strategic agreements and a decisive boost to technology, the fair consolidates its position as the largest defense event in Spain An unprecedented edition The fourth edition of the International Defense and Security Fair of Spain (FEINDEF), held from May 12 to 14 at IFEMA Madrid, has [...]<\/p>","protected":false},"author":1,"featured_media":2185,"comment_status":"open","ping_status":"open","sticky":false,"template":"","format":"standard","meta":{"_acf_changed":false,"footnotes":""},"categories":[3],"tags":[248,240,247],"class_list":["post-2184","post","type-post","status-publish","format-standard","has-post-thumbnail","hentry","category-espana","tag-ciberseguridad","tag-espana","tag-feindef-25"],"acf":[],"yoast_head":"<!-- This site is optimized with the Yoast SEO Premium plugin v25.0 (Yoast SEO v25.0) - https:\/\/yoast.com\/wordpress\/plugins\/seo\/ -->\n<title>FEINDEF 25 marca un hito hist\u00f3rico en innovaci\u00f3n y cooperaci\u00f3n en defensa<\/title>\n<meta name=\"robots\" content=\"index, follow, max-snippet:-1, max-image-preview:large, max-video-preview:-1\" \/>\n<link rel=\"canonical\" href=\"https:\/\/defensanews.com\/en\/feindef-25-marks-a-historic-milestone-in-defense-innovation-and-cooperation\/\" \/>\n<meta property=\"og:locale\" content=\"en_US\" \/>\n<meta property=\"og:type\" content=\"article\" \/>\n<meta property=\"og:title\" content=\"FEINDEF 25 marca un hito hist\u00f3rico en innovaci\u00f3n y cooperaci\u00f3n en defensa\" \/>\n<meta property=\"og:description\" content=\"Con m\u00e1s de 44.000 visitantes, acuerdos estrat\u00e9gicos y un impulso decisivo a la tecnolog\u00eda, la feria se consolida como el mayor evento de defensa en Espa\u00f1a Una edici\u00f3n sin precedentes La cuarta edici\u00f3n de la Feria Internacional de Defensa y Seguridad de Espa\u00f1a (FEINDEF), celebrada del 12 al 14 de mayo en IFEMA Madrid, ha [&hellip;]\" \/>\n<meta property=\"og:url\" content=\"https:\/\/defensanews.com\/en\/feindef-25-marks-a-historic-milestone-in-defense-innovation-and-cooperation\/\" \/>\n<meta property=\"og:site_name\" content=\"NOTICIAS DEFENSA, GEOPOL\u00cdTICA Y SEGURIDAD\" \/>\n<meta property=\"article:publisher\" content=\"https:\/\/www.facebook.com\/defensanewscom\/\" \/>\n<meta property=\"article:published_time\" content=\"2025-05-19T15:50:06+00:00\" \/>\n<meta property=\"article:modified_time\" content=\"2025-05-19T15:50:09+00:00\" \/>\n<meta property=\"og:image\" content=\"https:\/\/defensanews.com\/wp-content\/uploads\/2025\/05\/foto-familia-feindef-noticia.jpg\" \/>\n\t<meta property=\"og:image:width\" content=\"1024\" \/>\n\t<meta property=\"og:image:height\" content=\"683\" \/>\n\t<meta property=\"og:image:type\" content=\"image\/jpeg\" \/>\n<meta name=\"author\" content=\"Defensa News\" \/>\n<meta name=\"twitter:card\" content=\"summary_large_image\" \/>\n<meta name=\"twitter:label1\" content=\"Written by\" \/>\n\t<meta name=\"twitter:data1\" content=\"Defensa News\" \/>\n\t<meta name=\"twitter:label2\" content=\"Est. reading time\" \/>\n\t<meta name=\"twitter:data2\" content=\"3 minutes\" \/>\n<script type=\"application\/ld+json\" class=\"yoast-schema-graph\">{\"@context\":\"https:\/\/schema.org\",\"@graph\":[{\"@type\":\"NewsArticle\",\"@id\":\"https:\/\/defensanews.com\/feindef-25-marca-un-hito-historico-en-innovacion-y-cooperacion-en-defensa\/#article\",\"isPartOf\":{\"@id\":\"https:\/\/defensanews.com\/feindef-25-marca-un-hito-historico-en-innovacion-y-cooperacion-en-defensa\/\"},\"author\":{\"name\":\"Defensa News\",\"@id\":\"https:\/\/defensanews.com\/#\/schema\/person\/d371c69fc541b938db26187937f0c11a\"},\"headline\":\"FEINDEF 25 marca un hito hist\u00f3rico en innovaci\u00f3n y cooperaci\u00f3n en defensa\",\"datePublished\":\"2025-05-19T15:50:06+00:00\",\"dateModified\":\"2025-05-19T15:50:09+00:00\",\"mainEntityOfPage\":{\"@id\":\"https:\/\/defensanews.com\/feindef-25-marca-un-hito-historico-en-innovacion-y-cooperacion-en-defensa\/\"},\"wordCount\":564,\"commentCount\":0,\"publisher\":{\"@id\":\"https:\/\/defensanews.com\/#organization\"},\"image\":{\"@id\":\"https:\/\/defensanews.com\/feindef-25-marca-un-hito-historico-en-innovacion-y-cooperacion-en-defensa\/#primaryimage\"},\"thumbnailUrl\":\"https:\/\/defensanews.com\/wp-content\/uploads\/2025\/05\/foto-familia-feindef-noticia.jpg\",\"keywords\":[\"ciberseguridad\",\"Espa\u00f1a\",\"FEINDEF 25\"],\"articleSection\":[\"Espa\u00f1a\"],\"inLanguage\":\"en-US\",\"potentialAction\":[{\"@type\":\"CommentAction\",\"name\":\"Comment\",\"target\":[\"https:\/\/defensanews.com\/feindef-25-marca-un-hito-historico-en-innovacion-y-cooperacion-en-defensa\/#respond\"]}],\"copyrightYear\":\"2025\",\"copyrightHolder\":{\"@id\":\"https:\/\/defensanews.com\/en\/#organization\"}},{\"@type\":[\"WebPage\",\"ItemPage\"],\"@id\":\"https:\/\/defensanews.com\/feindef-25-marca-un-hito-historico-en-innovacion-y-cooperacion-en-defensa\/\",\"url\":\"https:\/\/defensanews.com\/feindef-25-marca-un-hito-historico-en-innovacion-y-cooperacion-en-defensa\/\",\"name\":\"FEINDEF 25 marca un hito hist\u00f3rico en innovaci\u00f3n y cooperaci\u00f3n en defensa\",\"isPartOf\":{\"@id\":\"https:\/\/defensanews.com\/#website\"},\"primaryImageOfPage\":{\"@id\":\"https:\/\/defensanews.com\/feindef-25-marca-un-hito-historico-en-innovacion-y-cooperacion-en-defensa\/#primaryimage\"},\"image\":{\"@id\":\"https:\/\/defensanews.com\/feindef-25-marca-un-hito-historico-en-innovacion-y-cooperacion-en-defensa\/#primaryimage\"},\"thumbnailUrl\":\"https:\/\/defensanews.com\/wp-content\/uploads\/2025\/05\/foto-familia-feindef-noticia.jpg\",\"datePublished\":\"2025-05-19T15:50:06+00:00\",\"dateModified\":\"2025-05-19T15:50:09+00:00\",\"breadcrumb\":{\"@id\":\"https:\/\/defensanews.com\/feindef-25-marca-un-hito-historico-en-innovacion-y-cooperacion-en-defensa\/#breadcrumb\"},\"inLanguage\":\"en-US\",\"potentialAction\":[{\"@type\":\"ReadAction\",\"target\":[\"https:\/\/defensanews.com\/feindef-25-marca-un-hito-historico-en-innovacion-y-cooperacion-en-defensa\/\"]}]},{\"@type\":\"ImageObject\",\"inLanguage\":\"en-US\",\"@id\":\"https:\/\/defensanews.com\/feindef-25-marca-un-hito-historico-en-innovacion-y-cooperacion-en-defensa\/#primaryimage\",\"url\":\"https:\/\/defensanews.com\/wp-content\/uploads\/2025\/05\/foto-familia-feindef-noticia.jpg\",\"contentUrl\":\"https:\/\/defensanews.com\/wp-content\/uploads\/2025\/05\/foto-familia-feindef-noticia.jpg\",\"width\":1024,\"height\":683,\"caption\":\"Borrador autom\u00e1tico - DEFENSANEWS.COM - Noticias defensa y seguridad\"},{\"@type\":\"BreadcrumbList\",\"@id\":\"https:\/\/defensanews.com\/feindef-25-marca-un-hito-historico-en-innovacion-y-cooperacion-en-defensa\/#breadcrumb\",\"itemListElement\":[{\"@type\":\"ListItem\",\"position\":1,\"name\":\"Portada\",\"item\":\"https:\/\/defensanews.com\/\"},{\"@type\":\"ListItem\",\"position\":2,\"name\":\"FEINDEF 25 marca un hito hist\u00f3rico en innovaci\u00f3n y cooperaci\u00f3n en defensa\"}]},{\"@type\":\"WebSite\",\"@id\":\"https:\/\/defensanews.com\/#website\",\"url\":\"https:\/\/defensanews.com\/\",\"name\":\"NOTICIAS DEFENSA Y SEGURIDAD\",\"description\":\"DEFENSA NEWS\",\"publisher\":{\"@id\":\"https:\/\/defensanews.com\/#organization\"},\"alternateName\":\"DEFENSANEWS.COM\",\"potentialAction\":[{\"@type\":\"SearchAction\",\"target\":{\"@type\":\"EntryPoint\",\"urlTemplate\":\"https:\/\/defensanews.com\/?s={search_term_string}\"},\"query-input\":{\"@type\":\"PropertyValueSpecification\",\"valueRequired\":true,\"valueName\":\"search_term_string\"}}],\"inLanguage\":\"en-US\"},{\"@type\":\"Organization\",\"@id\":\"https:\/\/defensanews.com\/#organization\",\"name\":\"Leonardo Network S.r.l.\",\"alternateName\":\"Leonardo Network S.r.l.\",\"url\":\"https:\/\/defensanews.com\/\",\"logo\":{\"@type\":\"ImageObject\",\"inLanguage\":\"en-US\",\"@id\":\"https:\/\/defensanews.com\/#\/schema\/logo\/image\/\",\"url\":\"https:\/\/defensanews.com\/wp-content\/uploads\/2025\/05\/DN-1200.jpg\",\"contentUrl\":\"https:\/\/defensanews.com\/wp-content\/uploads\/2025\/05\/DN-1200.jpg\",\"width\":1200,\"height\":675,\"caption\":\"Leonardo Network S.r.l.\"},\"image\":{\"@id\":\"https:\/\/defensanews.com\/#\/schema\/logo\/image\/\"},\"sameAs\":[\"https:\/\/www.facebook.com\/defensanewscom\/\",\"https:\/\/www.instagram.com\/defensanews\/\"],\"description\":\"DEFENSANEWS.COM, la plataforma digital independiente dedicada a las noticias sobre defensa y seguridad de Espa\u00f1a, Am\u00e9rica Latina y Estados Unidos.\",\"email\":\"info@defensanews.com\",\"telephone\":\"05661966359\",\"legalName\":\"Leonardo Network S.r.l.\",\"foundingDate\":\"2024-05-11\",\"vatID\":\"IT01749180533\",\"numberOfEmployees\":{\"@type\":\"QuantitativeValue\",\"minValue\":\"1\",\"maxValue\":\"10\"},\"publishingPrinciples\":\"https:\/\/defensanews.com\/terminos-y-condiciones\/\"},{\"@type\":\"Person\",\"@id\":\"https:\/\/defensanews.com\/#\/schema\/person\/d371c69fc541b938db26187937f0c11a\",\"name\":\"Defensa News\",\"image\":{\"@type\":\"ImageObject\",\"inLanguage\":\"en-US\",\"@id\":\"https:\/\/defensanews.com\/#\/schema\/person\/image\/\",\"url\":\"https:\/\/defensanews.com\/wp-content\/uploads\/2025\/05\/cropped-Untitled-9-150x150.jpg\",\"contentUrl\":\"https:\/\/defensanews.com\/wp-content\/uploads\/2025\/05\/cropped-Untitled-9-150x150.jpg\",\"caption\":\"Defensa News\"},\"sameAs\":[\"https:\/\/defensanews.com\"],\"url\":\"https:\/\/defensanews.com\/en\/author\/defensanews\/\"}]}<\/script>\n<!-- \/ Yoast SEO Premium plugin. -->","yoast_head_json":{"title":"FEINDEF 25 marca un hito hist\u00f3rico en innovaci\u00f3n y cooperaci\u00f3n en defensa","robots":{"index":"index","follow":"follow","max-snippet":"max-snippet:-1","max-image-preview":"max-image-preview:large","max-video-preview":"max-video-preview:-1"},"canonical":"https:\/\/defensanews.com\/en\/feindef-25-marks-a-historic-milestone-in-defense-innovation-and-cooperation\/","og_locale":"en_US","og_type":"article","og_title":"FEINDEF 25 marca un hito hist\u00f3rico en innovaci\u00f3n y cooperaci\u00f3n en defensa","og_description":"Con m\u00e1s de 44.000 visitantes, acuerdos estrat\u00e9gicos y un impulso decisivo a la tecnolog\u00eda, la feria se consolida como el mayor evento de defensa en Espa\u00f1a Una edici\u00f3n sin precedentes La cuarta edici\u00f3n de la Feria Internacional de Defensa y Seguridad de Espa\u00f1a (FEINDEF), celebrada del 12 al 14 de mayo en IFEMA Madrid, ha [&hellip;]","og_url":"https:\/\/defensanews.com\/en\/feindef-25-marks-a-historic-milestone-in-defense-innovation-and-cooperation\/","og_site_name":"NOTICIAS DEFENSA, GEOPOL\u00cdTICA Y SEGURIDAD","article_publisher":"https:\/\/www.facebook.com\/defensanewscom\/","article_published_time":"2025-05-19T15:50:06+00:00","article_modified_time":"2025-05-19T15:50:09+00:00","og_image":[{"width":1024,"height":683,"url":"https:\/\/defensanews.com\/wp-content\/uploads\/2025\/05\/foto-familia-feindef-noticia.jpg","type":"image\/jpeg"}],"author":"Defensa News","twitter_card":"summary_large_image","twitter_misc":{"Written by":"Defensa News","Est. reading time":"3 minutes"},"schema":{"@context":"https:\/\/schema.org","@graph":[{"@type":"NewsArticle","@id":"https:\/\/defensanews.com\/feindef-25-marca-un-hito-historico-en-innovacion-y-cooperacion-en-defensa\/#article","isPartOf":{"@id":"https:\/\/defensanews.com\/feindef-25-marca-un-hito-historico-en-innovacion-y-cooperacion-en-defensa\/"},"author":{"name":"Defensa News","@id":"https:\/\/defensanews.com\/#\/schema\/person\/d371c69fc541b938db26187937f0c11a"},"headline":"FEINDEF 25 marca un hito hist\u00f3rico en innovaci\u00f3n y cooperaci\u00f3n en defensa","datePublished":"2025-05-19T15:50:06+00:00","dateModified":"2025-05-19T15:50:09+00:00","mainEntityOfPage":{"@id":"https:\/\/defensanews.com\/feindef-25-marca-un-hito-historico-en-innovacion-y-cooperacion-en-defensa\/"},"wordCount":564,"commentCount":0,"publisher":{"@id":"https:\/\/defensanews.com\/#organization"},"image":{"@id":"https:\/\/defensanews.com\/feindef-25-marca-un-hito-historico-en-innovacion-y-cooperacion-en-defensa\/#primaryimage"},"thumbnailUrl":"https:\/\/defensanews.com\/wp-content\/uploads\/2025\/05\/foto-familia-feindef-noticia.jpg","keywords":["ciberseguridad","Espa\u00f1a","FEINDEF 25"],"articleSection":["Espa\u00f1a"],"inLanguage":"en-US","potentialAction":[{"@type":"CommentAction","name":"Comment","target":["https:\/\/defensanews.com\/feindef-25-marca-un-hito-historico-en-innovacion-y-cooperacion-en-defensa\/#respond"]}],"copyrightYear":"2025","copyrightHolder":{"@id":"https:\/\/defensanews.com\/en\/#organization"}},{"@type":["WebPage","ItemPage"],"@id":"https:\/\/defensanews.com\/feindef-25-marca-un-hito-historico-en-innovacion-y-cooperacion-en-defensa\/","url":"https:\/\/defensanews.com\/feindef-25-marca-un-hito-historico-en-innovacion-y-cooperacion-en-defensa\/","name":"FEINDEF 25 marca un hito hist\u00f3rico en innovaci\u00f3n y cooperaci\u00f3n en defensa","isPartOf":{"@id":"https:\/\/defensanews.com\/#website"},"primaryImageOfPage":{"@id":"https:\/\/defensanews.com\/feindef-25-marca-un-hito-historico-en-innovacion-y-cooperacion-en-defensa\/#primaryimage"},"image":{"@id":"https:\/\/defensanews.com\/feindef-25-marca-un-hito-historico-en-innovacion-y-cooperacion-en-defensa\/#primaryimage"},"thumbnailUrl":"https:\/\/defensanews.com\/wp-content\/uploads\/2025\/05\/foto-familia-feindef-noticia.jpg","datePublished":"2025-05-19T15:50:06+00:00","dateModified":"2025-05-19T15:50:09+00:00","breadcrumb":{"@id":"https:\/\/defensanews.com\/feindef-25-marca-un-hito-historico-en-innovacion-y-cooperacion-en-defensa\/#breadcrumb"},"inLanguage":"en-US","potentialAction":[{"@type":"ReadAction","target":["https:\/\/defensanews.com\/feindef-25-marca-un-hito-historico-en-innovacion-y-cooperacion-en-defensa\/"]}]},{"@type":"ImageObject","inLanguage":"en-US","@id":"https:\/\/defensanews.com\/feindef-25-marca-un-hito-historico-en-innovacion-y-cooperacion-en-defensa\/#primaryimage","url":"https:\/\/defensanews.com\/wp-content\/uploads\/2025\/05\/foto-familia-feindef-noticia.jpg","contentUrl":"https:\/\/defensanews.com\/wp-content\/uploads\/2025\/05\/foto-familia-feindef-noticia.jpg","width":1024,"height":683,"caption":"Borrador autom\u00e1tico - DEFENSANEWS.COM - Noticias defensa y seguridad"},{"@type":"BreadcrumbList","@id":"https:\/\/defensanews.com\/feindef-25-marca-un-hito-historico-en-innovacion-y-cooperacion-en-defensa\/#breadcrumb","itemListElement":[{"@type":"ListItem","position":1,"name":"Portada","item":"https:\/\/defensanews.com\/"},{"@type":"ListItem","position":2,"name":"FEINDEF 25 marca un hito hist\u00f3rico en innovaci\u00f3n y cooperaci\u00f3n en defensa"}]},{"@type":"WebSite","@id":"https:\/\/defensanews.com\/#website","url":"https:\/\/defensanews.com\/","name":"NOTICIAS DEFENSA Y SEGURIDAD","description":"DEFENSA NEWS","publisher":{"@id":"https:\/\/defensanews.com\/#organization"},"alternateName":"DEFENSANEWS.COM","potentialAction":[{"@type":"SearchAction","target":{"@type":"EntryPoint","urlTemplate":"https:\/\/defensanews.com\/?s={search_term_string}"},"query-input":{"@type":"PropertyValueSpecification","valueRequired":true,"valueName":"search_term_string"}}],"inLanguage":"en-US"},{"@type":"Organization","@id":"https:\/\/defensanews.com\/#organization","name":"Leonardo Network S.r.l.","alternateName":"Leonardo Network S.r.l.","url":"https:\/\/defensanews.com\/","logo":{"@type":"ImageObject","inLanguage":"en-US","@id":"https:\/\/defensanews.com\/#\/schema\/logo\/image\/","url":"https:\/\/defensanews.com\/wp-content\/uploads\/2025\/05\/DN-1200.jpg","contentUrl":"https:\/\/defensanews.com\/wp-content\/uploads\/2025\/05\/DN-1200.jpg","width":1200,"height":675,"caption":"Leonardo Network S.r.l."},"image":{"@id":"https:\/\/defensanews.com\/#\/schema\/logo\/image\/"},"sameAs":["https:\/\/www.facebook.com\/defensanewscom\/","https:\/\/www.instagram.com\/defensanews\/"],"description":"DEFENSANEWS.COM, la plataforma digital independiente dedicada a las noticias sobre defensa y seguridad de Espa\u00f1a, Am\u00e9rica Latina y Estados Unidos.","email":"info@defensanews.com","telephone":"05661966359","legalName":"Leonardo Network S.r.l.","foundingDate":"2024-05-11","vatID":"IT01749180533","numberOfEmployees":{"@type":"QuantitativeValue","minValue":"1","maxValue":"10"},"publishingPrinciples":"https:\/\/defensanews.com\/terminos-y-condiciones\/"},{"@type":"Person","@id":"https:\/\/defensanews.com\/#\/schema\/person\/d371c69fc541b938db26187937f0c11a","name":"Defensa News","image":{"@type":"ImageObject","inLanguage":"en-US","@id":"https:\/\/defensanews.com\/#\/schema\/person\/image\/","url":"https:\/\/defensanews.com\/wp-content\/uploads\/2025\/05\/cropped-Untitled-9-150x150.jpg","contentUrl":"https:\/\/defensanews.com\/wp-content\/uploads\/2025\/05\/cropped-Untitled-9-150x150.jpg","caption":"Defensa News"},"sameAs":["https:\/\/defensanews.com"],"url":"https:\/\/defensanews.com\/en\/author\/defensanews\/"}]}},"_links":{"self":[{"href":"https:\/\/defensanews.com\/en\/wp-json\/wp\/v2\/posts\/2184","targetHints":{"allow":["GET"]}}],"collection":[{"href":"https:\/\/defensanews.com\/en\/wp-json\/wp\/v2\/posts"}],"about":[{"href":"https:\/\/defensanews.com\/en\/wp-json\/wp\/v2\/types\/post"}],"author":[{"embeddable":true,"href":"https:\/\/defensanews.com\/en\/wp-json\/wp\/v2\/users\/1"}],"replies":[{"embeddable":true,"href":"https:\/\/defensanews.com\/en\/wp-json\/wp\/v2\/comments?post=2184"}],"version-history":[{"count":2,"href":"https:\/\/defensanews.com\/en\/wp-json\/wp\/v2\/posts\/2184\/revisions"}],"predecessor-version":[{"id":2187,"href":"https:\/\/defensanews.com\/en\/wp-json\/wp\/v2\/posts\/2184\/revisions\/2187"}],"wp:featuredmedia":[{"embeddable":true,"href":"https:\/\/defensanews.com\/en\/wp-json\/wp\/v2\/media\/2185"}],"wp:attachment":[{"href":"https:\/\/defensanews.com\/en\/wp-json\/wp\/v2\/media?parent=2184"}],"wp:term":[{"taxonomy":"category","embeddable":true,"href":"https:\/\/defensanews.com\/en\/wp-json\/wp\/v2\/categories?post=2184"},{"taxonomy":"post_tag","embeddable":true,"href":"https:\/\/defensanews.com\/en\/wp-json\/wp\/v2\/tags?post=2184"}],"curies":[{"name":"wp","href":"https:\/\/api.w.org\/{rel}","templated":true}]}}