{"id":2210,"date":"2025-05-20T10:48:53","date_gmt":"2025-05-20T08:48:53","guid":{"rendered":"https:\/\/defensanews.com\/?p=2210"},"modified":"2025-05-20T10:48:56","modified_gmt":"2025-05-20T08:48:56","slug":"ecuador-inicia-selectivo-interfuerzas-para-competir-en-fuerzas-comando-2025","status":"publish","type":"post","link":"https:\/\/defensanews.com\/en\/ecuador-begins-inter-force-selective-to-compete-in-command-forces-2025\/","title":{"rendered":"Ecuador starts inter-force selective to compete in Command Forces 2025"},"content":{"rendered":"<p>In a ceremony held at the Campo de Marte of the Special Forces Brigade No. 9 \"Patria\", the inter-force selection process that will define the team of the Armed Forces of Ecuador that will represent the country in the international competition was inaugurated. <strong>Command Forces 2025<\/strong>to be held in El Salvador.<\/p>\n\n\n\n<h2 class=\"wp-block-heading\" id=\"h-evaluacion-de-elite-entre-fuerza-terrestre-y-fuerza-naval\">Elite evaluation between Land and Naval Forces<\/h2>\n\n\n\n<p>After a rigorous pre-selection process in the ranks of the Army and Navy, fourteen military personnel -seven from each component- have been selected to begin this demanding stage. The group is composed of officers and professional troops who will have to demonstrate their readiness under extreme conditions.<\/p>\n\n\n\n<h2 class=\"wp-block-heading\" id=\"h-cinco-dias-de-pruebas-intensivas\">Five days of intensive testing<\/h2>\n\n\n\n<p>During five continuous days, participants will be subjected to various physical, psychological and technical tests, aimed at evaluating their combat capacity, endurance, discipline and leadership in high-risk scenarios. Only the best will earn a place in the team that will represent Ecuador against elite units from other countries.<\/p>\n\n\n\n<h2 class=\"wp-block-heading\" id=\"h-rumbo-a-el-salvador\">Heading to El Salvador<\/h2>\n\n\n\n<p><strong>Command Forces 2025<\/strong> is an annual competition organized within the framework of international cooperation in defense and the fight against terrorism, in which special operations teams from countries in the Western Hemisphere take part. The next edition will be held in El Salvador, and Ecuador aspires to consolidate its prestige in this regional showcase of military capabilities.<\/p>","protected":false},"excerpt":{"rendered":"<p>En una ceremonia realizada en el Campo de Marte de la Brigada de Fuerzas Especiales N.\u00ba 9 &#8220;Patria&#8221;, se inaugur\u00f3 el proceso selectivo interfuerzas que definir\u00e1 al equipo de las Fuerzas Armadas del Ecuador que representar\u00e1 al pa\u00eds en el certamen internacional Fuerzas Comando 2025, a celebrarse en El Salvador. Evaluaci\u00f3n de \u00e9lite entre Fuerza [&hellip;]<\/p>","protected":false},"author":1,"featured_media":2212,"comment_status":"open","ping_status":"open","sticky":false,"template":"","format":"standard","meta":{"_acf_changed":false,"footnotes":""},"categories":[2],"tags":[254,234,253],"class_list":["post-2210","post","type-post","status-publish","format-standard","has-post-thumbnail","hentry","category-america-latina","tag-brigada-fuerzas-especiales","tag-ecuador","tag-fuerzas-armadas-ecuador"],"acf":[],"yoast_head":"<!-- This site is optimized with the Yoast SEO Premium plugin v25.0 (Yoast SEO v25.0) - https:\/\/yoast.com\/wordpress\/plugins\/seo\/ -->\n<title>Ecuador inicia selectivo interfuerzas para competir en Fuerzas Comando 2025<\/title>\n<meta name=\"robots\" content=\"index, follow, max-snippet:-1, max-image-preview:large, max-video-preview:-1\" \/>\n<link rel=\"canonical\" href=\"https:\/\/defensanews.com\/en\/ecuador-begins-inter-force-selective-to-compete-in-command-forces-2025\/\" \/>\n<meta property=\"og:locale\" content=\"en_US\" \/>\n<meta property=\"og:type\" content=\"article\" \/>\n<meta property=\"og:title\" content=\"Ecuador inicia selectivo interfuerzas para competir en Fuerzas Comando 2025\" \/>\n<meta property=\"og:description\" content=\"En una ceremonia realizada en el Campo de Marte de la Brigada de Fuerzas Especiales N.\u00ba 9 &#8220;Patria&#8221;, se inaugur\u00f3 el proceso selectivo interfuerzas que definir\u00e1 al equipo de las Fuerzas Armadas del Ecuador que representar\u00e1 al pa\u00eds en el certamen internacional Fuerzas Comando 2025, a celebrarse en El Salvador. Evaluaci\u00f3n de \u00e9lite entre Fuerza [&hellip;]\" \/>\n<meta property=\"og:url\" content=\"https:\/\/defensanews.com\/en\/ecuador-begins-inter-force-selective-to-compete-in-command-forces-2025\/\" \/>\n<meta property=\"og:site_name\" content=\"NOTICIAS DEFENSA, GEOPOL\u00cdTICA Y SEGURIDAD\" \/>\n<meta property=\"article:publisher\" content=\"https:\/\/www.facebook.com\/defensanewscom\/\" \/>\n<meta property=\"article:published_time\" content=\"2025-05-20T08:48:53+00:00\" \/>\n<meta property=\"article:modified_time\" content=\"2025-05-20T08:48:56+00:00\" \/>\n<meta property=\"og:image\" content=\"https:\/\/defensanews.com\/wp-content\/uploads\/2025\/05\/500210822-1121317620019583-1105959723791785757-n.jpg\" \/>\n\t<meta property=\"og:image:width\" content=\"2048\" \/>\n\t<meta property=\"og:image:height\" content=\"1536\" \/>\n\t<meta property=\"og:image:type\" content=\"image\/jpeg\" \/>\n<meta name=\"author\" content=\"Defensa News\" \/>\n<meta name=\"twitter:card\" content=\"summary_large_image\" \/>\n<meta name=\"twitter:label1\" content=\"Written by\" \/>\n\t<meta name=\"twitter:data1\" content=\"Defensa News\" \/>\n\t<meta name=\"twitter:label2\" content=\"Est. reading time\" \/>\n\t<meta name=\"twitter:data2\" content=\"2 minutes\" \/>\n<script type=\"application\/ld+json\" class=\"yoast-schema-graph\">{\"@context\":\"https:\/\/schema.org\",\"@graph\":[{\"@type\":\"NewsArticle\",\"@id\":\"https:\/\/defensanews.com\/ecuador-inicia-selectivo-interfuerzas-para-competir-en-fuerzas-comando-2025\/#article\",\"isPartOf\":{\"@id\":\"https:\/\/defensanews.com\/ecuador-inicia-selectivo-interfuerzas-para-competir-en-fuerzas-comando-2025\/\"},\"author\":{\"name\":\"Defensa News\",\"@id\":\"https:\/\/defensanews.com\/#\/schema\/person\/d371c69fc541b938db26187937f0c11a\"},\"headline\":\"Ecuador inicia selectivo interfuerzas para competir en Fuerzas Comando 2025\",\"datePublished\":\"2025-05-20T08:48:53+00:00\",\"dateModified\":\"2025-05-20T08:48:56+00:00\",\"mainEntityOfPage\":{\"@id\":\"https:\/\/defensanews.com\/ecuador-inicia-selectivo-interfuerzas-para-competir-en-fuerzas-comando-2025\/\"},\"wordCount\":250,\"commentCount\":0,\"publisher\":{\"@id\":\"https:\/\/defensanews.com\/#organization\"},\"image\":{\"@id\":\"https:\/\/defensanews.com\/ecuador-inicia-selectivo-interfuerzas-para-competir-en-fuerzas-comando-2025\/#primaryimage\"},\"thumbnailUrl\":\"https:\/\/defensanews.com\/wp-content\/uploads\/2025\/05\/500210822-1121317620019583-1105959723791785757-n.jpg\",\"keywords\":[\"Brigada Fuerzas Especiales\",\"Ecuador\",\"Fuerzas Armadas Ecuador\"],\"articleSection\":[\"Am\u00e9rica Latina\"],\"inLanguage\":\"en-US\",\"potentialAction\":[{\"@type\":\"CommentAction\",\"name\":\"Comment\",\"target\":[\"https:\/\/defensanews.com\/ecuador-inicia-selectivo-interfuerzas-para-competir-en-fuerzas-comando-2025\/#respond\"]}],\"copyrightYear\":\"2025\",\"copyrightHolder\":{\"@id\":\"https:\/\/defensanews.com\/en\/#organization\"}},{\"@type\":[\"WebPage\",\"ItemPage\"],\"@id\":\"https:\/\/defensanews.com\/ecuador-inicia-selectivo-interfuerzas-para-competir-en-fuerzas-comando-2025\/\",\"url\":\"https:\/\/defensanews.com\/ecuador-inicia-selectivo-interfuerzas-para-competir-en-fuerzas-comando-2025\/\",\"name\":\"Ecuador inicia selectivo interfuerzas para competir en Fuerzas Comando 2025\",\"isPartOf\":{\"@id\":\"https:\/\/defensanews.com\/#website\"},\"primaryImageOfPage\":{\"@id\":\"https:\/\/defensanews.com\/ecuador-inicia-selectivo-interfuerzas-para-competir-en-fuerzas-comando-2025\/#primaryimage\"},\"image\":{\"@id\":\"https:\/\/defensanews.com\/ecuador-inicia-selectivo-interfuerzas-para-competir-en-fuerzas-comando-2025\/#primaryimage\"},\"thumbnailUrl\":\"https:\/\/defensanews.com\/wp-content\/uploads\/2025\/05\/500210822-1121317620019583-1105959723791785757-n.jpg\",\"datePublished\":\"2025-05-20T08:48:53+00:00\",\"dateModified\":\"2025-05-20T08:48:56+00:00\",\"breadcrumb\":{\"@id\":\"https:\/\/defensanews.com\/ecuador-inicia-selectivo-interfuerzas-para-competir-en-fuerzas-comando-2025\/#breadcrumb\"},\"inLanguage\":\"en-US\",\"potentialAction\":[{\"@type\":\"ReadAction\",\"target\":[\"https:\/\/defensanews.com\/ecuador-inicia-selectivo-interfuerzas-para-competir-en-fuerzas-comando-2025\/\"]}]},{\"@type\":\"ImageObject\",\"inLanguage\":\"en-US\",\"@id\":\"https:\/\/defensanews.com\/ecuador-inicia-selectivo-interfuerzas-para-competir-en-fuerzas-comando-2025\/#primaryimage\",\"url\":\"https:\/\/defensanews.com\/wp-content\/uploads\/2025\/05\/500210822-1121317620019583-1105959723791785757-n.jpg\",\"contentUrl\":\"https:\/\/defensanews.com\/wp-content\/uploads\/2025\/05\/500210822-1121317620019583-1105959723791785757-n.jpg\",\"width\":2048,\"height\":1536,\"caption\":\"Ecuador inicia selectivo interfuerzas para competir en Fuerzas Comando 2025 - DEFENSANEWS.COM - Noticias defensa y seguridad\"},{\"@type\":\"BreadcrumbList\",\"@id\":\"https:\/\/defensanews.com\/ecuador-inicia-selectivo-interfuerzas-para-competir-en-fuerzas-comando-2025\/#breadcrumb\",\"itemListElement\":[{\"@type\":\"ListItem\",\"position\":1,\"name\":\"Portada\",\"item\":\"https:\/\/defensanews.com\/\"},{\"@type\":\"ListItem\",\"position\":2,\"name\":\"Ecuador inicia selectivo interfuerzas para competir en Fuerzas Comando 2025\"}]},{\"@type\":\"WebSite\",\"@id\":\"https:\/\/defensanews.com\/#website\",\"url\":\"https:\/\/defensanews.com\/\",\"name\":\"NOTICIAS DEFENSA Y SEGURIDAD\",\"description\":\"DEFENSA NEWS\",\"publisher\":{\"@id\":\"https:\/\/defensanews.com\/#organization\"},\"alternateName\":\"DEFENSANEWS.COM\",\"potentialAction\":[{\"@type\":\"SearchAction\",\"target\":{\"@type\":\"EntryPoint\",\"urlTemplate\":\"https:\/\/defensanews.com\/?s={search_term_string}\"},\"query-input\":{\"@type\":\"PropertyValueSpecification\",\"valueRequired\":true,\"valueName\":\"search_term_string\"}}],\"inLanguage\":\"en-US\"},{\"@type\":\"Organization\",\"@id\":\"https:\/\/defensanews.com\/#organization\",\"name\":\"Leonardo Network S.r.l.\",\"alternateName\":\"Leonardo Network S.r.l.\",\"url\":\"https:\/\/defensanews.com\/\",\"logo\":{\"@type\":\"ImageObject\",\"inLanguage\":\"en-US\",\"@id\":\"https:\/\/defensanews.com\/#\/schema\/logo\/image\/\",\"url\":\"https:\/\/defensanews.com\/wp-content\/uploads\/2025\/05\/DN-1200.jpg\",\"contentUrl\":\"https:\/\/defensanews.com\/wp-content\/uploads\/2025\/05\/DN-1200.jpg\",\"width\":1200,\"height\":675,\"caption\":\"Leonardo Network S.r.l.\"},\"image\":{\"@id\":\"https:\/\/defensanews.com\/#\/schema\/logo\/image\/\"},\"sameAs\":[\"https:\/\/www.facebook.com\/defensanewscom\/\",\"https:\/\/www.instagram.com\/defensanews\/\"],\"description\":\"DEFENSANEWS.COM, la plataforma digital independiente dedicada a las noticias sobre defensa y seguridad de Espa\u00f1a, Am\u00e9rica Latina y Estados Unidos.\",\"email\":\"info@defensanews.com\",\"telephone\":\"05661966359\",\"legalName\":\"Leonardo Network S.r.l.\",\"foundingDate\":\"2024-05-11\",\"vatID\":\"IT01749180533\",\"numberOfEmployees\":{\"@type\":\"QuantitativeValue\",\"minValue\":\"1\",\"maxValue\":\"10\"},\"publishingPrinciples\":\"https:\/\/defensanews.com\/terminos-y-condiciones\/\"},{\"@type\":\"Person\",\"@id\":\"https:\/\/defensanews.com\/#\/schema\/person\/d371c69fc541b938db26187937f0c11a\",\"name\":\"Defensa News\",\"image\":{\"@type\":\"ImageObject\",\"inLanguage\":\"en-US\",\"@id\":\"https:\/\/defensanews.com\/#\/schema\/person\/image\/\",\"url\":\"https:\/\/defensanews.com\/wp-content\/uploads\/2025\/05\/cropped-Untitled-9-150x150.jpg\",\"contentUrl\":\"https:\/\/defensanews.com\/wp-content\/uploads\/2025\/05\/cropped-Untitled-9-150x150.jpg\",\"caption\":\"Defensa News\"},\"sameAs\":[\"https:\/\/defensanews.com\"],\"url\":\"https:\/\/defensanews.com\/en\/author\/defensanews\/\"}]}<\/script>\n<!-- \/ Yoast SEO Premium plugin. -->","yoast_head_json":{"title":"Ecuador inicia selectivo interfuerzas para competir en Fuerzas Comando 2025","robots":{"index":"index","follow":"follow","max-snippet":"max-snippet:-1","max-image-preview":"max-image-preview:large","max-video-preview":"max-video-preview:-1"},"canonical":"https:\/\/defensanews.com\/en\/ecuador-begins-inter-force-selective-to-compete-in-command-forces-2025\/","og_locale":"en_US","og_type":"article","og_title":"Ecuador inicia selectivo interfuerzas para competir en Fuerzas Comando 2025","og_description":"En una ceremonia realizada en el Campo de Marte de la Brigada de Fuerzas Especiales N.\u00ba 9 &#8220;Patria&#8221;, se inaugur\u00f3 el proceso selectivo interfuerzas que definir\u00e1 al equipo de las Fuerzas Armadas del Ecuador que representar\u00e1 al pa\u00eds en el certamen internacional Fuerzas Comando 2025, a celebrarse en El Salvador. Evaluaci\u00f3n de \u00e9lite entre Fuerza [&hellip;]","og_url":"https:\/\/defensanews.com\/en\/ecuador-begins-inter-force-selective-to-compete-in-command-forces-2025\/","og_site_name":"NOTICIAS DEFENSA, GEOPOL\u00cdTICA Y SEGURIDAD","article_publisher":"https:\/\/www.facebook.com\/defensanewscom\/","article_published_time":"2025-05-20T08:48:53+00:00","article_modified_time":"2025-05-20T08:48:56+00:00","og_image":[{"width":2048,"height":1536,"url":"https:\/\/defensanews.com\/wp-content\/uploads\/2025\/05\/500210822-1121317620019583-1105959723791785757-n.jpg","type":"image\/jpeg"}],"author":"Defensa News","twitter_card":"summary_large_image","twitter_misc":{"Written by":"Defensa News","Est. reading time":"2 minutes"},"schema":{"@context":"https:\/\/schema.org","@graph":[{"@type":"NewsArticle","@id":"https:\/\/defensanews.com\/ecuador-inicia-selectivo-interfuerzas-para-competir-en-fuerzas-comando-2025\/#article","isPartOf":{"@id":"https:\/\/defensanews.com\/ecuador-inicia-selectivo-interfuerzas-para-competir-en-fuerzas-comando-2025\/"},"author":{"name":"Defensa News","@id":"https:\/\/defensanews.com\/#\/schema\/person\/d371c69fc541b938db26187937f0c11a"},"headline":"Ecuador inicia selectivo interfuerzas para competir en Fuerzas Comando 2025","datePublished":"2025-05-20T08:48:53+00:00","dateModified":"2025-05-20T08:48:56+00:00","mainEntityOfPage":{"@id":"https:\/\/defensanews.com\/ecuador-inicia-selectivo-interfuerzas-para-competir-en-fuerzas-comando-2025\/"},"wordCount":250,"commentCount":0,"publisher":{"@id":"https:\/\/defensanews.com\/#organization"},"image":{"@id":"https:\/\/defensanews.com\/ecuador-inicia-selectivo-interfuerzas-para-competir-en-fuerzas-comando-2025\/#primaryimage"},"thumbnailUrl":"https:\/\/defensanews.com\/wp-content\/uploads\/2025\/05\/500210822-1121317620019583-1105959723791785757-n.jpg","keywords":["Brigada Fuerzas Especiales","Ecuador","Fuerzas Armadas Ecuador"],"articleSection":["Am\u00e9rica Latina"],"inLanguage":"en-US","potentialAction":[{"@type":"CommentAction","name":"Comment","target":["https:\/\/defensanews.com\/ecuador-inicia-selectivo-interfuerzas-para-competir-en-fuerzas-comando-2025\/#respond"]}],"copyrightYear":"2025","copyrightHolder":{"@id":"https:\/\/defensanews.com\/en\/#organization"}},{"@type":["WebPage","ItemPage"],"@id":"https:\/\/defensanews.com\/ecuador-inicia-selectivo-interfuerzas-para-competir-en-fuerzas-comando-2025\/","url":"https:\/\/defensanews.com\/ecuador-inicia-selectivo-interfuerzas-para-competir-en-fuerzas-comando-2025\/","name":"Ecuador inicia selectivo interfuerzas para competir en Fuerzas Comando 2025","isPartOf":{"@id":"https:\/\/defensanews.com\/#website"},"primaryImageOfPage":{"@id":"https:\/\/defensanews.com\/ecuador-inicia-selectivo-interfuerzas-para-competir-en-fuerzas-comando-2025\/#primaryimage"},"image":{"@id":"https:\/\/defensanews.com\/ecuador-inicia-selectivo-interfuerzas-para-competir-en-fuerzas-comando-2025\/#primaryimage"},"thumbnailUrl":"https:\/\/defensanews.com\/wp-content\/uploads\/2025\/05\/500210822-1121317620019583-1105959723791785757-n.jpg","datePublished":"2025-05-20T08:48:53+00:00","dateModified":"2025-05-20T08:48:56+00:00","breadcrumb":{"@id":"https:\/\/defensanews.com\/ecuador-inicia-selectivo-interfuerzas-para-competir-en-fuerzas-comando-2025\/#breadcrumb"},"inLanguage":"en-US","potentialAction":[{"@type":"ReadAction","target":["https:\/\/defensanews.com\/ecuador-inicia-selectivo-interfuerzas-para-competir-en-fuerzas-comando-2025\/"]}]},{"@type":"ImageObject","inLanguage":"en-US","@id":"https:\/\/defensanews.com\/ecuador-inicia-selectivo-interfuerzas-para-competir-en-fuerzas-comando-2025\/#primaryimage","url":"https:\/\/defensanews.com\/wp-content\/uploads\/2025\/05\/500210822-1121317620019583-1105959723791785757-n.jpg","contentUrl":"https:\/\/defensanews.com\/wp-content\/uploads\/2025\/05\/500210822-1121317620019583-1105959723791785757-n.jpg","width":2048,"height":1536,"caption":"Ecuador inicia selectivo interfuerzas para competir en Fuerzas Comando 2025 - DEFENSANEWS.COM - Noticias defensa y seguridad"},{"@type":"BreadcrumbList","@id":"https:\/\/defensanews.com\/ecuador-inicia-selectivo-interfuerzas-para-competir-en-fuerzas-comando-2025\/#breadcrumb","itemListElement":[{"@type":"ListItem","position":1,"name":"Portada","item":"https:\/\/defensanews.com\/"},{"@type":"ListItem","position":2,"name":"Ecuador inicia selectivo interfuerzas para competir en Fuerzas Comando 2025"}]},{"@type":"WebSite","@id":"https:\/\/defensanews.com\/#website","url":"https:\/\/defensanews.com\/","name":"NOTICIAS DEFENSA Y SEGURIDAD","description":"DEFENSA NEWS","publisher":{"@id":"https:\/\/defensanews.com\/#organization"},"alternateName":"DEFENSANEWS.COM","potentialAction":[{"@type":"SearchAction","target":{"@type":"EntryPoint","urlTemplate":"https:\/\/defensanews.com\/?s={search_term_string}"},"query-input":{"@type":"PropertyValueSpecification","valueRequired":true,"valueName":"search_term_string"}}],"inLanguage":"en-US"},{"@type":"Organization","@id":"https:\/\/defensanews.com\/#organization","name":"Leonardo Network S.r.l.","alternateName":"Leonardo Network S.r.l.","url":"https:\/\/defensanews.com\/","logo":{"@type":"ImageObject","inLanguage":"en-US","@id":"https:\/\/defensanews.com\/#\/schema\/logo\/image\/","url":"https:\/\/defensanews.com\/wp-content\/uploads\/2025\/05\/DN-1200.jpg","contentUrl":"https:\/\/defensanews.com\/wp-content\/uploads\/2025\/05\/DN-1200.jpg","width":1200,"height":675,"caption":"Leonardo Network S.r.l."},"image":{"@id":"https:\/\/defensanews.com\/#\/schema\/logo\/image\/"},"sameAs":["https:\/\/www.facebook.com\/defensanewscom\/","https:\/\/www.instagram.com\/defensanews\/"],"description":"DEFENSANEWS.COM, la plataforma digital independiente dedicada a las noticias sobre defensa y seguridad de Espa\u00f1a, Am\u00e9rica Latina y Estados Unidos.","email":"info@defensanews.com","telephone":"05661966359","legalName":"Leonardo Network S.r.l.","foundingDate":"2024-05-11","vatID":"IT01749180533","numberOfEmployees":{"@type":"QuantitativeValue","minValue":"1","maxValue":"10"},"publishingPrinciples":"https:\/\/defensanews.com\/terminos-y-condiciones\/"},{"@type":"Person","@id":"https:\/\/defensanews.com\/#\/schema\/person\/d371c69fc541b938db26187937f0c11a","name":"Defensa News","image":{"@type":"ImageObject","inLanguage":"en-US","@id":"https:\/\/defensanews.com\/#\/schema\/person\/image\/","url":"https:\/\/defensanews.com\/wp-content\/uploads\/2025\/05\/cropped-Untitled-9-150x150.jpg","contentUrl":"https:\/\/defensanews.com\/wp-content\/uploads\/2025\/05\/cropped-Untitled-9-150x150.jpg","caption":"Defensa News"},"sameAs":["https:\/\/defensanews.com"],"url":"https:\/\/defensanews.com\/en\/author\/defensanews\/"}]}},"_links":{"self":[{"href":"https:\/\/defensanews.com\/en\/wp-json\/wp\/v2\/posts\/2210","targetHints":{"allow":["GET"]}}],"collection":[{"href":"https:\/\/defensanews.com\/en\/wp-json\/wp\/v2\/posts"}],"about":[{"href":"https:\/\/defensanews.com\/en\/wp-json\/wp\/v2\/types\/post"}],"author":[{"embeddable":true,"href":"https:\/\/defensanews.com\/en\/wp-json\/wp\/v2\/users\/1"}],"replies":[{"embeddable":true,"href":"https:\/\/defensanews.com\/en\/wp-json\/wp\/v2\/comments?post=2210"}],"version-history":[{"count":2,"href":"https:\/\/defensanews.com\/en\/wp-json\/wp\/v2\/posts\/2210\/revisions"}],"predecessor-version":[{"id":2215,"href":"https:\/\/defensanews.com\/en\/wp-json\/wp\/v2\/posts\/2210\/revisions\/2215"}],"wp:featuredmedia":[{"embeddable":true,"href":"https:\/\/defensanews.com\/en\/wp-json\/wp\/v2\/media\/2212"}],"wp:attachment":[{"href":"https:\/\/defensanews.com\/en\/wp-json\/wp\/v2\/media?parent=2210"}],"wp:term":[{"taxonomy":"category","embeddable":true,"href":"https:\/\/defensanews.com\/en\/wp-json\/wp\/v2\/categories?post=2210"},{"taxonomy":"post_tag","embeddable":true,"href":"https:\/\/defensanews.com\/en\/wp-json\/wp\/v2\/tags?post=2210"}],"curies":[{"name":"wp","href":"https:\/\/api.w.org\/{rel}","templated":true}]}}