{"id":2231,"date":"2025-05-20T16:52:22","date_gmt":"2025-05-20T14:52:22","guid":{"rendered":"https:\/\/defensanews.com\/?p=2231"},"modified":"2025-05-20T16:52:25","modified_gmt":"2025-05-20T14:52:25","slug":"fuerzas-militares-y-entidades-ambientales-desmantelan-mina-ilegal-en-cundinamarca","status":"publish","type":"post","link":"https:\/\/defensanews.com\/en\/military-forces-and-environmental-entities-dismantle-illegal-mine-in-cundinamarca\/","title":{"rendered":"Military Forces and environmental entities dismantle illegal mine in Cundinamarca"},"content":{"rendered":"<p>Within the framework of the <strong>Ayacucho Plus Plan<\/strong>The National Army, together with the Colombian Aerospace Force, the National Police and the Regional Autonomous Corporation (CAR), dealt a heavy blow to the <strong>illicit finances derived from illegal mineral extraction<\/strong> in the department of Cundinamarca.<\/p>\n\n\n\n<h2 class=\"wp-block-heading\" id=\"h-intervencion-conjunta-en-lenguazaque\">Joint intervention in Lenguazaque<\/h2>\n\n\n\n<p>The inter-agency operation was led by troops from the <strong>13th Medium Cavalry Group Tequendama<\/strong>The <strong>Thirteenth Brigade of the National Army<\/strong>The event took place in the Ramada Flores village, in the municipality of <strong>Lenguazaque<\/strong>where a plant was closed down. <strong>undermine type mine<\/strong> used for illegal coal mining.<\/p>\n\n\n\n<p>As a result of this action, the extraction of approximately <strong>700 tons of coal per month<\/strong>with an estimated value of <strong>380 million pesos<\/strong>The resources that would have strengthened the economies of organized crime groups.<\/p>\n\n\n\n<h2 class=\"wp-block-heading\" id=\"h-capturas-y-afectacion-a-la-infraestructura-criminal\">Captures and disruption of criminal infrastructure<\/h2>\n\n\n\n<p>During the procedure, the following were caught in flagrante delicto <strong>two people<\/strong>who would face charges of <strong>illicit exploitation of renewable natural resources<\/strong>. In addition, an infrastructure valued at <strong>700 million pesos<\/strong>This directly affects the operational and logistical capacity of criminal structures in the area.<\/p>\n\n\n\n<h2 class=\"wp-block-heading\" id=\"h-mitigacion-del-dano-ambiental\">Mitigation of environmental damage<\/h2>\n\n\n\n<p>In addition to the economic impact, the intervention made it possible to curb the <strong>serious environmental damage<\/strong> generated by illegal logging, which had resulted in deforestation and contamination of water sources, soil and air. According to technical estimates, the total recovery of the affected ecosystems will require <strong>could take up to 40 years<\/strong>.<\/p>\n\n\n\n<h2 class=\"wp-block-heading\" id=\"h-compromiso-con-la-seguridad-y-el-medio-ambiente\">Commitment to safety and the environment<\/h2>\n\n\n\n<p>With these actions, the troops of the Thirteenth Brigade, an organic unit of the Fifth Division of the National Army, in coordination with civilian and environmental entities, <strong>ratify their commitment to the protection of natural resources<\/strong>the <strong>regional security<\/strong> and the frontal fight against groups that profit illegally in the center of the country.<\/p>\n\n\n\n<figure class=\"wp-block-embed is-type-rich is-provider-twitter wp-block-embed-twitter\"><div class=\"wp-block-embed__wrapper\">\n<blockquote class=\"twitter-tweet\" data-width=\"500\" data-dnt=\"true\"><p lang=\"es\" dir=\"ltr\"><a href=\"https:\/\/twitter.com\/hashtag\/EsNoticia?src=hash&amp;ref_src=twsrc%5Etfw\">#EsNews<\/a> The capture of two people for the alleged crime of illegal exploitation of renewable natural resources, during a joint, coordinated and interagency operation between the Medium Cavalry Group No. 13 Tequendama of the <a href=\"https:\/\/twitter.com\/hashtag\/Brigada13?src=hash&amp;ref_src=twsrc%5Etfw\">#Brigade13<\/a> the <a href=\"https:\/\/twitter.com\/FuerzaAereaCol?ref_src=twsrc%5Etfw\">@FuerzaAereaCol<\/a>... <a href=\"https:\/\/t.co\/u02xbJQL6N\">pic.twitter.com\/u02xbbJQL6N<\/a><\/p>- Fifth Division of the National Army (@Ejercito_Div5) <a href=\"https:\/\/twitter.com\/Ejercito_Div5\/status\/1924427348654309555?ref_src=twsrc%5Etfw\">May 19, 2025<\/a><\/blockquote><script async src=\"https:\/\/platform.twitter.com\/widgets.js\" charset=\"utf-8\"><\/script>\n<\/div><\/figure>","protected":false},"excerpt":{"rendered":"<p>En el marco del Plan Ayacucho Plus, el Ej\u00e9rcito Nacional, en conjunto con la Fuerza Aeroespacial Colombiana, la Polic\u00eda Nacional y la Corporaci\u00f3n Aut\u00f3noma Regional (CAR), propinaron un duro golpe a las finanzas il\u00edcitas derivadas de la extracci\u00f3n ilegal de minerales en el departamento de Cundinamarca. Intervenci\u00f3n conjunta en Lenguazaque La operaci\u00f3n interagencial fue liderada [&hellip;]<\/p>","protected":false},"author":1,"featured_media":2232,"comment_status":"open","ping_status":"open","sticky":false,"template":"","format":"standard","meta":{"_acf_changed":false,"footnotes":""},"categories":[2],"tags":[124,243,184],"class_list":["post-2231","post","type-post","status-publish","format-standard","has-post-thumbnail","hentry","category-america-latina","tag-colombia","tag-ejercito-nacional-de-colombia","tag-mineria-ilegal"],"acf":[],"yoast_head":"<!-- This site is optimized with the Yoast SEO Premium plugin v25.0 (Yoast SEO v25.0) - https:\/\/yoast.com\/wordpress\/plugins\/seo\/ -->\n<title>Fuerzas Militares y entidades ambientales desmantelan mina ilegal en Cundinamarca<\/title>\n<meta name=\"robots\" content=\"index, follow, max-snippet:-1, max-image-preview:large, max-video-preview:-1\" \/>\n<link rel=\"canonical\" href=\"https:\/\/defensanews.com\/en\/military-forces-and-environmental-entities-dismantle-illegal-mine-in-cundinamarca\/\" \/>\n<meta property=\"og:locale\" content=\"en_US\" \/>\n<meta property=\"og:type\" content=\"article\" \/>\n<meta property=\"og:title\" content=\"Fuerzas Militares y entidades ambientales desmantelan mina ilegal en Cundinamarca\" \/>\n<meta property=\"og:description\" content=\"En el marco del Plan Ayacucho Plus, el Ej\u00e9rcito Nacional, en conjunto con la Fuerza Aeroespacial Colombiana, la Polic\u00eda Nacional y la Corporaci\u00f3n Aut\u00f3noma Regional (CAR), propinaron un duro golpe a las finanzas il\u00edcitas derivadas de la extracci\u00f3n ilegal de minerales en el departamento de Cundinamarca. Intervenci\u00f3n conjunta en Lenguazaque La operaci\u00f3n interagencial fue liderada [&hellip;]\" \/>\n<meta property=\"og:url\" content=\"https:\/\/defensanews.com\/en\/military-forces-and-environmental-entities-dismantle-illegal-mine-in-cundinamarca\/\" \/>\n<meta property=\"og:site_name\" content=\"NOTICIAS DEFENSA, GEOPOL\u00cdTICA Y SEGURIDAD\" \/>\n<meta property=\"article:publisher\" content=\"https:\/\/www.facebook.com\/defensanewscom\/\" \/>\n<meta property=\"article:published_time\" content=\"2025-05-20T14:52:22+00:00\" \/>\n<meta property=\"article:modified_time\" content=\"2025-05-20T14:52:25+00:00\" \/>\n<meta property=\"og:image\" content=\"https:\/\/defensanews.com\/wp-content\/uploads\/2025\/05\/GrTwUVZXIAAJtDm.jpeg\" \/>\n\t<meta property=\"og:image:width\" content=\"2048\" \/>\n\t<meta property=\"og:image:height\" content=\"1536\" \/>\n\t<meta property=\"og:image:type\" content=\"image\/jpeg\" \/>\n<meta name=\"author\" content=\"Defensa News\" \/>\n<meta name=\"twitter:card\" content=\"summary_large_image\" \/>\n<meta name=\"twitter:label1\" content=\"Written by\" \/>\n\t<meta name=\"twitter:data1\" content=\"Defensa News\" \/>\n\t<meta name=\"twitter:label2\" content=\"Est. reading time\" \/>\n\t<meta name=\"twitter:data2\" content=\"2 minutes\" \/>\n<script type=\"application\/ld+json\" class=\"yoast-schema-graph\">{\"@context\":\"https:\/\/schema.org\",\"@graph\":[{\"@type\":\"NewsArticle\",\"@id\":\"https:\/\/defensanews.com\/fuerzas-militares-y-entidades-ambientales-desmantelan-mina-ilegal-en-cundinamarca\/#article\",\"isPartOf\":{\"@id\":\"https:\/\/defensanews.com\/fuerzas-militares-y-entidades-ambientales-desmantelan-mina-ilegal-en-cundinamarca\/\"},\"author\":{\"name\":\"Defensa News\",\"@id\":\"https:\/\/defensanews.com\/#\/schema\/person\/d371c69fc541b938db26187937f0c11a\"},\"headline\":\"Fuerzas Militares y entidades ambientales desmantelan mina ilegal en Cundinamarca\",\"datePublished\":\"2025-05-20T14:52:22+00:00\",\"dateModified\":\"2025-05-20T14:52:25+00:00\",\"mainEntityOfPage\":{\"@id\":\"https:\/\/defensanews.com\/fuerzas-militares-y-entidades-ambientales-desmantelan-mina-ilegal-en-cundinamarca\/\"},\"wordCount\":364,\"commentCount\":0,\"publisher\":{\"@id\":\"https:\/\/defensanews.com\/#organization\"},\"image\":{\"@id\":\"https:\/\/defensanews.com\/fuerzas-militares-y-entidades-ambientales-desmantelan-mina-ilegal-en-cundinamarca\/#primaryimage\"},\"thumbnailUrl\":\"https:\/\/defensanews.com\/wp-content\/uploads\/2025\/05\/GrTwUVZXIAAJtDm.jpeg\",\"keywords\":[\"Colombia\",\"Ej\u00e9rcito Nacional de Colombia\",\"Miner\u00eda ilegal\"],\"articleSection\":[\"Am\u00e9rica Latina\"],\"inLanguage\":\"en-US\",\"potentialAction\":[{\"@type\":\"CommentAction\",\"name\":\"Comment\",\"target\":[\"https:\/\/defensanews.com\/fuerzas-militares-y-entidades-ambientales-desmantelan-mina-ilegal-en-cundinamarca\/#respond\"]}],\"copyrightYear\":\"2025\",\"copyrightHolder\":{\"@id\":\"https:\/\/defensanews.com\/en\/#organization\"}},{\"@type\":[\"WebPage\",\"ItemPage\"],\"@id\":\"https:\/\/defensanews.com\/fuerzas-militares-y-entidades-ambientales-desmantelan-mina-ilegal-en-cundinamarca\/\",\"url\":\"https:\/\/defensanews.com\/fuerzas-militares-y-entidades-ambientales-desmantelan-mina-ilegal-en-cundinamarca\/\",\"name\":\"Fuerzas Militares y entidades ambientales desmantelan mina ilegal en Cundinamarca\",\"isPartOf\":{\"@id\":\"https:\/\/defensanews.com\/#website\"},\"primaryImageOfPage\":{\"@id\":\"https:\/\/defensanews.com\/fuerzas-militares-y-entidades-ambientales-desmantelan-mina-ilegal-en-cundinamarca\/#primaryimage\"},\"image\":{\"@id\":\"https:\/\/defensanews.com\/fuerzas-militares-y-entidades-ambientales-desmantelan-mina-ilegal-en-cundinamarca\/#primaryimage\"},\"thumbnailUrl\":\"https:\/\/defensanews.com\/wp-content\/uploads\/2025\/05\/GrTwUVZXIAAJtDm.jpeg\",\"datePublished\":\"2025-05-20T14:52:22+00:00\",\"dateModified\":\"2025-05-20T14:52:25+00:00\",\"breadcrumb\":{\"@id\":\"https:\/\/defensanews.com\/fuerzas-militares-y-entidades-ambientales-desmantelan-mina-ilegal-en-cundinamarca\/#breadcrumb\"},\"inLanguage\":\"en-US\",\"potentialAction\":[{\"@type\":\"ReadAction\",\"target\":[\"https:\/\/defensanews.com\/fuerzas-militares-y-entidades-ambientales-desmantelan-mina-ilegal-en-cundinamarca\/\"]}]},{\"@type\":\"ImageObject\",\"inLanguage\":\"en-US\",\"@id\":\"https:\/\/defensanews.com\/fuerzas-militares-y-entidades-ambientales-desmantelan-mina-ilegal-en-cundinamarca\/#primaryimage\",\"url\":\"https:\/\/defensanews.com\/wp-content\/uploads\/2025\/05\/GrTwUVZXIAAJtDm.jpeg\",\"contentUrl\":\"https:\/\/defensanews.com\/wp-content\/uploads\/2025\/05\/GrTwUVZXIAAJtDm.jpeg\",\"width\":2048,\"height\":1536,\"caption\":\"Fuerzas Militares y entidades ambientales desmantelan mina ilegal en Cundinamarca - DEFENSANEWS.COM - Noticias defensa y seguridad\"},{\"@type\":\"BreadcrumbList\",\"@id\":\"https:\/\/defensanews.com\/fuerzas-militares-y-entidades-ambientales-desmantelan-mina-ilegal-en-cundinamarca\/#breadcrumb\",\"itemListElement\":[{\"@type\":\"ListItem\",\"position\":1,\"name\":\"Portada\",\"item\":\"https:\/\/defensanews.com\/\"},{\"@type\":\"ListItem\",\"position\":2,\"name\":\"Fuerzas Militares y entidades ambientales desmantelan mina ilegal en Cundinamarca\"}]},{\"@type\":\"WebSite\",\"@id\":\"https:\/\/defensanews.com\/#website\",\"url\":\"https:\/\/defensanews.com\/\",\"name\":\"NOTICIAS DEFENSA Y SEGURIDAD\",\"description\":\"DEFENSA NEWS\",\"publisher\":{\"@id\":\"https:\/\/defensanews.com\/#organization\"},\"alternateName\":\"DEFENSANEWS.COM\",\"potentialAction\":[{\"@type\":\"SearchAction\",\"target\":{\"@type\":\"EntryPoint\",\"urlTemplate\":\"https:\/\/defensanews.com\/?s={search_term_string}\"},\"query-input\":{\"@type\":\"PropertyValueSpecification\",\"valueRequired\":true,\"valueName\":\"search_term_string\"}}],\"inLanguage\":\"en-US\"},{\"@type\":\"Organization\",\"@id\":\"https:\/\/defensanews.com\/#organization\",\"name\":\"Leonardo Network S.r.l.\",\"alternateName\":\"Leonardo Network S.r.l.\",\"url\":\"https:\/\/defensanews.com\/\",\"logo\":{\"@type\":\"ImageObject\",\"inLanguage\":\"en-US\",\"@id\":\"https:\/\/defensanews.com\/#\/schema\/logo\/image\/\",\"url\":\"https:\/\/defensanews.com\/wp-content\/uploads\/2025\/05\/DN-1200.jpg\",\"contentUrl\":\"https:\/\/defensanews.com\/wp-content\/uploads\/2025\/05\/DN-1200.jpg\",\"width\":1200,\"height\":675,\"caption\":\"Leonardo Network S.r.l.\"},\"image\":{\"@id\":\"https:\/\/defensanews.com\/#\/schema\/logo\/image\/\"},\"sameAs\":[\"https:\/\/www.facebook.com\/defensanewscom\/\",\"https:\/\/www.instagram.com\/defensanews\/\"],\"description\":\"DEFENSANEWS.COM, la plataforma digital independiente dedicada a las noticias sobre defensa y seguridad de Espa\u00f1a, Am\u00e9rica Latina y Estados Unidos.\",\"email\":\"info@defensanews.com\",\"telephone\":\"05661966359\",\"legalName\":\"Leonardo Network S.r.l.\",\"foundingDate\":\"2024-05-11\",\"vatID\":\"IT01749180533\",\"numberOfEmployees\":{\"@type\":\"QuantitativeValue\",\"minValue\":\"1\",\"maxValue\":\"10\"},\"publishingPrinciples\":\"https:\/\/defensanews.com\/terminos-y-condiciones\/\"},{\"@type\":\"Person\",\"@id\":\"https:\/\/defensanews.com\/#\/schema\/person\/d371c69fc541b938db26187937f0c11a\",\"name\":\"Defensa News\",\"image\":{\"@type\":\"ImageObject\",\"inLanguage\":\"en-US\",\"@id\":\"https:\/\/defensanews.com\/#\/schema\/person\/image\/\",\"url\":\"https:\/\/defensanews.com\/wp-content\/uploads\/2025\/05\/cropped-Untitled-9-150x150.jpg\",\"contentUrl\":\"https:\/\/defensanews.com\/wp-content\/uploads\/2025\/05\/cropped-Untitled-9-150x150.jpg\",\"caption\":\"Defensa News\"},\"sameAs\":[\"https:\/\/defensanews.com\"],\"url\":\"https:\/\/defensanews.com\/en\/author\/defensanews\/\"}]}<\/script>\n<!-- \/ Yoast SEO Premium plugin. -->","yoast_head_json":{"title":"Fuerzas Militares y entidades ambientales desmantelan mina ilegal en Cundinamarca","robots":{"index":"index","follow":"follow","max-snippet":"max-snippet:-1","max-image-preview":"max-image-preview:large","max-video-preview":"max-video-preview:-1"},"canonical":"https:\/\/defensanews.com\/en\/military-forces-and-environmental-entities-dismantle-illegal-mine-in-cundinamarca\/","og_locale":"en_US","og_type":"article","og_title":"Fuerzas Militares y entidades ambientales desmantelan mina ilegal en Cundinamarca","og_description":"En el marco del Plan Ayacucho Plus, el Ej\u00e9rcito Nacional, en conjunto con la Fuerza Aeroespacial Colombiana, la Polic\u00eda Nacional y la Corporaci\u00f3n Aut\u00f3noma Regional (CAR), propinaron un duro golpe a las finanzas il\u00edcitas derivadas de la extracci\u00f3n ilegal de minerales en el departamento de Cundinamarca. Intervenci\u00f3n conjunta en Lenguazaque La operaci\u00f3n interagencial fue liderada [&hellip;]","og_url":"https:\/\/defensanews.com\/en\/military-forces-and-environmental-entities-dismantle-illegal-mine-in-cundinamarca\/","og_site_name":"NOTICIAS DEFENSA, GEOPOL\u00cdTICA Y SEGURIDAD","article_publisher":"https:\/\/www.facebook.com\/defensanewscom\/","article_published_time":"2025-05-20T14:52:22+00:00","article_modified_time":"2025-05-20T14:52:25+00:00","og_image":[{"width":2048,"height":1536,"url":"https:\/\/defensanews.com\/wp-content\/uploads\/2025\/05\/GrTwUVZXIAAJtDm.jpeg","type":"image\/jpeg"}],"author":"Defensa News","twitter_card":"summary_large_image","twitter_misc":{"Written by":"Defensa News","Est. reading time":"2 minutes"},"schema":{"@context":"https:\/\/schema.org","@graph":[{"@type":"NewsArticle","@id":"https:\/\/defensanews.com\/fuerzas-militares-y-entidades-ambientales-desmantelan-mina-ilegal-en-cundinamarca\/#article","isPartOf":{"@id":"https:\/\/defensanews.com\/fuerzas-militares-y-entidades-ambientales-desmantelan-mina-ilegal-en-cundinamarca\/"},"author":{"name":"Defensa News","@id":"https:\/\/defensanews.com\/#\/schema\/person\/d371c69fc541b938db26187937f0c11a"},"headline":"Fuerzas Militares y entidades ambientales desmantelan mina ilegal en Cundinamarca","datePublished":"2025-05-20T14:52:22+00:00","dateModified":"2025-05-20T14:52:25+00:00","mainEntityOfPage":{"@id":"https:\/\/defensanews.com\/fuerzas-militares-y-entidades-ambientales-desmantelan-mina-ilegal-en-cundinamarca\/"},"wordCount":364,"commentCount":0,"publisher":{"@id":"https:\/\/defensanews.com\/#organization"},"image":{"@id":"https:\/\/defensanews.com\/fuerzas-militares-y-entidades-ambientales-desmantelan-mina-ilegal-en-cundinamarca\/#primaryimage"},"thumbnailUrl":"https:\/\/defensanews.com\/wp-content\/uploads\/2025\/05\/GrTwUVZXIAAJtDm.jpeg","keywords":["Colombia","Ej\u00e9rcito Nacional de Colombia","Miner\u00eda ilegal"],"articleSection":["Am\u00e9rica Latina"],"inLanguage":"en-US","potentialAction":[{"@type":"CommentAction","name":"Comment","target":["https:\/\/defensanews.com\/fuerzas-militares-y-entidades-ambientales-desmantelan-mina-ilegal-en-cundinamarca\/#respond"]}],"copyrightYear":"2025","copyrightHolder":{"@id":"https:\/\/defensanews.com\/en\/#organization"}},{"@type":["WebPage","ItemPage"],"@id":"https:\/\/defensanews.com\/fuerzas-militares-y-entidades-ambientales-desmantelan-mina-ilegal-en-cundinamarca\/","url":"https:\/\/defensanews.com\/fuerzas-militares-y-entidades-ambientales-desmantelan-mina-ilegal-en-cundinamarca\/","name":"Fuerzas Militares y entidades ambientales desmantelan mina ilegal en Cundinamarca","isPartOf":{"@id":"https:\/\/defensanews.com\/#website"},"primaryImageOfPage":{"@id":"https:\/\/defensanews.com\/fuerzas-militares-y-entidades-ambientales-desmantelan-mina-ilegal-en-cundinamarca\/#primaryimage"},"image":{"@id":"https:\/\/defensanews.com\/fuerzas-militares-y-entidades-ambientales-desmantelan-mina-ilegal-en-cundinamarca\/#primaryimage"},"thumbnailUrl":"https:\/\/defensanews.com\/wp-content\/uploads\/2025\/05\/GrTwUVZXIAAJtDm.jpeg","datePublished":"2025-05-20T14:52:22+00:00","dateModified":"2025-05-20T14:52:25+00:00","breadcrumb":{"@id":"https:\/\/defensanews.com\/fuerzas-militares-y-entidades-ambientales-desmantelan-mina-ilegal-en-cundinamarca\/#breadcrumb"},"inLanguage":"en-US","potentialAction":[{"@type":"ReadAction","target":["https:\/\/defensanews.com\/fuerzas-militares-y-entidades-ambientales-desmantelan-mina-ilegal-en-cundinamarca\/"]}]},{"@type":"ImageObject","inLanguage":"en-US","@id":"https:\/\/defensanews.com\/fuerzas-militares-y-entidades-ambientales-desmantelan-mina-ilegal-en-cundinamarca\/#primaryimage","url":"https:\/\/defensanews.com\/wp-content\/uploads\/2025\/05\/GrTwUVZXIAAJtDm.jpeg","contentUrl":"https:\/\/defensanews.com\/wp-content\/uploads\/2025\/05\/GrTwUVZXIAAJtDm.jpeg","width":2048,"height":1536,"caption":"Fuerzas Militares y entidades ambientales desmantelan mina ilegal en Cundinamarca - DEFENSANEWS.COM - Noticias defensa y seguridad"},{"@type":"BreadcrumbList","@id":"https:\/\/defensanews.com\/fuerzas-militares-y-entidades-ambientales-desmantelan-mina-ilegal-en-cundinamarca\/#breadcrumb","itemListElement":[{"@type":"ListItem","position":1,"name":"Portada","item":"https:\/\/defensanews.com\/"},{"@type":"ListItem","position":2,"name":"Fuerzas Militares y entidades ambientales desmantelan mina ilegal en Cundinamarca"}]},{"@type":"WebSite","@id":"https:\/\/defensanews.com\/#website","url":"https:\/\/defensanews.com\/","name":"NOTICIAS DEFENSA Y SEGURIDAD","description":"DEFENSA NEWS","publisher":{"@id":"https:\/\/defensanews.com\/#organization"},"alternateName":"DEFENSANEWS.COM","potentialAction":[{"@type":"SearchAction","target":{"@type":"EntryPoint","urlTemplate":"https:\/\/defensanews.com\/?s={search_term_string}"},"query-input":{"@type":"PropertyValueSpecification","valueRequired":true,"valueName":"search_term_string"}}],"inLanguage":"en-US"},{"@type":"Organization","@id":"https:\/\/defensanews.com\/#organization","name":"Leonardo Network S.r.l.","alternateName":"Leonardo Network S.r.l.","url":"https:\/\/defensanews.com\/","logo":{"@type":"ImageObject","inLanguage":"en-US","@id":"https:\/\/defensanews.com\/#\/schema\/logo\/image\/","url":"https:\/\/defensanews.com\/wp-content\/uploads\/2025\/05\/DN-1200.jpg","contentUrl":"https:\/\/defensanews.com\/wp-content\/uploads\/2025\/05\/DN-1200.jpg","width":1200,"height":675,"caption":"Leonardo Network S.r.l."},"image":{"@id":"https:\/\/defensanews.com\/#\/schema\/logo\/image\/"},"sameAs":["https:\/\/www.facebook.com\/defensanewscom\/","https:\/\/www.instagram.com\/defensanews\/"],"description":"DEFENSANEWS.COM, la plataforma digital independiente dedicada a las noticias sobre defensa y seguridad de Espa\u00f1a, Am\u00e9rica Latina y Estados Unidos.","email":"info@defensanews.com","telephone":"05661966359","legalName":"Leonardo Network S.r.l.","foundingDate":"2024-05-11","vatID":"IT01749180533","numberOfEmployees":{"@type":"QuantitativeValue","minValue":"1","maxValue":"10"},"publishingPrinciples":"https:\/\/defensanews.com\/terminos-y-condiciones\/"},{"@type":"Person","@id":"https:\/\/defensanews.com\/#\/schema\/person\/d371c69fc541b938db26187937f0c11a","name":"Defensa News","image":{"@type":"ImageObject","inLanguage":"en-US","@id":"https:\/\/defensanews.com\/#\/schema\/person\/image\/","url":"https:\/\/defensanews.com\/wp-content\/uploads\/2025\/05\/cropped-Untitled-9-150x150.jpg","contentUrl":"https:\/\/defensanews.com\/wp-content\/uploads\/2025\/05\/cropped-Untitled-9-150x150.jpg","caption":"Defensa News"},"sameAs":["https:\/\/defensanews.com"],"url":"https:\/\/defensanews.com\/en\/author\/defensanews\/"}]}},"_links":{"self":[{"href":"https:\/\/defensanews.com\/en\/wp-json\/wp\/v2\/posts\/2231","targetHints":{"allow":["GET"]}}],"collection":[{"href":"https:\/\/defensanews.com\/en\/wp-json\/wp\/v2\/posts"}],"about":[{"href":"https:\/\/defensanews.com\/en\/wp-json\/wp\/v2\/types\/post"}],"author":[{"embeddable":true,"href":"https:\/\/defensanews.com\/en\/wp-json\/wp\/v2\/users\/1"}],"replies":[{"embeddable":true,"href":"https:\/\/defensanews.com\/en\/wp-json\/wp\/v2\/comments?post=2231"}],"version-history":[{"count":3,"href":"https:\/\/defensanews.com\/en\/wp-json\/wp\/v2\/posts\/2231\/revisions"}],"predecessor-version":[{"id":2235,"href":"https:\/\/defensanews.com\/en\/wp-json\/wp\/v2\/posts\/2231\/revisions\/2235"}],"wp:featuredmedia":[{"embeddable":true,"href":"https:\/\/defensanews.com\/en\/wp-json\/wp\/v2\/media\/2232"}],"wp:attachment":[{"href":"https:\/\/defensanews.com\/en\/wp-json\/wp\/v2\/media?parent=2231"}],"wp:term":[{"taxonomy":"category","embeddable":true,"href":"https:\/\/defensanews.com\/en\/wp-json\/wp\/v2\/categories?post=2231"},{"taxonomy":"post_tag","embeddable":true,"href":"https:\/\/defensanews.com\/en\/wp-json\/wp\/v2\/tags?post=2231"}],"curies":[{"name":"wp","href":"https:\/\/api.w.org\/{rel}","templated":true}]}}