{"id":2261,"date":"2025-05-23T10:14:22","date_gmt":"2025-05-23T08:14:22","guid":{"rendered":"https:\/\/defensanews.com\/?p=2261"},"modified":"2025-05-23T10:14:24","modified_gmt":"2025-05-23T08:14:24","slug":"la-reinsercion-como-mision-prioritaria-en-el-establecimiento-penitenciario-militar-de-meco","status":"publish","type":"post","link":"https:\/\/defensanews.com\/en\/reinsertion-as-a-priority-mission-at-the-meco-military-penitentiary-establishment\/","title":{"rendered":"Reintegration as a priority mission in the Meco Military Penitentiary Establishment."},"content":{"rendered":"<p>Spain's only military penitentiary center, located in Alcal\u00e1 de Henares, reinforces its commitment to the reintegration of inmates through educational, therapeutic and social support programs.<\/p>\n\n\n\n<p>The Minister of Defense, Margarita Robles, visited the facilities of the Military Penitentiary Establishment in Meco (Madrid), where she highlighted the essential role of civilian and military personnel in the work of reintegrating inmates. During her tour, Robles expressed her appreciation to the team of professionals who, with empathy and commitment, work to offer a second chance to those serving a sentence in this center.<\/p>\n\n\n\n<h2 class=\"wp-block-heading\" id=\"h-un-equipo-multidisciplinar-al-servicio-de-la-rehabilitacion\">A multidisciplinary team at the service of rehabilitation<\/h2>\n\n\n\n<p>The facility is staffed by 230 civilian and military personnel, including doctors, psychologists, psychiatrists, social workers and lawyers. Their work focuses on detecting the individual needs of the inmates and providing them with practical and emotional tools for their return to civilian life.<\/p>\n\n\n\n<h2 class=\"wp-block-heading\" id=\"h-formacion-academica-y-talleres-como-pilares-del-proceso\">Academic training and workshops as pillars of the process<\/h2>\n\n\n\n<p>Among the options available, inmates can access university studies in careers such as Business Administration and Management or Law. Workshops are also offered for personal development and the prevention of risky behavior, such as programs on aggression control, road safety and conflict resolution.<\/p>\n\n\n\n<h2 class=\"wp-block-heading\" id=\"h-apoyo-tambien-a-las-familias\">Support for families<\/h2>\n\n\n\n<p>Robles stressed the importance of supporting not only the inmates, but also their families, pointing out that \"the empathy of the staff is key to making the reintegration process complete and real\". Accompanied by the Undersecretary of Defense, Adoraci\u00f3n Mateos, she remarked the human value that defines this type of institutions.<\/p>\n\n\n\n<h2 class=\"wp-block-heading\" id=\"h-un-centro-unico-en-el-sistema-penitenciario-militar-espanol\">A unique center in the Spanish military penitentiary system<\/h2>\n\n\n\n<p>Inaugurated in 1979, the Alcal\u00e1 de Henares Military Penitentiary Establishment is the only one in operation in Spain since 1995, following the closure of the Canary Islands center. Its objective remains unwavering: to transform the serving of sentences into an opportunity for change.<\/p>","protected":false},"excerpt":{"rendered":"<p>El \u00fanico centro penitenciario militar de Espa\u00f1a, ubicado en Alcal\u00e1 de Henares, refuerza su compromiso con la reintegraci\u00f3n de los internos a trav\u00e9s de programas educativos, terap\u00e9uticos y de apoyo social. La ministra de Defensa, Margarita Robles, ha visitado las instalaciones del Establecimiento Penitenciario Militar en Meco (Madrid), donde ha destacado el papel esencial del [&hellip;]<\/p>","protected":false},"author":1,"featured_media":2262,"comment_status":"open","ping_status":"open","sticky":false,"template":"","format":"standard","meta":{"_acf_changed":false,"footnotes":""},"categories":[3],"tags":[240,187,194],"class_list":["post-2261","post","type-post","status-publish","format-standard","has-post-thumbnail","hentry","category-espana","tag-espana","tag-margarita-robles","tag-ministerio-de-defensa"],"acf":[],"yoast_head":"<!-- This site is optimized with the Yoast SEO Premium plugin v25.0 (Yoast SEO v25.0) - https:\/\/yoast.com\/wordpress\/plugins\/seo\/ -->\n<title>La reinserci\u00f3n como misi\u00f3n prioritaria en el Establecimiento Penitenciario Militar de Meco<\/title>\n<meta name=\"robots\" content=\"index, follow, max-snippet:-1, max-image-preview:large, max-video-preview:-1\" \/>\n<link rel=\"canonical\" href=\"https:\/\/defensanews.com\/en\/reinsertion-as-a-priority-mission-at-the-meco-military-penitentiary-establishment\/\" \/>\n<meta property=\"og:locale\" content=\"en_US\" \/>\n<meta property=\"og:type\" content=\"article\" \/>\n<meta property=\"og:title\" content=\"La reinserci\u00f3n como misi\u00f3n prioritaria en el Establecimiento Penitenciario Militar de Meco\" \/>\n<meta property=\"og:description\" content=\"El \u00fanico centro penitenciario militar de Espa\u00f1a, ubicado en Alcal\u00e1 de Henares, refuerza su compromiso con la reintegraci\u00f3n de los internos a trav\u00e9s de programas educativos, terap\u00e9uticos y de apoyo social. La ministra de Defensa, Margarita Robles, ha visitado las instalaciones del Establecimiento Penitenciario Militar en Meco (Madrid), donde ha destacado el papel esencial del [&hellip;]\" \/>\n<meta property=\"og:url\" content=\"https:\/\/defensanews.com\/en\/reinsertion-as-a-priority-mission-at-the-meco-military-penitentiary-establishment\/\" \/>\n<meta property=\"og:site_name\" content=\"NOTICIAS DEFENSA, GEOPOL\u00cdTICA Y SEGURIDAD\" \/>\n<meta property=\"article:publisher\" content=\"https:\/\/www.facebook.com\/defensanewscom\/\" \/>\n<meta property=\"article:published_time\" content=\"2025-05-23T08:14:22+00:00\" \/>\n<meta property=\"article:modified_time\" content=\"2025-05-23T08:14:24+00:00\" \/>\n<meta property=\"og:image\" content=\"https:\/\/defensanews.com\/wp-content\/uploads\/2025\/05\/54536364747-eab0c8df15-o.jpg\" \/>\n\t<meta property=\"og:image:width\" content=\"1500\" \/>\n\t<meta property=\"og:image:height\" content=\"1000\" \/>\n\t<meta property=\"og:image:type\" content=\"image\/jpeg\" \/>\n<meta name=\"author\" content=\"Defensa News\" \/>\n<meta name=\"twitter:card\" content=\"summary_large_image\" \/>\n<meta name=\"twitter:label1\" content=\"Written by\" \/>\n\t<meta name=\"twitter:data1\" content=\"Defensa News\" \/>\n\t<meta name=\"twitter:label2\" content=\"Est. reading time\" \/>\n\t<meta name=\"twitter:data2\" content=\"2 minutes\" \/>\n<script type=\"application\/ld+json\" class=\"yoast-schema-graph\">{\"@context\":\"https:\/\/schema.org\",\"@graph\":[{\"@type\":\"NewsArticle\",\"@id\":\"https:\/\/defensanews.com\/la-reinsercion-como-mision-prioritaria-en-el-establecimiento-penitenciario-militar-de-meco\/#article\",\"isPartOf\":{\"@id\":\"https:\/\/defensanews.com\/la-reinsercion-como-mision-prioritaria-en-el-establecimiento-penitenciario-militar-de-meco\/\"},\"author\":{\"name\":\"Defensa News\",\"@id\":\"https:\/\/defensanews.com\/#\/schema\/person\/d371c69fc541b938db26187937f0c11a\"},\"headline\":\"La reinserci\u00f3n como misi\u00f3n prioritaria en el Establecimiento Penitenciario Militar de Meco\",\"datePublished\":\"2025-05-23T08:14:22+00:00\",\"dateModified\":\"2025-05-23T08:14:24+00:00\",\"mainEntityOfPage\":{\"@id\":\"https:\/\/defensanews.com\/la-reinsercion-como-mision-prioritaria-en-el-establecimiento-penitenciario-militar-de-meco\/\"},\"wordCount\":355,\"commentCount\":0,\"publisher\":{\"@id\":\"https:\/\/defensanews.com\/#organization\"},\"image\":{\"@id\":\"https:\/\/defensanews.com\/la-reinsercion-como-mision-prioritaria-en-el-establecimiento-penitenciario-militar-de-meco\/#primaryimage\"},\"thumbnailUrl\":\"https:\/\/defensanews.com\/wp-content\/uploads\/2025\/05\/54536364747-eab0c8df15-o.jpg\",\"keywords\":[\"Espa\u00f1a\",\"Margarita Robles\",\"Ministerio de Defensa\"],\"articleSection\":[\"Espa\u00f1a\"],\"inLanguage\":\"en-US\",\"potentialAction\":[{\"@type\":\"CommentAction\",\"name\":\"Comment\",\"target\":[\"https:\/\/defensanews.com\/la-reinsercion-como-mision-prioritaria-en-el-establecimiento-penitenciario-militar-de-meco\/#respond\"]}],\"copyrightYear\":\"2025\",\"copyrightHolder\":{\"@id\":\"https:\/\/defensanews.com\/en\/#organization\"}},{\"@type\":[\"WebPage\",\"ItemPage\"],\"@id\":\"https:\/\/defensanews.com\/la-reinsercion-como-mision-prioritaria-en-el-establecimiento-penitenciario-militar-de-meco\/\",\"url\":\"https:\/\/defensanews.com\/la-reinsercion-como-mision-prioritaria-en-el-establecimiento-penitenciario-militar-de-meco\/\",\"name\":\"La reinserci\u00f3n como misi\u00f3n prioritaria en el Establecimiento Penitenciario Militar de Meco\",\"isPartOf\":{\"@id\":\"https:\/\/defensanews.com\/#website\"},\"primaryImageOfPage\":{\"@id\":\"https:\/\/defensanews.com\/la-reinsercion-como-mision-prioritaria-en-el-establecimiento-penitenciario-militar-de-meco\/#primaryimage\"},\"image\":{\"@id\":\"https:\/\/defensanews.com\/la-reinsercion-como-mision-prioritaria-en-el-establecimiento-penitenciario-militar-de-meco\/#primaryimage\"},\"thumbnailUrl\":\"https:\/\/defensanews.com\/wp-content\/uploads\/2025\/05\/54536364747-eab0c8df15-o.jpg\",\"datePublished\":\"2025-05-23T08:14:22+00:00\",\"dateModified\":\"2025-05-23T08:14:24+00:00\",\"breadcrumb\":{\"@id\":\"https:\/\/defensanews.com\/la-reinsercion-como-mision-prioritaria-en-el-establecimiento-penitenciario-militar-de-meco\/#breadcrumb\"},\"inLanguage\":\"en-US\",\"potentialAction\":[{\"@type\":\"ReadAction\",\"target\":[\"https:\/\/defensanews.com\/la-reinsercion-como-mision-prioritaria-en-el-establecimiento-penitenciario-militar-de-meco\/\"]}]},{\"@type\":\"ImageObject\",\"inLanguage\":\"en-US\",\"@id\":\"https:\/\/defensanews.com\/la-reinsercion-como-mision-prioritaria-en-el-establecimiento-penitenciario-militar-de-meco\/#primaryimage\",\"url\":\"https:\/\/defensanews.com\/wp-content\/uploads\/2025\/05\/54536364747-eab0c8df15-o.jpg\",\"contentUrl\":\"https:\/\/defensanews.com\/wp-content\/uploads\/2025\/05\/54536364747-eab0c8df15-o.jpg\",\"width\":1500,\"height\":1000,\"caption\":\"La reinserci\u00f3n como misi\u00f3n prioritaria en el Establecimiento Penitenciario Militar de Meco - DEFENSANEWS.COM - Noticias defensa y seguridad\"},{\"@type\":\"BreadcrumbList\",\"@id\":\"https:\/\/defensanews.com\/la-reinsercion-como-mision-prioritaria-en-el-establecimiento-penitenciario-militar-de-meco\/#breadcrumb\",\"itemListElement\":[{\"@type\":\"ListItem\",\"position\":1,\"name\":\"Portada\",\"item\":\"https:\/\/defensanews.com\/\"},{\"@type\":\"ListItem\",\"position\":2,\"name\":\"La reinserci\u00f3n como misi\u00f3n prioritaria en el Establecimiento Penitenciario Militar de Meco\"}]},{\"@type\":\"WebSite\",\"@id\":\"https:\/\/defensanews.com\/#website\",\"url\":\"https:\/\/defensanews.com\/\",\"name\":\"NOTICIAS DEFENSA Y SEGURIDAD\",\"description\":\"DEFENSA NEWS\",\"publisher\":{\"@id\":\"https:\/\/defensanews.com\/#organization\"},\"alternateName\":\"DEFENSANEWS.COM\",\"potentialAction\":[{\"@type\":\"SearchAction\",\"target\":{\"@type\":\"EntryPoint\",\"urlTemplate\":\"https:\/\/defensanews.com\/?s={search_term_string}\"},\"query-input\":{\"@type\":\"PropertyValueSpecification\",\"valueRequired\":true,\"valueName\":\"search_term_string\"}}],\"inLanguage\":\"en-US\"},{\"@type\":\"Organization\",\"@id\":\"https:\/\/defensanews.com\/#organization\",\"name\":\"Leonardo Network S.r.l.\",\"alternateName\":\"Leonardo Network S.r.l.\",\"url\":\"https:\/\/defensanews.com\/\",\"logo\":{\"@type\":\"ImageObject\",\"inLanguage\":\"en-US\",\"@id\":\"https:\/\/defensanews.com\/#\/schema\/logo\/image\/\",\"url\":\"https:\/\/defensanews.com\/wp-content\/uploads\/2025\/05\/DN-1200.jpg\",\"contentUrl\":\"https:\/\/defensanews.com\/wp-content\/uploads\/2025\/05\/DN-1200.jpg\",\"width\":1200,\"height\":675,\"caption\":\"Leonardo Network S.r.l.\"},\"image\":{\"@id\":\"https:\/\/defensanews.com\/#\/schema\/logo\/image\/\"},\"sameAs\":[\"https:\/\/www.facebook.com\/defensanewscom\/\",\"https:\/\/www.instagram.com\/defensanews\/\"],\"description\":\"DEFENSANEWS.COM, la plataforma digital independiente dedicada a las noticias sobre defensa y seguridad de Espa\u00f1a, Am\u00e9rica Latina y Estados Unidos.\",\"email\":\"info@defensanews.com\",\"telephone\":\"05661966359\",\"legalName\":\"Leonardo Network S.r.l.\",\"foundingDate\":\"2024-05-11\",\"vatID\":\"IT01749180533\",\"numberOfEmployees\":{\"@type\":\"QuantitativeValue\",\"minValue\":\"1\",\"maxValue\":\"10\"},\"publishingPrinciples\":\"https:\/\/defensanews.com\/terminos-y-condiciones\/\"},{\"@type\":\"Person\",\"@id\":\"https:\/\/defensanews.com\/#\/schema\/person\/d371c69fc541b938db26187937f0c11a\",\"name\":\"Defensa News\",\"image\":{\"@type\":\"ImageObject\",\"inLanguage\":\"en-US\",\"@id\":\"https:\/\/defensanews.com\/#\/schema\/person\/image\/\",\"url\":\"https:\/\/defensanews.com\/wp-content\/uploads\/2025\/05\/cropped-Untitled-9-150x150.jpg\",\"contentUrl\":\"https:\/\/defensanews.com\/wp-content\/uploads\/2025\/05\/cropped-Untitled-9-150x150.jpg\",\"caption\":\"Defensa News\"},\"sameAs\":[\"https:\/\/defensanews.com\"],\"url\":\"https:\/\/defensanews.com\/en\/author\/defensanews\/\"}]}<\/script>\n<!-- \/ Yoast SEO Premium plugin. -->","yoast_head_json":{"title":"La reinserci\u00f3n como misi\u00f3n prioritaria en el Establecimiento Penitenciario Militar de Meco","robots":{"index":"index","follow":"follow","max-snippet":"max-snippet:-1","max-image-preview":"max-image-preview:large","max-video-preview":"max-video-preview:-1"},"canonical":"https:\/\/defensanews.com\/en\/reinsertion-as-a-priority-mission-at-the-meco-military-penitentiary-establishment\/","og_locale":"en_US","og_type":"article","og_title":"La reinserci\u00f3n como misi\u00f3n prioritaria en el Establecimiento Penitenciario Militar de Meco","og_description":"El \u00fanico centro penitenciario militar de Espa\u00f1a, ubicado en Alcal\u00e1 de Henares, refuerza su compromiso con la reintegraci\u00f3n de los internos a trav\u00e9s de programas educativos, terap\u00e9uticos y de apoyo social. La ministra de Defensa, Margarita Robles, ha visitado las instalaciones del Establecimiento Penitenciario Militar en Meco (Madrid), donde ha destacado el papel esencial del [&hellip;]","og_url":"https:\/\/defensanews.com\/en\/reinsertion-as-a-priority-mission-at-the-meco-military-penitentiary-establishment\/","og_site_name":"NOTICIAS DEFENSA, GEOPOL\u00cdTICA Y SEGURIDAD","article_publisher":"https:\/\/www.facebook.com\/defensanewscom\/","article_published_time":"2025-05-23T08:14:22+00:00","article_modified_time":"2025-05-23T08:14:24+00:00","og_image":[{"width":1500,"height":1000,"url":"https:\/\/defensanews.com\/wp-content\/uploads\/2025\/05\/54536364747-eab0c8df15-o.jpg","type":"image\/jpeg"}],"author":"Defensa News","twitter_card":"summary_large_image","twitter_misc":{"Written by":"Defensa News","Est. reading time":"2 minutes"},"schema":{"@context":"https:\/\/schema.org","@graph":[{"@type":"NewsArticle","@id":"https:\/\/defensanews.com\/la-reinsercion-como-mision-prioritaria-en-el-establecimiento-penitenciario-militar-de-meco\/#article","isPartOf":{"@id":"https:\/\/defensanews.com\/la-reinsercion-como-mision-prioritaria-en-el-establecimiento-penitenciario-militar-de-meco\/"},"author":{"name":"Defensa News","@id":"https:\/\/defensanews.com\/#\/schema\/person\/d371c69fc541b938db26187937f0c11a"},"headline":"La reinserci\u00f3n como misi\u00f3n prioritaria en el Establecimiento Penitenciario Militar de Meco","datePublished":"2025-05-23T08:14:22+00:00","dateModified":"2025-05-23T08:14:24+00:00","mainEntityOfPage":{"@id":"https:\/\/defensanews.com\/la-reinsercion-como-mision-prioritaria-en-el-establecimiento-penitenciario-militar-de-meco\/"},"wordCount":355,"commentCount":0,"publisher":{"@id":"https:\/\/defensanews.com\/#organization"},"image":{"@id":"https:\/\/defensanews.com\/la-reinsercion-como-mision-prioritaria-en-el-establecimiento-penitenciario-militar-de-meco\/#primaryimage"},"thumbnailUrl":"https:\/\/defensanews.com\/wp-content\/uploads\/2025\/05\/54536364747-eab0c8df15-o.jpg","keywords":["Espa\u00f1a","Margarita Robles","Ministerio de Defensa"],"articleSection":["Espa\u00f1a"],"inLanguage":"en-US","potentialAction":[{"@type":"CommentAction","name":"Comment","target":["https:\/\/defensanews.com\/la-reinsercion-como-mision-prioritaria-en-el-establecimiento-penitenciario-militar-de-meco\/#respond"]}],"copyrightYear":"2025","copyrightHolder":{"@id":"https:\/\/defensanews.com\/en\/#organization"}},{"@type":["WebPage","ItemPage"],"@id":"https:\/\/defensanews.com\/la-reinsercion-como-mision-prioritaria-en-el-establecimiento-penitenciario-militar-de-meco\/","url":"https:\/\/defensanews.com\/la-reinsercion-como-mision-prioritaria-en-el-establecimiento-penitenciario-militar-de-meco\/","name":"La reinserci\u00f3n como misi\u00f3n prioritaria en el Establecimiento Penitenciario Militar de Meco","isPartOf":{"@id":"https:\/\/defensanews.com\/#website"},"primaryImageOfPage":{"@id":"https:\/\/defensanews.com\/la-reinsercion-como-mision-prioritaria-en-el-establecimiento-penitenciario-militar-de-meco\/#primaryimage"},"image":{"@id":"https:\/\/defensanews.com\/la-reinsercion-como-mision-prioritaria-en-el-establecimiento-penitenciario-militar-de-meco\/#primaryimage"},"thumbnailUrl":"https:\/\/defensanews.com\/wp-content\/uploads\/2025\/05\/54536364747-eab0c8df15-o.jpg","datePublished":"2025-05-23T08:14:22+00:00","dateModified":"2025-05-23T08:14:24+00:00","breadcrumb":{"@id":"https:\/\/defensanews.com\/la-reinsercion-como-mision-prioritaria-en-el-establecimiento-penitenciario-militar-de-meco\/#breadcrumb"},"inLanguage":"en-US","potentialAction":[{"@type":"ReadAction","target":["https:\/\/defensanews.com\/la-reinsercion-como-mision-prioritaria-en-el-establecimiento-penitenciario-militar-de-meco\/"]}]},{"@type":"ImageObject","inLanguage":"en-US","@id":"https:\/\/defensanews.com\/la-reinsercion-como-mision-prioritaria-en-el-establecimiento-penitenciario-militar-de-meco\/#primaryimage","url":"https:\/\/defensanews.com\/wp-content\/uploads\/2025\/05\/54536364747-eab0c8df15-o.jpg","contentUrl":"https:\/\/defensanews.com\/wp-content\/uploads\/2025\/05\/54536364747-eab0c8df15-o.jpg","width":1500,"height":1000,"caption":"La reinserci\u00f3n como misi\u00f3n prioritaria en el Establecimiento Penitenciario Militar de Meco - DEFENSANEWS.COM - Noticias defensa y seguridad"},{"@type":"BreadcrumbList","@id":"https:\/\/defensanews.com\/la-reinsercion-como-mision-prioritaria-en-el-establecimiento-penitenciario-militar-de-meco\/#breadcrumb","itemListElement":[{"@type":"ListItem","position":1,"name":"Portada","item":"https:\/\/defensanews.com\/"},{"@type":"ListItem","position":2,"name":"La reinserci\u00f3n como misi\u00f3n prioritaria en el Establecimiento Penitenciario Militar de Meco"}]},{"@type":"WebSite","@id":"https:\/\/defensanews.com\/#website","url":"https:\/\/defensanews.com\/","name":"NOTICIAS DEFENSA Y SEGURIDAD","description":"DEFENSA NEWS","publisher":{"@id":"https:\/\/defensanews.com\/#organization"},"alternateName":"DEFENSANEWS.COM","potentialAction":[{"@type":"SearchAction","target":{"@type":"EntryPoint","urlTemplate":"https:\/\/defensanews.com\/?s={search_term_string}"},"query-input":{"@type":"PropertyValueSpecification","valueRequired":true,"valueName":"search_term_string"}}],"inLanguage":"en-US"},{"@type":"Organization","@id":"https:\/\/defensanews.com\/#organization","name":"Leonardo Network S.r.l.","alternateName":"Leonardo Network S.r.l.","url":"https:\/\/defensanews.com\/","logo":{"@type":"ImageObject","inLanguage":"en-US","@id":"https:\/\/defensanews.com\/#\/schema\/logo\/image\/","url":"https:\/\/defensanews.com\/wp-content\/uploads\/2025\/05\/DN-1200.jpg","contentUrl":"https:\/\/defensanews.com\/wp-content\/uploads\/2025\/05\/DN-1200.jpg","width":1200,"height":675,"caption":"Leonardo Network S.r.l."},"image":{"@id":"https:\/\/defensanews.com\/#\/schema\/logo\/image\/"},"sameAs":["https:\/\/www.facebook.com\/defensanewscom\/","https:\/\/www.instagram.com\/defensanews\/"],"description":"DEFENSANEWS.COM, la plataforma digital independiente dedicada a las noticias sobre defensa y seguridad de Espa\u00f1a, Am\u00e9rica Latina y Estados Unidos.","email":"info@defensanews.com","telephone":"05661966359","legalName":"Leonardo Network S.r.l.","foundingDate":"2024-05-11","vatID":"IT01749180533","numberOfEmployees":{"@type":"QuantitativeValue","minValue":"1","maxValue":"10"},"publishingPrinciples":"https:\/\/defensanews.com\/terminos-y-condiciones\/"},{"@type":"Person","@id":"https:\/\/defensanews.com\/#\/schema\/person\/d371c69fc541b938db26187937f0c11a","name":"Defensa News","image":{"@type":"ImageObject","inLanguage":"en-US","@id":"https:\/\/defensanews.com\/#\/schema\/person\/image\/","url":"https:\/\/defensanews.com\/wp-content\/uploads\/2025\/05\/cropped-Untitled-9-150x150.jpg","contentUrl":"https:\/\/defensanews.com\/wp-content\/uploads\/2025\/05\/cropped-Untitled-9-150x150.jpg","caption":"Defensa News"},"sameAs":["https:\/\/defensanews.com"],"url":"https:\/\/defensanews.com\/en\/author\/defensanews\/"}]}},"_links":{"self":[{"href":"https:\/\/defensanews.com\/en\/wp-json\/wp\/v2\/posts\/2261","targetHints":{"allow":["GET"]}}],"collection":[{"href":"https:\/\/defensanews.com\/en\/wp-json\/wp\/v2\/posts"}],"about":[{"href":"https:\/\/defensanews.com\/en\/wp-json\/wp\/v2\/types\/post"}],"author":[{"embeddable":true,"href":"https:\/\/defensanews.com\/en\/wp-json\/wp\/v2\/users\/1"}],"replies":[{"embeddable":true,"href":"https:\/\/defensanews.com\/en\/wp-json\/wp\/v2\/comments?post=2261"}],"version-history":[{"count":2,"href":"https:\/\/defensanews.com\/en\/wp-json\/wp\/v2\/posts\/2261\/revisions"}],"predecessor-version":[{"id":2264,"href":"https:\/\/defensanews.com\/en\/wp-json\/wp\/v2\/posts\/2261\/revisions\/2264"}],"wp:featuredmedia":[{"embeddable":true,"href":"https:\/\/defensanews.com\/en\/wp-json\/wp\/v2\/media\/2262"}],"wp:attachment":[{"href":"https:\/\/defensanews.com\/en\/wp-json\/wp\/v2\/media?parent=2261"}],"wp:term":[{"taxonomy":"category","embeddable":true,"href":"https:\/\/defensanews.com\/en\/wp-json\/wp\/v2\/categories?post=2261"},{"taxonomy":"post_tag","embeddable":true,"href":"https:\/\/defensanews.com\/en\/wp-json\/wp\/v2\/tags?post=2261"}],"curies":[{"name":"wp","href":"https:\/\/api.w.org\/{rel}","templated":true}]}}