{"id":2268,"date":"2025-05-26T10:48:30","date_gmt":"2025-05-26T08:48:30","guid":{"rendered":"https:\/\/defensanews.com\/?p=2268"},"modified":"2025-05-26T10:48:33","modified_gmt":"2025-05-26T08:48:33","slug":"el-ejercito-de-portugal-impulsa-una-ambiciosa-modernizacion-hasta-2034","status":"publish","type":"post","link":"https:\/\/defensanews.com\/en\/portugals-army-to-undergo-ambitious-modernization-until-2034\/","title":{"rendered":"Portugal's Army promotes ambitious modernization until 2034"},"content":{"rendered":"<p>Within the framework of the Military Programming Law 2023-2034, approved in July 2023, the Portuguese Army (Ex\u00e9rcito Portugu\u00eas) has undertaken an extensive modernization process aimed at strengthening its operational capabilities in multiple strategic areas.<\/p>\n\n\n\n<h2 class=\"wp-block-heading\" id=\"h-una-transformacion-estructural-con-vision-de-futuro\">A forward-looking structural transformation<\/h2>\n\n\n\n<p>The operational structure of the Portuguese Army is mainly composed of the Rapid Reaction Brigade, the Intervention Brigade, the Mechanized Brigade, the General Support and Military Emergency Forces, as well as three infantry battalions deployed abroad.<\/p>\n\n\n\n<p>Despite budgetary constraints and logistical challenges, the Army, led by General Eduardo Manuel Braga da Cruz Mendes Ferr\u00e3o and comprising approximately 11,000 troops, has managed to implement several procurement programs in recent years with positive results.<\/p>\n\n\n\n<h2 class=\"wp-block-heading\" id=\"h-inversion-estrategica-y-apoyo-europeo\">Strategic investment and European support<\/h2>\n\n\n\n<p>The Military Programming Law foresees a total investment of 5.57 billion euros to modernize the Portuguese Armed Forces, a figure that will be reviewed in 2027. This effort could be reinforced by the European plan for the modernization of the Portuguese Armed Forces. <strong>ReArm Europe<\/strong>800 billion, announced by the European Commission on March 4, 2025.<\/p>\n\n\n\n<p>Of the foreseen investment, <strong>1,236 million euros<\/strong> will go towards the creation of the new generation Portuguese Army, incorporating capabilities in key areas such as protection, firepower, digitalization, command and control, mobility, connectivity, cyber defense and unmanned systems.<\/p>\n\n\n\n<h2 class=\"wp-block-heading\" id=\"h-adquisiciones-prioritarias-hasta-2034\">Priority acquisitions through 2034<\/h2>\n\n\n\n<p>The main lines of investment include the following:<\/p>\n\n\n\n<ul class=\"wp-block-list\">\n<li>50 million for protection and evacuation helicopters.<\/li>\n\n\n\n<li>55.4 million for the modernization of Leopard 2A6 battle tanks.<\/li>\n\n\n\n<li>6 million for micro and mini UAVs.<\/li>\n\n\n\n<li>8.2 million for anti-drone systems (C-UAS).<\/li>\n\n\n\n<li>297.7 million for the upgrade of Pandur II 8\u00d78 armored vehicles (2026-2034).<\/li>\n\n\n\n<li>13.6 million to procure tracked infantry fighting vehicles (ICV-L), which will replace M113A2s.<\/li>\n\n\n\n<li>119.5 million for field artillery systems.<\/li>\n\n\n\n<li>126.5 million for command and control equipment (C2).<\/li>\n\n\n\n<li>90.2 million in ammunition through 2034.<\/li>\n<\/ul>\n\n\n\n<h2 class=\"wp-block-heading\" id=\"h-gestion-y-coordinacion-con-la-otan\">Management and coordination with NATO<\/h2>\n\n\n\n<p>Procurement is coordinated by the Force Planning Division, while procurement procedures are mainly conducted through the NATO Support and Procurement Agency (NSPA) and the Logistics Command. In the last year, procurement through the NSPA has increased significantly.<\/p>\n\n\n\n<p>In addition, other capabilities - such as C2 systems, ISTAR, logistics and medical support, space and cyber defense - will be incorporated through joint projects led by the Ministry of National Defense and the Armed Forces General Staff.<\/p>","protected":false},"excerpt":{"rendered":"<p>En el marco de la Ley de Programaci\u00f3n Militar 2023-2034, aprobada en julio de 2023, el Ej\u00e9rcito Portugu\u00e9s (Ex\u00e9rcito Portugu\u00eas) ha emprendido un amplio proceso de modernizaci\u00f3n con el objetivo de fortalecer sus capacidades operativas en m\u00faltiples \u00e1mbitos estrat\u00e9gicos. Una transformaci\u00f3n estructural con visi\u00f3n de futuro La estructura operativa del Ej\u00e9rcito de Portugal se compone [&hellip;]<\/p>","protected":false},"author":1,"featured_media":2269,"comment_status":"open","ping_status":"open","sticky":false,"template":"","format":"standard","meta":{"_acf_changed":false,"footnotes":""},"categories":[8],"tags":[268,267,266],"class_list":["post-2268","post","type-post","status-publish","format-standard","has-post-thumbnail","hentry","category-internacional","tag-defensaeuropea","tag-ejercitoportugues","tag-portugal"],"acf":[],"yoast_head":"<!-- This site is optimized with the Yoast SEO Premium plugin v25.0 (Yoast SEO v25.0) - https:\/\/yoast.com\/wordpress\/plugins\/seo\/ -->\n<title>El Ej\u00e9rcito de Portugal impulsa una ambiciosa modernizaci\u00f3n hasta 2034<\/title>\n<meta name=\"robots\" content=\"index, follow, max-snippet:-1, max-image-preview:large, max-video-preview:-1\" \/>\n<link rel=\"canonical\" href=\"https:\/\/defensanews.com\/en\/portugals-army-to-undergo-ambitious-modernization-until-2034\/\" \/>\n<meta property=\"og:locale\" content=\"en_US\" \/>\n<meta property=\"og:type\" content=\"article\" \/>\n<meta property=\"og:title\" content=\"El Ej\u00e9rcito de Portugal impulsa una ambiciosa modernizaci\u00f3n hasta 2034\" \/>\n<meta property=\"og:description\" content=\"En el marco de la Ley de Programaci\u00f3n Militar 2023-2034, aprobada en julio de 2023, el Ej\u00e9rcito Portugu\u00e9s (Ex\u00e9rcito Portugu\u00eas) ha emprendido un amplio proceso de modernizaci\u00f3n con el objetivo de fortalecer sus capacidades operativas en m\u00faltiples \u00e1mbitos estrat\u00e9gicos. Una transformaci\u00f3n estructural con visi\u00f3n de futuro La estructura operativa del Ej\u00e9rcito de Portugal se compone [&hellip;]\" \/>\n<meta property=\"og:url\" content=\"https:\/\/defensanews.com\/en\/portugals-army-to-undergo-ambitious-modernization-until-2034\/\" \/>\n<meta property=\"og:site_name\" content=\"NOTICIAS DEFENSA, GEOPOL\u00cdTICA Y SEGURIDAD\" \/>\n<meta property=\"article:publisher\" content=\"https:\/\/www.facebook.com\/defensanewscom\/\" \/>\n<meta property=\"article:published_time\" content=\"2025-05-26T08:48:30+00:00\" \/>\n<meta property=\"article:modified_time\" content=\"2025-05-26T08:48:33+00:00\" \/>\n<meta property=\"og:image\" content=\"https:\/\/defensanews.com\/wp-content\/uploads\/2025\/05\/Visuel-ControlView-scaled.jpg\" \/>\n\t<meta property=\"og:image:width\" content=\"2560\" \/>\n\t<meta property=\"og:image:height\" content=\"1707\" \/>\n\t<meta property=\"og:image:type\" content=\"image\/jpeg\" \/>\n<meta name=\"author\" content=\"Defensa News\" \/>\n<meta name=\"twitter:card\" content=\"summary_large_image\" \/>\n<meta name=\"twitter:label1\" content=\"Written by\" \/>\n\t<meta name=\"twitter:data1\" content=\"Defensa News\" \/>\n\t<meta name=\"twitter:label2\" content=\"Est. reading time\" \/>\n\t<meta name=\"twitter:data2\" content=\"3 minutes\" \/>\n<script type=\"application\/ld+json\" class=\"yoast-schema-graph\">{\"@context\":\"https:\/\/schema.org\",\"@graph\":[{\"@type\":\"NewsArticle\",\"@id\":\"https:\/\/defensanews.com\/el-ejercito-de-portugal-impulsa-una-ambiciosa-modernizacion-hasta-2034\/#article\",\"isPartOf\":{\"@id\":\"https:\/\/defensanews.com\/el-ejercito-de-portugal-impulsa-una-ambiciosa-modernizacion-hasta-2034\/\"},\"author\":{\"name\":\"Defensa News\",\"@id\":\"https:\/\/defensanews.com\/#\/schema\/person\/d371c69fc541b938db26187937f0c11a\"},\"headline\":\"El Ej\u00e9rcito de Portugal impulsa una ambiciosa modernizaci\u00f3n hasta 2034\",\"datePublished\":\"2025-05-26T08:48:30+00:00\",\"dateModified\":\"2025-05-26T08:48:33+00:00\",\"mainEntityOfPage\":{\"@id\":\"https:\/\/defensanews.com\/el-ejercito-de-portugal-impulsa-una-ambiciosa-modernizacion-hasta-2034\/\"},\"wordCount\":472,\"commentCount\":0,\"publisher\":{\"@id\":\"https:\/\/defensanews.com\/#organization\"},\"image\":{\"@id\":\"https:\/\/defensanews.com\/el-ejercito-de-portugal-impulsa-una-ambiciosa-modernizacion-hasta-2034\/#primaryimage\"},\"thumbnailUrl\":\"https:\/\/defensanews.com\/wp-content\/uploads\/2025\/05\/Visuel-ControlView-scaled.jpg\",\"keywords\":[\"DefensaEuropea\",\"Ej\u00e9rcitoPortugu\u00e9s\",\"Portugal\"],\"articleSection\":[\"Internacional\"],\"inLanguage\":\"en-US\",\"potentialAction\":[{\"@type\":\"CommentAction\",\"name\":\"Comment\",\"target\":[\"https:\/\/defensanews.com\/el-ejercito-de-portugal-impulsa-una-ambiciosa-modernizacion-hasta-2034\/#respond\"]}],\"copyrightYear\":\"2025\",\"copyrightHolder\":{\"@id\":\"https:\/\/defensanews.com\/en\/#organization\"}},{\"@type\":[\"WebPage\",\"ItemPage\"],\"@id\":\"https:\/\/defensanews.com\/el-ejercito-de-portugal-impulsa-una-ambiciosa-modernizacion-hasta-2034\/\",\"url\":\"https:\/\/defensanews.com\/el-ejercito-de-portugal-impulsa-una-ambiciosa-modernizacion-hasta-2034\/\",\"name\":\"El Ej\u00e9rcito de Portugal impulsa una ambiciosa modernizaci\u00f3n hasta 2034\",\"isPartOf\":{\"@id\":\"https:\/\/defensanews.com\/#website\"},\"primaryImageOfPage\":{\"@id\":\"https:\/\/defensanews.com\/el-ejercito-de-portugal-impulsa-una-ambiciosa-modernizacion-hasta-2034\/#primaryimage\"},\"image\":{\"@id\":\"https:\/\/defensanews.com\/el-ejercito-de-portugal-impulsa-una-ambiciosa-modernizacion-hasta-2034\/#primaryimage\"},\"thumbnailUrl\":\"https:\/\/defensanews.com\/wp-content\/uploads\/2025\/05\/Visuel-ControlView-scaled.jpg\",\"datePublished\":\"2025-05-26T08:48:30+00:00\",\"dateModified\":\"2025-05-26T08:48:33+00:00\",\"breadcrumb\":{\"@id\":\"https:\/\/defensanews.com\/el-ejercito-de-portugal-impulsa-una-ambiciosa-modernizacion-hasta-2034\/#breadcrumb\"},\"inLanguage\":\"en-US\",\"potentialAction\":[{\"@type\":\"ReadAction\",\"target\":[\"https:\/\/defensanews.com\/el-ejercito-de-portugal-impulsa-una-ambiciosa-modernizacion-hasta-2034\/\"]}]},{\"@type\":\"ImageObject\",\"inLanguage\":\"en-US\",\"@id\":\"https:\/\/defensanews.com\/el-ejercito-de-portugal-impulsa-una-ambiciosa-modernizacion-hasta-2034\/#primaryimage\",\"url\":\"https:\/\/defensanews.com\/wp-content\/uploads\/2025\/05\/Visuel-ControlView-scaled.jpg\",\"contentUrl\":\"https:\/\/defensanews.com\/wp-content\/uploads\/2025\/05\/Visuel-ControlView-scaled.jpg\",\"width\":2560,\"height\":1707,\"caption\":\"El Ej\u00e9rcito de Portugal impulsa una ambiciosa modernizaci\u00f3n hasta 2034 - DEFENSANEWS.COM - Noticias defensa y seguridad\"},{\"@type\":\"BreadcrumbList\",\"@id\":\"https:\/\/defensanews.com\/el-ejercito-de-portugal-impulsa-una-ambiciosa-modernizacion-hasta-2034\/#breadcrumb\",\"itemListElement\":[{\"@type\":\"ListItem\",\"position\":1,\"name\":\"Portada\",\"item\":\"https:\/\/defensanews.com\/\"},{\"@type\":\"ListItem\",\"position\":2,\"name\":\"El Ej\u00e9rcito de Portugal impulsa una ambiciosa modernizaci\u00f3n hasta 2034\"}]},{\"@type\":\"WebSite\",\"@id\":\"https:\/\/defensanews.com\/#website\",\"url\":\"https:\/\/defensanews.com\/\",\"name\":\"NOTICIAS DEFENSA Y SEGURIDAD\",\"description\":\"DEFENSA NEWS\",\"publisher\":{\"@id\":\"https:\/\/defensanews.com\/#organization\"},\"alternateName\":\"DEFENSANEWS.COM\",\"potentialAction\":[{\"@type\":\"SearchAction\",\"target\":{\"@type\":\"EntryPoint\",\"urlTemplate\":\"https:\/\/defensanews.com\/?s={search_term_string}\"},\"query-input\":{\"@type\":\"PropertyValueSpecification\",\"valueRequired\":true,\"valueName\":\"search_term_string\"}}],\"inLanguage\":\"en-US\"},{\"@type\":\"Organization\",\"@id\":\"https:\/\/defensanews.com\/#organization\",\"name\":\"Leonardo Network S.r.l.\",\"alternateName\":\"Leonardo Network S.r.l.\",\"url\":\"https:\/\/defensanews.com\/\",\"logo\":{\"@type\":\"ImageObject\",\"inLanguage\":\"en-US\",\"@id\":\"https:\/\/defensanews.com\/#\/schema\/logo\/image\/\",\"url\":\"https:\/\/defensanews.com\/wp-content\/uploads\/2025\/05\/DN-1200.jpg\",\"contentUrl\":\"https:\/\/defensanews.com\/wp-content\/uploads\/2025\/05\/DN-1200.jpg\",\"width\":1200,\"height\":675,\"caption\":\"Leonardo Network S.r.l.\"},\"image\":{\"@id\":\"https:\/\/defensanews.com\/#\/schema\/logo\/image\/\"},\"sameAs\":[\"https:\/\/www.facebook.com\/defensanewscom\/\",\"https:\/\/www.instagram.com\/defensanews\/\"],\"description\":\"DEFENSANEWS.COM, la plataforma digital independiente dedicada a las noticias sobre defensa y seguridad de Espa\u00f1a, Am\u00e9rica Latina y Estados Unidos.\",\"email\":\"info@defensanews.com\",\"telephone\":\"05661966359\",\"legalName\":\"Leonardo Network S.r.l.\",\"foundingDate\":\"2024-05-11\",\"vatID\":\"IT01749180533\",\"numberOfEmployees\":{\"@type\":\"QuantitativeValue\",\"minValue\":\"1\",\"maxValue\":\"10\"},\"publishingPrinciples\":\"https:\/\/defensanews.com\/terminos-y-condiciones\/\"},{\"@type\":\"Person\",\"@id\":\"https:\/\/defensanews.com\/#\/schema\/person\/d371c69fc541b938db26187937f0c11a\",\"name\":\"Defensa News\",\"image\":{\"@type\":\"ImageObject\",\"inLanguage\":\"en-US\",\"@id\":\"https:\/\/defensanews.com\/#\/schema\/person\/image\/\",\"url\":\"https:\/\/defensanews.com\/wp-content\/uploads\/2025\/05\/cropped-Untitled-9-150x150.jpg\",\"contentUrl\":\"https:\/\/defensanews.com\/wp-content\/uploads\/2025\/05\/cropped-Untitled-9-150x150.jpg\",\"caption\":\"Defensa News\"},\"sameAs\":[\"https:\/\/defensanews.com\"],\"url\":\"https:\/\/defensanews.com\/en\/author\/defensanews\/\"}]}<\/script>\n<!-- \/ Yoast SEO Premium plugin. -->","yoast_head_json":{"title":"El Ej\u00e9rcito de Portugal impulsa una ambiciosa modernizaci\u00f3n hasta 2034","robots":{"index":"index","follow":"follow","max-snippet":"max-snippet:-1","max-image-preview":"max-image-preview:large","max-video-preview":"max-video-preview:-1"},"canonical":"https:\/\/defensanews.com\/en\/portugals-army-to-undergo-ambitious-modernization-until-2034\/","og_locale":"en_US","og_type":"article","og_title":"El Ej\u00e9rcito de Portugal impulsa una ambiciosa modernizaci\u00f3n hasta 2034","og_description":"En el marco de la Ley de Programaci\u00f3n Militar 2023-2034, aprobada en julio de 2023, el Ej\u00e9rcito Portugu\u00e9s (Ex\u00e9rcito Portugu\u00eas) ha emprendido un amplio proceso de modernizaci\u00f3n con el objetivo de fortalecer sus capacidades operativas en m\u00faltiples \u00e1mbitos estrat\u00e9gicos. Una transformaci\u00f3n estructural con visi\u00f3n de futuro La estructura operativa del Ej\u00e9rcito de Portugal se compone [&hellip;]","og_url":"https:\/\/defensanews.com\/en\/portugals-army-to-undergo-ambitious-modernization-until-2034\/","og_site_name":"NOTICIAS DEFENSA, GEOPOL\u00cdTICA Y SEGURIDAD","article_publisher":"https:\/\/www.facebook.com\/defensanewscom\/","article_published_time":"2025-05-26T08:48:30+00:00","article_modified_time":"2025-05-26T08:48:33+00:00","og_image":[{"width":2560,"height":1707,"url":"https:\/\/defensanews.com\/wp-content\/uploads\/2025\/05\/Visuel-ControlView-scaled.jpg","type":"image\/jpeg"}],"author":"Defensa News","twitter_card":"summary_large_image","twitter_misc":{"Written by":"Defensa News","Est. reading time":"3 minutes"},"schema":{"@context":"https:\/\/schema.org","@graph":[{"@type":"NewsArticle","@id":"https:\/\/defensanews.com\/el-ejercito-de-portugal-impulsa-una-ambiciosa-modernizacion-hasta-2034\/#article","isPartOf":{"@id":"https:\/\/defensanews.com\/el-ejercito-de-portugal-impulsa-una-ambiciosa-modernizacion-hasta-2034\/"},"author":{"name":"Defensa News","@id":"https:\/\/defensanews.com\/#\/schema\/person\/d371c69fc541b938db26187937f0c11a"},"headline":"El Ej\u00e9rcito de Portugal impulsa una ambiciosa modernizaci\u00f3n hasta 2034","datePublished":"2025-05-26T08:48:30+00:00","dateModified":"2025-05-26T08:48:33+00:00","mainEntityOfPage":{"@id":"https:\/\/defensanews.com\/el-ejercito-de-portugal-impulsa-una-ambiciosa-modernizacion-hasta-2034\/"},"wordCount":472,"commentCount":0,"publisher":{"@id":"https:\/\/defensanews.com\/#organization"},"image":{"@id":"https:\/\/defensanews.com\/el-ejercito-de-portugal-impulsa-una-ambiciosa-modernizacion-hasta-2034\/#primaryimage"},"thumbnailUrl":"https:\/\/defensanews.com\/wp-content\/uploads\/2025\/05\/Visuel-ControlView-scaled.jpg","keywords":["DefensaEuropea","Ej\u00e9rcitoPortugu\u00e9s","Portugal"],"articleSection":["Internacional"],"inLanguage":"en-US","potentialAction":[{"@type":"CommentAction","name":"Comment","target":["https:\/\/defensanews.com\/el-ejercito-de-portugal-impulsa-una-ambiciosa-modernizacion-hasta-2034\/#respond"]}],"copyrightYear":"2025","copyrightHolder":{"@id":"https:\/\/defensanews.com\/en\/#organization"}},{"@type":["WebPage","ItemPage"],"@id":"https:\/\/defensanews.com\/el-ejercito-de-portugal-impulsa-una-ambiciosa-modernizacion-hasta-2034\/","url":"https:\/\/defensanews.com\/el-ejercito-de-portugal-impulsa-una-ambiciosa-modernizacion-hasta-2034\/","name":"El Ej\u00e9rcito de Portugal impulsa una ambiciosa modernizaci\u00f3n hasta 2034","isPartOf":{"@id":"https:\/\/defensanews.com\/#website"},"primaryImageOfPage":{"@id":"https:\/\/defensanews.com\/el-ejercito-de-portugal-impulsa-una-ambiciosa-modernizacion-hasta-2034\/#primaryimage"},"image":{"@id":"https:\/\/defensanews.com\/el-ejercito-de-portugal-impulsa-una-ambiciosa-modernizacion-hasta-2034\/#primaryimage"},"thumbnailUrl":"https:\/\/defensanews.com\/wp-content\/uploads\/2025\/05\/Visuel-ControlView-scaled.jpg","datePublished":"2025-05-26T08:48:30+00:00","dateModified":"2025-05-26T08:48:33+00:00","breadcrumb":{"@id":"https:\/\/defensanews.com\/el-ejercito-de-portugal-impulsa-una-ambiciosa-modernizacion-hasta-2034\/#breadcrumb"},"inLanguage":"en-US","potentialAction":[{"@type":"ReadAction","target":["https:\/\/defensanews.com\/el-ejercito-de-portugal-impulsa-una-ambiciosa-modernizacion-hasta-2034\/"]}]},{"@type":"ImageObject","inLanguage":"en-US","@id":"https:\/\/defensanews.com\/el-ejercito-de-portugal-impulsa-una-ambiciosa-modernizacion-hasta-2034\/#primaryimage","url":"https:\/\/defensanews.com\/wp-content\/uploads\/2025\/05\/Visuel-ControlView-scaled.jpg","contentUrl":"https:\/\/defensanews.com\/wp-content\/uploads\/2025\/05\/Visuel-ControlView-scaled.jpg","width":2560,"height":1707,"caption":"El Ej\u00e9rcito de Portugal impulsa una ambiciosa modernizaci\u00f3n hasta 2034 - DEFENSANEWS.COM - Noticias defensa y seguridad"},{"@type":"BreadcrumbList","@id":"https:\/\/defensanews.com\/el-ejercito-de-portugal-impulsa-una-ambiciosa-modernizacion-hasta-2034\/#breadcrumb","itemListElement":[{"@type":"ListItem","position":1,"name":"Portada","item":"https:\/\/defensanews.com\/"},{"@type":"ListItem","position":2,"name":"El Ej\u00e9rcito de Portugal impulsa una ambiciosa modernizaci\u00f3n hasta 2034"}]},{"@type":"WebSite","@id":"https:\/\/defensanews.com\/#website","url":"https:\/\/defensanews.com\/","name":"NOTICIAS DEFENSA Y SEGURIDAD","description":"DEFENSA NEWS","publisher":{"@id":"https:\/\/defensanews.com\/#organization"},"alternateName":"DEFENSANEWS.COM","potentialAction":[{"@type":"SearchAction","target":{"@type":"EntryPoint","urlTemplate":"https:\/\/defensanews.com\/?s={search_term_string}"},"query-input":{"@type":"PropertyValueSpecification","valueRequired":true,"valueName":"search_term_string"}}],"inLanguage":"en-US"},{"@type":"Organization","@id":"https:\/\/defensanews.com\/#organization","name":"Leonardo Network S.r.l.","alternateName":"Leonardo Network S.r.l.","url":"https:\/\/defensanews.com\/","logo":{"@type":"ImageObject","inLanguage":"en-US","@id":"https:\/\/defensanews.com\/#\/schema\/logo\/image\/","url":"https:\/\/defensanews.com\/wp-content\/uploads\/2025\/05\/DN-1200.jpg","contentUrl":"https:\/\/defensanews.com\/wp-content\/uploads\/2025\/05\/DN-1200.jpg","width":1200,"height":675,"caption":"Leonardo Network S.r.l."},"image":{"@id":"https:\/\/defensanews.com\/#\/schema\/logo\/image\/"},"sameAs":["https:\/\/www.facebook.com\/defensanewscom\/","https:\/\/www.instagram.com\/defensanews\/"],"description":"DEFENSANEWS.COM, la plataforma digital independiente dedicada a las noticias sobre defensa y seguridad de Espa\u00f1a, Am\u00e9rica Latina y Estados Unidos.","email":"info@defensanews.com","telephone":"05661966359","legalName":"Leonardo Network S.r.l.","foundingDate":"2024-05-11","vatID":"IT01749180533","numberOfEmployees":{"@type":"QuantitativeValue","minValue":"1","maxValue":"10"},"publishingPrinciples":"https:\/\/defensanews.com\/terminos-y-condiciones\/"},{"@type":"Person","@id":"https:\/\/defensanews.com\/#\/schema\/person\/d371c69fc541b938db26187937f0c11a","name":"Defensa News","image":{"@type":"ImageObject","inLanguage":"en-US","@id":"https:\/\/defensanews.com\/#\/schema\/person\/image\/","url":"https:\/\/defensanews.com\/wp-content\/uploads\/2025\/05\/cropped-Untitled-9-150x150.jpg","contentUrl":"https:\/\/defensanews.com\/wp-content\/uploads\/2025\/05\/cropped-Untitled-9-150x150.jpg","caption":"Defensa News"},"sameAs":["https:\/\/defensanews.com"],"url":"https:\/\/defensanews.com\/en\/author\/defensanews\/"}]}},"_links":{"self":[{"href":"https:\/\/defensanews.com\/en\/wp-json\/wp\/v2\/posts\/2268","targetHints":{"allow":["GET"]}}],"collection":[{"href":"https:\/\/defensanews.com\/en\/wp-json\/wp\/v2\/posts"}],"about":[{"href":"https:\/\/defensanews.com\/en\/wp-json\/wp\/v2\/types\/post"}],"author":[{"embeddable":true,"href":"https:\/\/defensanews.com\/en\/wp-json\/wp\/v2\/users\/1"}],"replies":[{"embeddable":true,"href":"https:\/\/defensanews.com\/en\/wp-json\/wp\/v2\/comments?post=2268"}],"version-history":[{"count":2,"href":"https:\/\/defensanews.com\/en\/wp-json\/wp\/v2\/posts\/2268\/revisions"}],"predecessor-version":[{"id":2271,"href":"https:\/\/defensanews.com\/en\/wp-json\/wp\/v2\/posts\/2268\/revisions\/2271"}],"wp:featuredmedia":[{"embeddable":true,"href":"https:\/\/defensanews.com\/en\/wp-json\/wp\/v2\/media\/2269"}],"wp:attachment":[{"href":"https:\/\/defensanews.com\/en\/wp-json\/wp\/v2\/media?parent=2268"}],"wp:term":[{"taxonomy":"category","embeddable":true,"href":"https:\/\/defensanews.com\/en\/wp-json\/wp\/v2\/categories?post=2268"},{"taxonomy":"post_tag","embeddable":true,"href":"https:\/\/defensanews.com\/en\/wp-json\/wp\/v2\/tags?post=2268"}],"curies":[{"name":"wp","href":"https:\/\/api.w.org\/{rel}","templated":true}]}}