{"id":2272,"date":"2025-05-26T11:05:02","date_gmt":"2025-05-26T09:05:02","guid":{"rendered":"https:\/\/defensanews.com\/?p=2272"},"modified":"2025-05-26T11:05:05","modified_gmt":"2025-05-26T09:05:05","slug":"la-ministra-margarita-robles-destaca-el-compromiso-del-ejercito-en-su-visita-a-la-comandancia-general-de-ceuta","status":"publish","type":"post","link":"https:\/\/defensanews.com\/en\/minister-margarita-robles-highlights-the-commitment-of-the-army-in-her-visit-to-the-general-command-of-ceuta\/","title":{"rendered":"Minister Margarita Robles highlights the commitment of the Army in her visit to the General Command of Ceuta"},"content":{"rendered":"<p>During her tour of the barracks 'El Hacho', headquarters of the Mixed Artillery Regiment No. 30, the minister praised the work of the military and the material provided to Ukraine.<\/p>\n\n\n\n<h2 class=\"wp-block-heading\" id=\"h-reafirmando-el-compromiso-con-la-paz-y-la-seguridad\">Reaffirming commitment to peace and security<\/h2>\n\n\n\n<p>The Minister of Defense, Margarita Robles, visited this Monday the General Command of Ceuta, where she held a meeting with the different units of the Spanish Army stationed in the 'El Hacho' barracks. There she could see first hand the level of preparation of the Mixed Artillery Regiment No. 30, a unit specialized in artillery and anti-aircraft defense, two key capabilities in the current context of international conflicts.<\/p>\n\n\n\n<p>During her visit, Robles also saw some of the military equipment that Spain is sending to Ukraine, reaffirming that \"our commitment is to be at their side as long as necessary to defend peace\".<\/p>\n\n\n\n<h2 class=\"wp-block-heading\" id=\"h-un-reconocimiento-a-la-entrega-de-los-militares\">A recognition of the military's dedication<\/h2>\n\n\n\n<p>In her speech before the troops of the Command, the minister said: \"Ceuta cannot be understood without the Armed Forces and the Armed Forces cannot be understood without Ceuta\", highlighting the value of coexistence and cooperation between civilian and military society. Robles thanked in person the effort of all the military deployed in the autonomous city: \"As a minister and as a Spaniard, I am proud to be able to thank them for their daily work to make Spain a great country\".<\/p>\n\n\n\n<p>In addition, as is customary on his visits to Ceuta, he held a meeting with relatives of military personnel wounded or killed in the line of duty, to whom he expressed the recognition of the Ministry and of the whole of Spanish society. \"If the Armed Forces are the most valued institution, it is also thanks to the families who support them always and at all times,\" he said.<\/p>\n\n\n\n<h2 class=\"wp-block-heading\" id=\"h-preparacion-y-proyeccion-exterior\">Preparation and external projection<\/h2>\n\n\n\n<p>During the ceremony, the Commander General of Ceuta, Major General Luis Fern\u00e1ndez Herrero, explained to the Minister the current status of the Command's operations and tasks, which include presence, surveillance and deterrence tasks, as well as the generation of operational organizations for missions both in national territory and abroad.<\/p>\n\n\n\n<p>The Command also participates in the Cooperative Security Activities that the Army carries out in countries such as Senegal, Mauritania and Tunisia, strengthening the State's external action and defense diplomacy.<\/p>\n\n\n\n<h2 class=\"wp-block-heading\" id=\"h-estructura-y-despliegues-actuales\">Current structure and deployments<\/h2>\n\n\n\n<p>In addition to the Mixed Artillery Regiment No. 30, the General Command of Ceuta integrates the Tercio 'Duque de Alba' 2nd of the Legion, the Regulares de Ceuta Group No. 54, the Cavalry Regiment 'Montesa' No. 3, the Engineer Regiment No. 7, the Logistics Unit No. 23 and the Headquarters Battalion. In total, it has about 2,600 military personnel, including 233 women.<\/p>\n\n\n\n<p>During 2025, the troops of the Command have participated or will participate in operations abroad in countries such as Lebanon, Turkey, Iraq and Slovakia, reinforcing the international presence of the Spanish Armed Forces.<\/p>","protected":false},"excerpt":{"rendered":"<p>Durante su recorrido por el acuartelamiento \u2018El Hacho\u2019, sede del Regimiento Mixto de Artiller\u00eda n\u00ba30, la ministra elogi\u00f3 el trabajo de los militares y el material aportado a Ucrania. Reafirmando el compromiso con la paz y la seguridad La ministra de Defensa, Margarita Robles, ha visitado este lunes la Comandancia General de Ceuta, donde ha [&hellip;]<\/p>","protected":false},"author":1,"featured_media":2273,"comment_status":"open","ping_status":"open","sticky":false,"template":"","format":"standard","meta":{"_acf_changed":false,"footnotes":""},"categories":[3],"tags":[270,81,240,269],"class_list":["post-2272","post","type-post","status-publish","format-standard","has-post-thumbnail","hentry","category-espana","tag-ceuta","tag-ejercitodetierra","tag-espana","tag-ministeriodedefensa"],"acf":[],"yoast_head":"<!-- This site is optimized with the Yoast SEO Premium plugin v25.0 (Yoast SEO v25.0) - https:\/\/yoast.com\/wordpress\/plugins\/seo\/ -->\n<title>La ministra Margarita Robles destaca el compromiso del Ej\u00e9rcito en su visita a la Comandancia General de Ceuta<\/title>\n<meta name=\"robots\" content=\"index, follow, max-snippet:-1, max-image-preview:large, max-video-preview:-1\" \/>\n<link rel=\"canonical\" href=\"https:\/\/defensanews.com\/en\/minister-margarita-robles-highlights-the-commitment-of-the-army-in-her-visit-to-the-general-command-of-ceuta\/\" \/>\n<meta property=\"og:locale\" content=\"en_US\" \/>\n<meta property=\"og:type\" content=\"article\" \/>\n<meta property=\"og:title\" content=\"La ministra Margarita Robles destaca el compromiso del Ej\u00e9rcito en su visita a la Comandancia General de Ceuta\" \/>\n<meta property=\"og:description\" content=\"Durante su recorrido por el acuartelamiento \u2018El Hacho\u2019, sede del Regimiento Mixto de Artiller\u00eda n\u00ba30, la ministra elogi\u00f3 el trabajo de los militares y el material aportado a Ucrania. Reafirmando el compromiso con la paz y la seguridad La ministra de Defensa, Margarita Robles, ha visitado este lunes la Comandancia General de Ceuta, donde ha [&hellip;]\" \/>\n<meta property=\"og:url\" content=\"https:\/\/defensanews.com\/en\/minister-margarita-robles-highlights-the-commitment-of-the-army-in-her-visit-to-the-general-command-of-ceuta\/\" \/>\n<meta property=\"og:site_name\" content=\"NOTICIAS DEFENSA, GEOPOL\u00cdTICA Y SEGURIDAD\" \/>\n<meta property=\"article:publisher\" content=\"https:\/\/www.facebook.com\/defensanewscom\/\" \/>\n<meta property=\"article:published_time\" content=\"2025-05-26T09:05:02+00:00\" \/>\n<meta property=\"article:modified_time\" content=\"2025-05-26T09:05:05+00:00\" \/>\n<meta property=\"og:image\" content=\"https:\/\/defensanews.com\/wp-content\/uploads\/2025\/05\/54539484001-72b04cee18-k.jpg\" \/>\n\t<meta property=\"og:image:width\" content=\"2048\" \/>\n\t<meta property=\"og:image:height\" content=\"1365\" \/>\n\t<meta property=\"og:image:type\" content=\"image\/jpeg\" \/>\n<meta name=\"author\" content=\"Defensa News\" \/>\n<meta name=\"twitter:card\" content=\"summary_large_image\" \/>\n<meta name=\"twitter:label1\" content=\"Written by\" \/>\n\t<meta name=\"twitter:data1\" content=\"Defensa News\" \/>\n\t<meta name=\"twitter:label2\" content=\"Est. reading time\" \/>\n\t<meta name=\"twitter:data2\" content=\"3 minutes\" \/>\n<script type=\"application\/ld+json\" class=\"yoast-schema-graph\">{\"@context\":\"https:\/\/schema.org\",\"@graph\":[{\"@type\":\"NewsArticle\",\"@id\":\"https:\/\/defensanews.com\/la-ministra-margarita-robles-destaca-el-compromiso-del-ejercito-en-su-visita-a-la-comandancia-general-de-ceuta\/#article\",\"isPartOf\":{\"@id\":\"https:\/\/defensanews.com\/la-ministra-margarita-robles-destaca-el-compromiso-del-ejercito-en-su-visita-a-la-comandancia-general-de-ceuta\/\"},\"author\":{\"name\":\"Defensa News\",\"@id\":\"https:\/\/defensanews.com\/#\/schema\/person\/d371c69fc541b938db26187937f0c11a\"},\"headline\":\"La ministra Margarita Robles destaca el compromiso del Ej\u00e9rcito en su visita a la Comandancia General de Ceuta\",\"datePublished\":\"2025-05-26T09:05:02+00:00\",\"dateModified\":\"2025-05-26T09:05:05+00:00\",\"mainEntityOfPage\":{\"@id\":\"https:\/\/defensanews.com\/la-ministra-margarita-robles-destaca-el-compromiso-del-ejercito-en-su-visita-a-la-comandancia-general-de-ceuta\/\"},\"wordCount\":530,\"commentCount\":0,\"publisher\":{\"@id\":\"https:\/\/defensanews.com\/#organization\"},\"image\":{\"@id\":\"https:\/\/defensanews.com\/la-ministra-margarita-robles-destaca-el-compromiso-del-ejercito-en-su-visita-a-la-comandancia-general-de-ceuta\/#primaryimage\"},\"thumbnailUrl\":\"https:\/\/defensanews.com\/wp-content\/uploads\/2025\/05\/54539484001-72b04cee18-k.jpg\",\"keywords\":[\"Ceuta\",\"Ej\u00e9rcitoDeTierra\",\"Espa\u00f1a\",\"MinisterioDeDefensa\"],\"articleSection\":[\"Espa\u00f1a\"],\"inLanguage\":\"en-US\",\"potentialAction\":[{\"@type\":\"CommentAction\",\"name\":\"Comment\",\"target\":[\"https:\/\/defensanews.com\/la-ministra-margarita-robles-destaca-el-compromiso-del-ejercito-en-su-visita-a-la-comandancia-general-de-ceuta\/#respond\"]}],\"copyrightYear\":\"2025\",\"copyrightHolder\":{\"@id\":\"https:\/\/defensanews.com\/en\/#organization\"}},{\"@type\":[\"WebPage\",\"ItemPage\"],\"@id\":\"https:\/\/defensanews.com\/la-ministra-margarita-robles-destaca-el-compromiso-del-ejercito-en-su-visita-a-la-comandancia-general-de-ceuta\/\",\"url\":\"https:\/\/defensanews.com\/la-ministra-margarita-robles-destaca-el-compromiso-del-ejercito-en-su-visita-a-la-comandancia-general-de-ceuta\/\",\"name\":\"La ministra Margarita Robles destaca el compromiso del Ej\u00e9rcito en su visita a la Comandancia General de Ceuta\",\"isPartOf\":{\"@id\":\"https:\/\/defensanews.com\/#website\"},\"primaryImageOfPage\":{\"@id\":\"https:\/\/defensanews.com\/la-ministra-margarita-robles-destaca-el-compromiso-del-ejercito-en-su-visita-a-la-comandancia-general-de-ceuta\/#primaryimage\"},\"image\":{\"@id\":\"https:\/\/defensanews.com\/la-ministra-margarita-robles-destaca-el-compromiso-del-ejercito-en-su-visita-a-la-comandancia-general-de-ceuta\/#primaryimage\"},\"thumbnailUrl\":\"https:\/\/defensanews.com\/wp-content\/uploads\/2025\/05\/54539484001-72b04cee18-k.jpg\",\"datePublished\":\"2025-05-26T09:05:02+00:00\",\"dateModified\":\"2025-05-26T09:05:05+00:00\",\"breadcrumb\":{\"@id\":\"https:\/\/defensanews.com\/la-ministra-margarita-robles-destaca-el-compromiso-del-ejercito-en-su-visita-a-la-comandancia-general-de-ceuta\/#breadcrumb\"},\"inLanguage\":\"en-US\",\"potentialAction\":[{\"@type\":\"ReadAction\",\"target\":[\"https:\/\/defensanews.com\/la-ministra-margarita-robles-destaca-el-compromiso-del-ejercito-en-su-visita-a-la-comandancia-general-de-ceuta\/\"]}]},{\"@type\":\"ImageObject\",\"inLanguage\":\"en-US\",\"@id\":\"https:\/\/defensanews.com\/la-ministra-margarita-robles-destaca-el-compromiso-del-ejercito-en-su-visita-a-la-comandancia-general-de-ceuta\/#primaryimage\",\"url\":\"https:\/\/defensanews.com\/wp-content\/uploads\/2025\/05\/54539484001-72b04cee18-k.jpg\",\"contentUrl\":\"https:\/\/defensanews.com\/wp-content\/uploads\/2025\/05\/54539484001-72b04cee18-k.jpg\",\"width\":2048,\"height\":1365,\"caption\":\"La ministra Margarita Robles destaca el compromiso del Ej\u00e9rcito en su visita a la Comandancia General de Ceuta - DEFENSANEWS.COM - Noticias defensa y seguridad\"},{\"@type\":\"BreadcrumbList\",\"@id\":\"https:\/\/defensanews.com\/la-ministra-margarita-robles-destaca-el-compromiso-del-ejercito-en-su-visita-a-la-comandancia-general-de-ceuta\/#breadcrumb\",\"itemListElement\":[{\"@type\":\"ListItem\",\"position\":1,\"name\":\"Portada\",\"item\":\"https:\/\/defensanews.com\/\"},{\"@type\":\"ListItem\",\"position\":2,\"name\":\"La ministra Margarita Robles destaca el compromiso del Ej\u00e9rcito en su visita a la Comandancia General de Ceuta\"}]},{\"@type\":\"WebSite\",\"@id\":\"https:\/\/defensanews.com\/#website\",\"url\":\"https:\/\/defensanews.com\/\",\"name\":\"NOTICIAS DEFENSA Y SEGURIDAD\",\"description\":\"DEFENSA NEWS\",\"publisher\":{\"@id\":\"https:\/\/defensanews.com\/#organization\"},\"alternateName\":\"DEFENSANEWS.COM\",\"potentialAction\":[{\"@type\":\"SearchAction\",\"target\":{\"@type\":\"EntryPoint\",\"urlTemplate\":\"https:\/\/defensanews.com\/?s={search_term_string}\"},\"query-input\":{\"@type\":\"PropertyValueSpecification\",\"valueRequired\":true,\"valueName\":\"search_term_string\"}}],\"inLanguage\":\"en-US\"},{\"@type\":\"Organization\",\"@id\":\"https:\/\/defensanews.com\/#organization\",\"name\":\"Leonardo Network S.r.l.\",\"alternateName\":\"Leonardo Network S.r.l.\",\"url\":\"https:\/\/defensanews.com\/\",\"logo\":{\"@type\":\"ImageObject\",\"inLanguage\":\"en-US\",\"@id\":\"https:\/\/defensanews.com\/#\/schema\/logo\/image\/\",\"url\":\"https:\/\/defensanews.com\/wp-content\/uploads\/2025\/05\/DN-1200.jpg\",\"contentUrl\":\"https:\/\/defensanews.com\/wp-content\/uploads\/2025\/05\/DN-1200.jpg\",\"width\":1200,\"height\":675,\"caption\":\"Leonardo Network S.r.l.\"},\"image\":{\"@id\":\"https:\/\/defensanews.com\/#\/schema\/logo\/image\/\"},\"sameAs\":[\"https:\/\/www.facebook.com\/defensanewscom\/\",\"https:\/\/www.instagram.com\/defensanews\/\"],\"description\":\"DEFENSANEWS.COM, la plataforma digital independiente dedicada a las noticias sobre defensa y seguridad de Espa\u00f1a, Am\u00e9rica Latina y Estados Unidos.\",\"email\":\"info@defensanews.com\",\"telephone\":\"05661966359\",\"legalName\":\"Leonardo Network S.r.l.\",\"foundingDate\":\"2024-05-11\",\"vatID\":\"IT01749180533\",\"numberOfEmployees\":{\"@type\":\"QuantitativeValue\",\"minValue\":\"1\",\"maxValue\":\"10\"},\"publishingPrinciples\":\"https:\/\/defensanews.com\/terminos-y-condiciones\/\"},{\"@type\":\"Person\",\"@id\":\"https:\/\/defensanews.com\/#\/schema\/person\/d371c69fc541b938db26187937f0c11a\",\"name\":\"Defensa News\",\"image\":{\"@type\":\"ImageObject\",\"inLanguage\":\"en-US\",\"@id\":\"https:\/\/defensanews.com\/#\/schema\/person\/image\/\",\"url\":\"https:\/\/defensanews.com\/wp-content\/uploads\/2025\/05\/cropped-Untitled-9-150x150.jpg\",\"contentUrl\":\"https:\/\/defensanews.com\/wp-content\/uploads\/2025\/05\/cropped-Untitled-9-150x150.jpg\",\"caption\":\"Defensa News\"},\"sameAs\":[\"https:\/\/defensanews.com\"],\"url\":\"https:\/\/defensanews.com\/en\/author\/defensanews\/\"}]}<\/script>\n<!-- \/ Yoast SEO Premium plugin. -->","yoast_head_json":{"title":"La ministra Margarita Robles destaca el compromiso del Ej\u00e9rcito en su visita a la Comandancia General de Ceuta","robots":{"index":"index","follow":"follow","max-snippet":"max-snippet:-1","max-image-preview":"max-image-preview:large","max-video-preview":"max-video-preview:-1"},"canonical":"https:\/\/defensanews.com\/en\/minister-margarita-robles-highlights-the-commitment-of-the-army-in-her-visit-to-the-general-command-of-ceuta\/","og_locale":"en_US","og_type":"article","og_title":"La ministra Margarita Robles destaca el compromiso del Ej\u00e9rcito en su visita a la Comandancia General de Ceuta","og_description":"Durante su recorrido por el acuartelamiento \u2018El Hacho\u2019, sede del Regimiento Mixto de Artiller\u00eda n\u00ba30, la ministra elogi\u00f3 el trabajo de los militares y el material aportado a Ucrania. Reafirmando el compromiso con la paz y la seguridad La ministra de Defensa, Margarita Robles, ha visitado este lunes la Comandancia General de Ceuta, donde ha [&hellip;]","og_url":"https:\/\/defensanews.com\/en\/minister-margarita-robles-highlights-the-commitment-of-the-army-in-her-visit-to-the-general-command-of-ceuta\/","og_site_name":"NOTICIAS DEFENSA, GEOPOL\u00cdTICA Y SEGURIDAD","article_publisher":"https:\/\/www.facebook.com\/defensanewscom\/","article_published_time":"2025-05-26T09:05:02+00:00","article_modified_time":"2025-05-26T09:05:05+00:00","og_image":[{"width":2048,"height":1365,"url":"https:\/\/defensanews.com\/wp-content\/uploads\/2025\/05\/54539484001-72b04cee18-k.jpg","type":"image\/jpeg"}],"author":"Defensa News","twitter_card":"summary_large_image","twitter_misc":{"Written by":"Defensa News","Est. reading time":"3 minutes"},"schema":{"@context":"https:\/\/schema.org","@graph":[{"@type":"NewsArticle","@id":"https:\/\/defensanews.com\/la-ministra-margarita-robles-destaca-el-compromiso-del-ejercito-en-su-visita-a-la-comandancia-general-de-ceuta\/#article","isPartOf":{"@id":"https:\/\/defensanews.com\/la-ministra-margarita-robles-destaca-el-compromiso-del-ejercito-en-su-visita-a-la-comandancia-general-de-ceuta\/"},"author":{"name":"Defensa News","@id":"https:\/\/defensanews.com\/#\/schema\/person\/d371c69fc541b938db26187937f0c11a"},"headline":"La ministra Margarita Robles destaca el compromiso del Ej\u00e9rcito en su visita a la Comandancia General de Ceuta","datePublished":"2025-05-26T09:05:02+00:00","dateModified":"2025-05-26T09:05:05+00:00","mainEntityOfPage":{"@id":"https:\/\/defensanews.com\/la-ministra-margarita-robles-destaca-el-compromiso-del-ejercito-en-su-visita-a-la-comandancia-general-de-ceuta\/"},"wordCount":530,"commentCount":0,"publisher":{"@id":"https:\/\/defensanews.com\/#organization"},"image":{"@id":"https:\/\/defensanews.com\/la-ministra-margarita-robles-destaca-el-compromiso-del-ejercito-en-su-visita-a-la-comandancia-general-de-ceuta\/#primaryimage"},"thumbnailUrl":"https:\/\/defensanews.com\/wp-content\/uploads\/2025\/05\/54539484001-72b04cee18-k.jpg","keywords":["Ceuta","Ej\u00e9rcitoDeTierra","Espa\u00f1a","MinisterioDeDefensa"],"articleSection":["Espa\u00f1a"],"inLanguage":"en-US","potentialAction":[{"@type":"CommentAction","name":"Comment","target":["https:\/\/defensanews.com\/la-ministra-margarita-robles-destaca-el-compromiso-del-ejercito-en-su-visita-a-la-comandancia-general-de-ceuta\/#respond"]}],"copyrightYear":"2025","copyrightHolder":{"@id":"https:\/\/defensanews.com\/en\/#organization"}},{"@type":["WebPage","ItemPage"],"@id":"https:\/\/defensanews.com\/la-ministra-margarita-robles-destaca-el-compromiso-del-ejercito-en-su-visita-a-la-comandancia-general-de-ceuta\/","url":"https:\/\/defensanews.com\/la-ministra-margarita-robles-destaca-el-compromiso-del-ejercito-en-su-visita-a-la-comandancia-general-de-ceuta\/","name":"La ministra Margarita Robles destaca el compromiso del Ej\u00e9rcito en su visita a la Comandancia General de Ceuta","isPartOf":{"@id":"https:\/\/defensanews.com\/#website"},"primaryImageOfPage":{"@id":"https:\/\/defensanews.com\/la-ministra-margarita-robles-destaca-el-compromiso-del-ejercito-en-su-visita-a-la-comandancia-general-de-ceuta\/#primaryimage"},"image":{"@id":"https:\/\/defensanews.com\/la-ministra-margarita-robles-destaca-el-compromiso-del-ejercito-en-su-visita-a-la-comandancia-general-de-ceuta\/#primaryimage"},"thumbnailUrl":"https:\/\/defensanews.com\/wp-content\/uploads\/2025\/05\/54539484001-72b04cee18-k.jpg","datePublished":"2025-05-26T09:05:02+00:00","dateModified":"2025-05-26T09:05:05+00:00","breadcrumb":{"@id":"https:\/\/defensanews.com\/la-ministra-margarita-robles-destaca-el-compromiso-del-ejercito-en-su-visita-a-la-comandancia-general-de-ceuta\/#breadcrumb"},"inLanguage":"en-US","potentialAction":[{"@type":"ReadAction","target":["https:\/\/defensanews.com\/la-ministra-margarita-robles-destaca-el-compromiso-del-ejercito-en-su-visita-a-la-comandancia-general-de-ceuta\/"]}]},{"@type":"ImageObject","inLanguage":"en-US","@id":"https:\/\/defensanews.com\/la-ministra-margarita-robles-destaca-el-compromiso-del-ejercito-en-su-visita-a-la-comandancia-general-de-ceuta\/#primaryimage","url":"https:\/\/defensanews.com\/wp-content\/uploads\/2025\/05\/54539484001-72b04cee18-k.jpg","contentUrl":"https:\/\/defensanews.com\/wp-content\/uploads\/2025\/05\/54539484001-72b04cee18-k.jpg","width":2048,"height":1365,"caption":"La ministra Margarita Robles destaca el compromiso del Ej\u00e9rcito en su visita a la Comandancia General de Ceuta - DEFENSANEWS.COM - Noticias defensa y seguridad"},{"@type":"BreadcrumbList","@id":"https:\/\/defensanews.com\/la-ministra-margarita-robles-destaca-el-compromiso-del-ejercito-en-su-visita-a-la-comandancia-general-de-ceuta\/#breadcrumb","itemListElement":[{"@type":"ListItem","position":1,"name":"Portada","item":"https:\/\/defensanews.com\/"},{"@type":"ListItem","position":2,"name":"La ministra Margarita Robles destaca el compromiso del Ej\u00e9rcito en su visita a la Comandancia General de Ceuta"}]},{"@type":"WebSite","@id":"https:\/\/defensanews.com\/#website","url":"https:\/\/defensanews.com\/","name":"NOTICIAS DEFENSA Y SEGURIDAD","description":"DEFENSA NEWS","publisher":{"@id":"https:\/\/defensanews.com\/#organization"},"alternateName":"DEFENSANEWS.COM","potentialAction":[{"@type":"SearchAction","target":{"@type":"EntryPoint","urlTemplate":"https:\/\/defensanews.com\/?s={search_term_string}"},"query-input":{"@type":"PropertyValueSpecification","valueRequired":true,"valueName":"search_term_string"}}],"inLanguage":"en-US"},{"@type":"Organization","@id":"https:\/\/defensanews.com\/#organization","name":"Leonardo Network S.r.l.","alternateName":"Leonardo Network S.r.l.","url":"https:\/\/defensanews.com\/","logo":{"@type":"ImageObject","inLanguage":"en-US","@id":"https:\/\/defensanews.com\/#\/schema\/logo\/image\/","url":"https:\/\/defensanews.com\/wp-content\/uploads\/2025\/05\/DN-1200.jpg","contentUrl":"https:\/\/defensanews.com\/wp-content\/uploads\/2025\/05\/DN-1200.jpg","width":1200,"height":675,"caption":"Leonardo Network S.r.l."},"image":{"@id":"https:\/\/defensanews.com\/#\/schema\/logo\/image\/"},"sameAs":["https:\/\/www.facebook.com\/defensanewscom\/","https:\/\/www.instagram.com\/defensanews\/"],"description":"DEFENSANEWS.COM, la plataforma digital independiente dedicada a las noticias sobre defensa y seguridad de Espa\u00f1a, Am\u00e9rica Latina y Estados Unidos.","email":"info@defensanews.com","telephone":"05661966359","legalName":"Leonardo Network S.r.l.","foundingDate":"2024-05-11","vatID":"IT01749180533","numberOfEmployees":{"@type":"QuantitativeValue","minValue":"1","maxValue":"10"},"publishingPrinciples":"https:\/\/defensanews.com\/terminos-y-condiciones\/"},{"@type":"Person","@id":"https:\/\/defensanews.com\/#\/schema\/person\/d371c69fc541b938db26187937f0c11a","name":"Defensa News","image":{"@type":"ImageObject","inLanguage":"en-US","@id":"https:\/\/defensanews.com\/#\/schema\/person\/image\/","url":"https:\/\/defensanews.com\/wp-content\/uploads\/2025\/05\/cropped-Untitled-9-150x150.jpg","contentUrl":"https:\/\/defensanews.com\/wp-content\/uploads\/2025\/05\/cropped-Untitled-9-150x150.jpg","caption":"Defensa News"},"sameAs":["https:\/\/defensanews.com"],"url":"https:\/\/defensanews.com\/en\/author\/defensanews\/"}]}},"_links":{"self":[{"href":"https:\/\/defensanews.com\/en\/wp-json\/wp\/v2\/posts\/2272","targetHints":{"allow":["GET"]}}],"collection":[{"href":"https:\/\/defensanews.com\/en\/wp-json\/wp\/v2\/posts"}],"about":[{"href":"https:\/\/defensanews.com\/en\/wp-json\/wp\/v2\/types\/post"}],"author":[{"embeddable":true,"href":"https:\/\/defensanews.com\/en\/wp-json\/wp\/v2\/users\/1"}],"replies":[{"embeddable":true,"href":"https:\/\/defensanews.com\/en\/wp-json\/wp\/v2\/comments?post=2272"}],"version-history":[{"count":2,"href":"https:\/\/defensanews.com\/en\/wp-json\/wp\/v2\/posts\/2272\/revisions"}],"predecessor-version":[{"id":2275,"href":"https:\/\/defensanews.com\/en\/wp-json\/wp\/v2\/posts\/2272\/revisions\/2275"}],"wp:featuredmedia":[{"embeddable":true,"href":"https:\/\/defensanews.com\/en\/wp-json\/wp\/v2\/media\/2273"}],"wp:attachment":[{"href":"https:\/\/defensanews.com\/en\/wp-json\/wp\/v2\/media?parent=2272"}],"wp:term":[{"taxonomy":"category","embeddable":true,"href":"https:\/\/defensanews.com\/en\/wp-json\/wp\/v2\/categories?post=2272"},{"taxonomy":"post_tag","embeddable":true,"href":"https:\/\/defensanews.com\/en\/wp-json\/wp\/v2\/tags?post=2272"}],"curies":[{"name":"wp","href":"https:\/\/api.w.org\/{rel}","templated":true}]}}