{"id":2323,"date":"2025-06-04T11:10:54","date_gmt":"2025-06-04T09:10:54","guid":{"rendered":"https:\/\/defensanews.com\/?p=2323"},"modified":"2025-06-04T11:10:56","modified_gmt":"2025-06-04T09:10:56","slug":"ecuador-refuerza-la-gestion-publica-en-defensa-con-formacion-estrategica-conjunta","status":"publish","type":"post","link":"https:\/\/defensanews.com\/en\/ecuador-strengthens-public-management-in-defense-with-joint-strategic-training\/","title":{"rendered":"Ecuador strengthens public management in Defense with joint strategic training"},"content":{"rendered":"<p>With the firm purpose of strengthening the institutional capacities of the State, the Ministry of National Defense of Ecuador, in coordination with the Office of the Comptroller General of the State, has developed the course \"Control in the Strategic and Operational Management of Processes\". This initiative trained 58 civilian and military servants of the Armed Forces.<\/p>\n\n\n\n<p>The training seeks to optimize public administration through the use of modern control tools, such as process analysis, strategic design and evaluation through performance indicators, all focused on increasing institutional maturity and achieving better results for the country.<\/p>\n\n\n\n<p>This training is part of a vision of continuous improvement that promotes a more efficient, transparent and measurable achievement-oriented institutional culture. The objective is clear: to build a modern public sector aligned with the highest standards of service to citizens.<\/p>\n\n\n\n<p>The alliance between the Ministry of Defense and the Comptroller's Office represents a decisive step towards a responsible administration, capable of responding effectively to the challenges of the present and future of the country.<\/p>","protected":false},"excerpt":{"rendered":"<p>Con el firme prop\u00f3sito de fortalecer las capacidades institucionales del Estado, el Ministerio de Defensa Nacional del Ecuador, en coordinaci\u00f3n con la Contralor\u00eda General del Estado, ha desarrollado el curso \u201cControl en la Gesti\u00f3n Estrat\u00e9gica y Operativa de Procesos\u201d. Esta iniciativa capacit\u00f3 a 58 servidores civiles y militares de las Fuerzas Armadas. La formaci\u00f3n busca [&hellip;]<\/p>","protected":false},"author":1,"featured_media":2324,"comment_status":"open","ping_status":"open","sticky":false,"template":"","format":"standard","meta":{"_acf_changed":false,"footnotes":""},"categories":[2],"tags":[234,232,281,280],"class_list":["post-2323","post","type-post","status-publish","format-standard","has-post-thumbnail","hentry","category-america-latina","tag-ecuador","tag-ejercito-ecuatoriano","tag-formacionestrategica","tag-gestionpublicaec"],"acf":[],"yoast_head":"<!-- This site is optimized with the Yoast SEO Premium plugin v25.0 (Yoast SEO v25.0) - https:\/\/yoast.com\/wordpress\/plugins\/seo\/ -->\n<title>Ecuador refuerza la gesti\u00f3n p\u00fablica en Defensa con formaci\u00f3n estrat\u00e9gica conjunta<\/title>\n<meta name=\"robots\" content=\"index, follow, max-snippet:-1, max-image-preview:large, max-video-preview:-1\" \/>\n<link rel=\"canonical\" href=\"https:\/\/defensanews.com\/en\/ecuador-strengthens-public-management-in-defense-with-joint-strategic-training\/\" \/>\n<meta property=\"og:locale\" content=\"en_US\" \/>\n<meta property=\"og:type\" content=\"article\" \/>\n<meta property=\"og:title\" content=\"Ecuador refuerza la gesti\u00f3n p\u00fablica en Defensa con formaci\u00f3n estrat\u00e9gica conjunta\" \/>\n<meta property=\"og:description\" content=\"Con el firme prop\u00f3sito de fortalecer las capacidades institucionales del Estado, el Ministerio de Defensa Nacional del Ecuador, en coordinaci\u00f3n con la Contralor\u00eda General del Estado, ha desarrollado el curso \u201cControl en la Gesti\u00f3n Estrat\u00e9gica y Operativa de Procesos\u201d. Esta iniciativa capacit\u00f3 a 58 servidores civiles y militares de las Fuerzas Armadas. La formaci\u00f3n busca [&hellip;]\" \/>\n<meta property=\"og:url\" content=\"https:\/\/defensanews.com\/en\/ecuador-strengthens-public-management-in-defense-with-joint-strategic-training\/\" \/>\n<meta property=\"og:site_name\" content=\"NOTICIAS DEFENSA, GEOPOL\u00cdTICA Y SEGURIDAD\" \/>\n<meta property=\"article:publisher\" content=\"https:\/\/www.facebook.com\/defensanewscom\/\" \/>\n<meta property=\"article:published_time\" content=\"2025-06-04T09:10:54+00:00\" \/>\n<meta property=\"article:modified_time\" content=\"2025-06-04T09:10:56+00:00\" \/>\n<meta property=\"og:image\" content=\"https:\/\/defensanews.com\/wp-content\/uploads\/2025\/06\/hdfghsdgfjhgfhsdgfhgdf.jpg\" \/>\n\t<meta property=\"og:image:width\" content=\"1280\" \/>\n\t<meta property=\"og:image:height\" content=\"960\" \/>\n\t<meta property=\"og:image:type\" content=\"image\/jpeg\" \/>\n<meta name=\"author\" content=\"Defensa News\" \/>\n<meta name=\"twitter:card\" content=\"summary_large_image\" \/>\n<meta name=\"twitter:label1\" content=\"Written by\" \/>\n\t<meta name=\"twitter:data1\" content=\"Defensa News\" \/>\n\t<meta name=\"twitter:label2\" content=\"Est. reading time\" \/>\n\t<meta name=\"twitter:data2\" content=\"1 minute\" \/>\n<script type=\"application\/ld+json\" class=\"yoast-schema-graph\">{\"@context\":\"https:\/\/schema.org\",\"@graph\":[{\"@type\":\"NewsArticle\",\"@id\":\"https:\/\/defensanews.com\/ecuador-refuerza-la-gestion-publica-en-defensa-con-formacion-estrategica-conjunta\/#article\",\"isPartOf\":{\"@id\":\"https:\/\/defensanews.com\/ecuador-refuerza-la-gestion-publica-en-defensa-con-formacion-estrategica-conjunta\/\"},\"author\":{\"name\":\"Defensa News\",\"@id\":\"https:\/\/defensanews.com\/#\/schema\/person\/d371c69fc541b938db26187937f0c11a\"},\"headline\":\"Ecuador refuerza la gesti\u00f3n p\u00fablica en Defensa con formaci\u00f3n estrat\u00e9gica conjunta\",\"datePublished\":\"2025-06-04T09:10:54+00:00\",\"dateModified\":\"2025-06-04T09:10:56+00:00\",\"mainEntityOfPage\":{\"@id\":\"https:\/\/defensanews.com\/ecuador-refuerza-la-gestion-publica-en-defensa-con-formacion-estrategica-conjunta\/\"},\"wordCount\":209,\"commentCount\":0,\"publisher\":{\"@id\":\"https:\/\/defensanews.com\/#organization\"},\"image\":{\"@id\":\"https:\/\/defensanews.com\/ecuador-refuerza-la-gestion-publica-en-defensa-con-formacion-estrategica-conjunta\/#primaryimage\"},\"thumbnailUrl\":\"https:\/\/defensanews.com\/wp-content\/uploads\/2025\/06\/hdfghsdgfjhgfhsdgfhgdf.jpg\",\"keywords\":[\"Ecuador\",\"Ej\u00e9rcito Ecuatoriano\",\"Formaci\u00f3nEstrat\u00e9gica\",\"Gesti\u00f3nP\u00fablicaEC\"],\"articleSection\":[\"Am\u00e9rica Latina\"],\"inLanguage\":\"en-US\",\"potentialAction\":[{\"@type\":\"CommentAction\",\"name\":\"Comment\",\"target\":[\"https:\/\/defensanews.com\/ecuador-refuerza-la-gestion-publica-en-defensa-con-formacion-estrategica-conjunta\/#respond\"]}],\"copyrightYear\":\"2025\",\"copyrightHolder\":{\"@id\":\"https:\/\/defensanews.com\/en\/#organization\"}},{\"@type\":[\"WebPage\",\"ItemPage\"],\"@id\":\"https:\/\/defensanews.com\/ecuador-refuerza-la-gestion-publica-en-defensa-con-formacion-estrategica-conjunta\/\",\"url\":\"https:\/\/defensanews.com\/ecuador-refuerza-la-gestion-publica-en-defensa-con-formacion-estrategica-conjunta\/\",\"name\":\"Ecuador refuerza la gesti\u00f3n p\u00fablica en Defensa con formaci\u00f3n estrat\u00e9gica conjunta\",\"isPartOf\":{\"@id\":\"https:\/\/defensanews.com\/#website\"},\"primaryImageOfPage\":{\"@id\":\"https:\/\/defensanews.com\/ecuador-refuerza-la-gestion-publica-en-defensa-con-formacion-estrategica-conjunta\/#primaryimage\"},\"image\":{\"@id\":\"https:\/\/defensanews.com\/ecuador-refuerza-la-gestion-publica-en-defensa-con-formacion-estrategica-conjunta\/#primaryimage\"},\"thumbnailUrl\":\"https:\/\/defensanews.com\/wp-content\/uploads\/2025\/06\/hdfghsdgfjhgfhsdgfhgdf.jpg\",\"datePublished\":\"2025-06-04T09:10:54+00:00\",\"dateModified\":\"2025-06-04T09:10:56+00:00\",\"breadcrumb\":{\"@id\":\"https:\/\/defensanews.com\/ecuador-refuerza-la-gestion-publica-en-defensa-con-formacion-estrategica-conjunta\/#breadcrumb\"},\"inLanguage\":\"en-US\",\"potentialAction\":[{\"@type\":\"ReadAction\",\"target\":[\"https:\/\/defensanews.com\/ecuador-refuerza-la-gestion-publica-en-defensa-con-formacion-estrategica-conjunta\/\"]}]},{\"@type\":\"ImageObject\",\"inLanguage\":\"en-US\",\"@id\":\"https:\/\/defensanews.com\/ecuador-refuerza-la-gestion-publica-en-defensa-con-formacion-estrategica-conjunta\/#primaryimage\",\"url\":\"https:\/\/defensanews.com\/wp-content\/uploads\/2025\/06\/hdfghsdgfjhgfhsdgfhgdf.jpg\",\"contentUrl\":\"https:\/\/defensanews.com\/wp-content\/uploads\/2025\/06\/hdfghsdgfjhgfhsdgfhgdf.jpg\",\"width\":1280,\"height\":960,\"caption\":\"Ecuador refuerza la gesti\u00f3n p\u00fablica en Defensa con formaci\u00f3n estrat\u00e9gica conjunta - DEFENSANEWS.COM - Noticias defensa y seguridad\"},{\"@type\":\"BreadcrumbList\",\"@id\":\"https:\/\/defensanews.com\/ecuador-refuerza-la-gestion-publica-en-defensa-con-formacion-estrategica-conjunta\/#breadcrumb\",\"itemListElement\":[{\"@type\":\"ListItem\",\"position\":1,\"name\":\"Portada\",\"item\":\"https:\/\/defensanews.com\/\"},{\"@type\":\"ListItem\",\"position\":2,\"name\":\"Ecuador refuerza la gesti\u00f3n p\u00fablica en Defensa con formaci\u00f3n estrat\u00e9gica conjunta\"}]},{\"@type\":\"WebSite\",\"@id\":\"https:\/\/defensanews.com\/#website\",\"url\":\"https:\/\/defensanews.com\/\",\"name\":\"NOTICIAS DEFENSA Y SEGURIDAD\",\"description\":\"DEFENSA NEWS\",\"publisher\":{\"@id\":\"https:\/\/defensanews.com\/#organization\"},\"alternateName\":\"DEFENSANEWS.COM\",\"potentialAction\":[{\"@type\":\"SearchAction\",\"target\":{\"@type\":\"EntryPoint\",\"urlTemplate\":\"https:\/\/defensanews.com\/?s={search_term_string}\"},\"query-input\":{\"@type\":\"PropertyValueSpecification\",\"valueRequired\":true,\"valueName\":\"search_term_string\"}}],\"inLanguage\":\"en-US\"},{\"@type\":\"Organization\",\"@id\":\"https:\/\/defensanews.com\/#organization\",\"name\":\"Leonardo Network S.r.l.\",\"alternateName\":\"Leonardo Network S.r.l.\",\"url\":\"https:\/\/defensanews.com\/\",\"logo\":{\"@type\":\"ImageObject\",\"inLanguage\":\"en-US\",\"@id\":\"https:\/\/defensanews.com\/#\/schema\/logo\/image\/\",\"url\":\"https:\/\/defensanews.com\/wp-content\/uploads\/2025\/05\/DN-1200.jpg\",\"contentUrl\":\"https:\/\/defensanews.com\/wp-content\/uploads\/2025\/05\/DN-1200.jpg\",\"width\":1200,\"height\":675,\"caption\":\"Leonardo Network S.r.l.\"},\"image\":{\"@id\":\"https:\/\/defensanews.com\/#\/schema\/logo\/image\/\"},\"sameAs\":[\"https:\/\/www.facebook.com\/defensanewscom\/\",\"https:\/\/www.instagram.com\/defensanews\/\"],\"description\":\"DEFENSANEWS.COM, la plataforma digital independiente dedicada a las noticias sobre defensa y seguridad de Espa\u00f1a, Am\u00e9rica Latina y Estados Unidos.\",\"email\":\"info@defensanews.com\",\"telephone\":\"05661966359\",\"legalName\":\"Leonardo Network S.r.l.\",\"foundingDate\":\"2024-05-11\",\"vatID\":\"IT01749180533\",\"numberOfEmployees\":{\"@type\":\"QuantitativeValue\",\"minValue\":\"1\",\"maxValue\":\"10\"},\"publishingPrinciples\":\"https:\/\/defensanews.com\/terminos-y-condiciones\/\"},{\"@type\":\"Person\",\"@id\":\"https:\/\/defensanews.com\/#\/schema\/person\/d371c69fc541b938db26187937f0c11a\",\"name\":\"Defensa News\",\"image\":{\"@type\":\"ImageObject\",\"inLanguage\":\"en-US\",\"@id\":\"https:\/\/defensanews.com\/#\/schema\/person\/image\/\",\"url\":\"https:\/\/defensanews.com\/wp-content\/uploads\/2025\/05\/cropped-Untitled-9-150x150.jpg\",\"contentUrl\":\"https:\/\/defensanews.com\/wp-content\/uploads\/2025\/05\/cropped-Untitled-9-150x150.jpg\",\"caption\":\"Defensa News\"},\"sameAs\":[\"https:\/\/defensanews.com\"],\"url\":\"https:\/\/defensanews.com\/en\/author\/defensanews\/\"}]}<\/script>\n<!-- \/ Yoast SEO Premium plugin. -->","yoast_head_json":{"title":"Ecuador refuerza la gesti\u00f3n p\u00fablica en Defensa con formaci\u00f3n estrat\u00e9gica conjunta","robots":{"index":"index","follow":"follow","max-snippet":"max-snippet:-1","max-image-preview":"max-image-preview:large","max-video-preview":"max-video-preview:-1"},"canonical":"https:\/\/defensanews.com\/en\/ecuador-strengthens-public-management-in-defense-with-joint-strategic-training\/","og_locale":"en_US","og_type":"article","og_title":"Ecuador refuerza la gesti\u00f3n p\u00fablica en Defensa con formaci\u00f3n estrat\u00e9gica conjunta","og_description":"Con el firme prop\u00f3sito de fortalecer las capacidades institucionales del Estado, el Ministerio de Defensa Nacional del Ecuador, en coordinaci\u00f3n con la Contralor\u00eda General del Estado, ha desarrollado el curso \u201cControl en la Gesti\u00f3n Estrat\u00e9gica y Operativa de Procesos\u201d. Esta iniciativa capacit\u00f3 a 58 servidores civiles y militares de las Fuerzas Armadas. La formaci\u00f3n busca [&hellip;]","og_url":"https:\/\/defensanews.com\/en\/ecuador-strengthens-public-management-in-defense-with-joint-strategic-training\/","og_site_name":"NOTICIAS DEFENSA, GEOPOL\u00cdTICA Y SEGURIDAD","article_publisher":"https:\/\/www.facebook.com\/defensanewscom\/","article_published_time":"2025-06-04T09:10:54+00:00","article_modified_time":"2025-06-04T09:10:56+00:00","og_image":[{"width":1280,"height":960,"url":"https:\/\/defensanews.com\/wp-content\/uploads\/2025\/06\/hdfghsdgfjhgfhsdgfhgdf.jpg","type":"image\/jpeg"}],"author":"Defensa News","twitter_card":"summary_large_image","twitter_misc":{"Written by":"Defensa News","Est. reading time":"1 minute"},"schema":{"@context":"https:\/\/schema.org","@graph":[{"@type":"NewsArticle","@id":"https:\/\/defensanews.com\/ecuador-refuerza-la-gestion-publica-en-defensa-con-formacion-estrategica-conjunta\/#article","isPartOf":{"@id":"https:\/\/defensanews.com\/ecuador-refuerza-la-gestion-publica-en-defensa-con-formacion-estrategica-conjunta\/"},"author":{"name":"Defensa News","@id":"https:\/\/defensanews.com\/#\/schema\/person\/d371c69fc541b938db26187937f0c11a"},"headline":"Ecuador refuerza la gesti\u00f3n p\u00fablica en Defensa con formaci\u00f3n estrat\u00e9gica conjunta","datePublished":"2025-06-04T09:10:54+00:00","dateModified":"2025-06-04T09:10:56+00:00","mainEntityOfPage":{"@id":"https:\/\/defensanews.com\/ecuador-refuerza-la-gestion-publica-en-defensa-con-formacion-estrategica-conjunta\/"},"wordCount":209,"commentCount":0,"publisher":{"@id":"https:\/\/defensanews.com\/#organization"},"image":{"@id":"https:\/\/defensanews.com\/ecuador-refuerza-la-gestion-publica-en-defensa-con-formacion-estrategica-conjunta\/#primaryimage"},"thumbnailUrl":"https:\/\/defensanews.com\/wp-content\/uploads\/2025\/06\/hdfghsdgfjhgfhsdgfhgdf.jpg","keywords":["Ecuador","Ej\u00e9rcito Ecuatoriano","Formaci\u00f3nEstrat\u00e9gica","Gesti\u00f3nP\u00fablicaEC"],"articleSection":["Am\u00e9rica Latina"],"inLanguage":"en-US","potentialAction":[{"@type":"CommentAction","name":"Comment","target":["https:\/\/defensanews.com\/ecuador-refuerza-la-gestion-publica-en-defensa-con-formacion-estrategica-conjunta\/#respond"]}],"copyrightYear":"2025","copyrightHolder":{"@id":"https:\/\/defensanews.com\/en\/#organization"}},{"@type":["WebPage","ItemPage"],"@id":"https:\/\/defensanews.com\/ecuador-refuerza-la-gestion-publica-en-defensa-con-formacion-estrategica-conjunta\/","url":"https:\/\/defensanews.com\/ecuador-refuerza-la-gestion-publica-en-defensa-con-formacion-estrategica-conjunta\/","name":"Ecuador refuerza la gesti\u00f3n p\u00fablica en Defensa con formaci\u00f3n estrat\u00e9gica conjunta","isPartOf":{"@id":"https:\/\/defensanews.com\/#website"},"primaryImageOfPage":{"@id":"https:\/\/defensanews.com\/ecuador-refuerza-la-gestion-publica-en-defensa-con-formacion-estrategica-conjunta\/#primaryimage"},"image":{"@id":"https:\/\/defensanews.com\/ecuador-refuerza-la-gestion-publica-en-defensa-con-formacion-estrategica-conjunta\/#primaryimage"},"thumbnailUrl":"https:\/\/defensanews.com\/wp-content\/uploads\/2025\/06\/hdfghsdgfjhgfhsdgfhgdf.jpg","datePublished":"2025-06-04T09:10:54+00:00","dateModified":"2025-06-04T09:10:56+00:00","breadcrumb":{"@id":"https:\/\/defensanews.com\/ecuador-refuerza-la-gestion-publica-en-defensa-con-formacion-estrategica-conjunta\/#breadcrumb"},"inLanguage":"en-US","potentialAction":[{"@type":"ReadAction","target":["https:\/\/defensanews.com\/ecuador-refuerza-la-gestion-publica-en-defensa-con-formacion-estrategica-conjunta\/"]}]},{"@type":"ImageObject","inLanguage":"en-US","@id":"https:\/\/defensanews.com\/ecuador-refuerza-la-gestion-publica-en-defensa-con-formacion-estrategica-conjunta\/#primaryimage","url":"https:\/\/defensanews.com\/wp-content\/uploads\/2025\/06\/hdfghsdgfjhgfhsdgfhgdf.jpg","contentUrl":"https:\/\/defensanews.com\/wp-content\/uploads\/2025\/06\/hdfghsdgfjhgfhsdgfhgdf.jpg","width":1280,"height":960,"caption":"Ecuador refuerza la gesti\u00f3n p\u00fablica en Defensa con formaci\u00f3n estrat\u00e9gica conjunta - DEFENSANEWS.COM - Noticias defensa y seguridad"},{"@type":"BreadcrumbList","@id":"https:\/\/defensanews.com\/ecuador-refuerza-la-gestion-publica-en-defensa-con-formacion-estrategica-conjunta\/#breadcrumb","itemListElement":[{"@type":"ListItem","position":1,"name":"Portada","item":"https:\/\/defensanews.com\/"},{"@type":"ListItem","position":2,"name":"Ecuador refuerza la gesti\u00f3n p\u00fablica en Defensa con formaci\u00f3n estrat\u00e9gica conjunta"}]},{"@type":"WebSite","@id":"https:\/\/defensanews.com\/#website","url":"https:\/\/defensanews.com\/","name":"NOTICIAS DEFENSA Y SEGURIDAD","description":"DEFENSA NEWS","publisher":{"@id":"https:\/\/defensanews.com\/#organization"},"alternateName":"DEFENSANEWS.COM","potentialAction":[{"@type":"SearchAction","target":{"@type":"EntryPoint","urlTemplate":"https:\/\/defensanews.com\/?s={search_term_string}"},"query-input":{"@type":"PropertyValueSpecification","valueRequired":true,"valueName":"search_term_string"}}],"inLanguage":"en-US"},{"@type":"Organization","@id":"https:\/\/defensanews.com\/#organization","name":"Leonardo Network S.r.l.","alternateName":"Leonardo Network S.r.l.","url":"https:\/\/defensanews.com\/","logo":{"@type":"ImageObject","inLanguage":"en-US","@id":"https:\/\/defensanews.com\/#\/schema\/logo\/image\/","url":"https:\/\/defensanews.com\/wp-content\/uploads\/2025\/05\/DN-1200.jpg","contentUrl":"https:\/\/defensanews.com\/wp-content\/uploads\/2025\/05\/DN-1200.jpg","width":1200,"height":675,"caption":"Leonardo Network S.r.l."},"image":{"@id":"https:\/\/defensanews.com\/#\/schema\/logo\/image\/"},"sameAs":["https:\/\/www.facebook.com\/defensanewscom\/","https:\/\/www.instagram.com\/defensanews\/"],"description":"DEFENSANEWS.COM, la plataforma digital independiente dedicada a las noticias sobre defensa y seguridad de Espa\u00f1a, Am\u00e9rica Latina y Estados Unidos.","email":"info@defensanews.com","telephone":"05661966359","legalName":"Leonardo Network S.r.l.","foundingDate":"2024-05-11","vatID":"IT01749180533","numberOfEmployees":{"@type":"QuantitativeValue","minValue":"1","maxValue":"10"},"publishingPrinciples":"https:\/\/defensanews.com\/terminos-y-condiciones\/"},{"@type":"Person","@id":"https:\/\/defensanews.com\/#\/schema\/person\/d371c69fc541b938db26187937f0c11a","name":"Defensa News","image":{"@type":"ImageObject","inLanguage":"en-US","@id":"https:\/\/defensanews.com\/#\/schema\/person\/image\/","url":"https:\/\/defensanews.com\/wp-content\/uploads\/2025\/05\/cropped-Untitled-9-150x150.jpg","contentUrl":"https:\/\/defensanews.com\/wp-content\/uploads\/2025\/05\/cropped-Untitled-9-150x150.jpg","caption":"Defensa News"},"sameAs":["https:\/\/defensanews.com"],"url":"https:\/\/defensanews.com\/en\/author\/defensanews\/"}]}},"_links":{"self":[{"href":"https:\/\/defensanews.com\/en\/wp-json\/wp\/v2\/posts\/2323","targetHints":{"allow":["GET"]}}],"collection":[{"href":"https:\/\/defensanews.com\/en\/wp-json\/wp\/v2\/posts"}],"about":[{"href":"https:\/\/defensanews.com\/en\/wp-json\/wp\/v2\/types\/post"}],"author":[{"embeddable":true,"href":"https:\/\/defensanews.com\/en\/wp-json\/wp\/v2\/users\/1"}],"replies":[{"embeddable":true,"href":"https:\/\/defensanews.com\/en\/wp-json\/wp\/v2\/comments?post=2323"}],"version-history":[{"count":2,"href":"https:\/\/defensanews.com\/en\/wp-json\/wp\/v2\/posts\/2323\/revisions"}],"predecessor-version":[{"id":2326,"href":"https:\/\/defensanews.com\/en\/wp-json\/wp\/v2\/posts\/2323\/revisions\/2326"}],"wp:featuredmedia":[{"embeddable":true,"href":"https:\/\/defensanews.com\/en\/wp-json\/wp\/v2\/media\/2324"}],"wp:attachment":[{"href":"https:\/\/defensanews.com\/en\/wp-json\/wp\/v2\/media?parent=2323"}],"wp:term":[{"taxonomy":"category","embeddable":true,"href":"https:\/\/defensanews.com\/en\/wp-json\/wp\/v2\/categories?post=2323"},{"taxonomy":"post_tag","embeddable":true,"href":"https:\/\/defensanews.com\/en\/wp-json\/wp\/v2\/tags?post=2323"}],"curies":[{"name":"wp","href":"https:\/\/api.w.org\/{rel}","templated":true}]}}