{"id":2327,"date":"2025-06-04T11:41:50","date_gmt":"2025-06-04T09:41:50","guid":{"rendered":"https:\/\/defensanews.com\/?p=2327"},"modified":"2025-06-04T11:41:53","modified_gmt":"2025-06-04T09:41:53","slug":"ejercito-colombiano-asesta-golpe-al-bloque-jorge-suarez-briceno-en-el-meta","status":"publish","type":"post","link":"https:\/\/defensanews.com\/en\/colombian-army-strikes-blow-at-jorge-suarez-briceno-block-in-meta\/","title":{"rendered":"Colombian Army strikes blow against Jorge Suarez Brice\u00f1o Bloc in Meta"},"content":{"rendered":"<p>A military operation in the village of Potras del Quebrad\u00f3n, in the municipality of La Macarena (Meta), led to the seizure of an arsenal of weapons belonging to the Jorge Su\u00e1rez Brice\u00f1o Bloc, significantly weakening its operational and logistical capabilities. The action is part of the Ayacucho Plus Campaign Plan.<\/p>\n\n\n\n<h3 class=\"wp-block-heading\" id=\"h-inteligencia-conjunta-permitio-localizar-el-arsenal\">Joint intelligence led to the location of the arsenal<\/h3>\n\n\n\n<p>The operation was carried out by the National Army's Task Force Omega, in coordination with the Colombian Aerospace Force, the National Police and the Attorney General's Office. After an exhaustive inter-institutional intelligence work, it was possible to locate an illegal arms depot in a rural area.<\/p>\n\n\n\n<p>During the search, an alleged member of the Arturo Ruiz structure was captured, who was allegedly directly linked to the criminal activities of this organized armed group.<\/p>\n\n\n\n<h3 class=\"wp-block-heading\" id=\"h-armas-incautadas-durante-la-operacion\">Weapons seized during the operation<\/h3>\n\n\n\n<p>The following war materials were found and seized at the site:<\/p>\n\n\n\n<ul class=\"wp-block-list\">\n<li>16 long-range firearms<\/li>\n\n\n\n<li>19 grenades<\/li>\n\n\n\n<li>4 grenade launchers of different models and calibers<\/li>\n\n\n\n<li>4 machine gun barrels<\/li>\n\n\n\n<li>20 kilograms of shrapnel<\/li>\n\n\n\n<li>Abundant ammunition of various calibers<\/li>\n\n\n\n<li>Suppliers<\/li>\n\n\n\n<li>Explosive material<\/li>\n<\/ul>\n\n\n\n<p>A specialized explosives team from Rapid Deployment Force No. 12 proceeded with the controlled destruction of the explosive devices at the same site, while the rest of the arsenal was extracted in a National Army aircraft.<\/p>\n\n\n\n<h3 class=\"wp-block-heading\">Subsequent harassment and threat neutralization<\/h3>\n\n\n\n<p>After the operation, troops were harassed by members of the armed group, which provoked a confrontation in which the military units had no news.<\/p>\n\n\n\n<p>According to official information, this material was to be used to carry out terrorist attacks against the civilian population and the security forces. With this action, the plans of alias Calarc\u00e1, the main leader of the structure, were neutralized and his actions in the southeast of the country were weakened.<\/p>\n\n\n\n<h3 class=\"wp-block-heading\">Increased security in the south of the country<\/h3>\n\n\n\n<p>The National Army continues to carry out offensive operations to guarantee security and protect the lives of the inhabitants of the departments of Meta, Caquet\u00e1 and Guaviare, thus reinforcing the institutional presence in areas affected by the conflict.<\/p>","protected":false},"excerpt":{"rendered":"<p>Una operaci\u00f3n militar en la vereda Potras del Quebrad\u00f3n, en el municipio de La Macarena (Meta), permiti\u00f3 la incautaci\u00f3n de un arsenal de guerra perteneciente al Bloque Jorge Su\u00e1rez Brice\u00f1o, debilitando significativamente sus capacidades operativas y log\u00edsticas. La acci\u00f3n se enmarca dentro del Plan de Campa\u00f1a Ayacucho Plus. Inteligencia conjunta permiti\u00f3 localizar el arsenal El [&hellip;]<\/p>","protected":false},"author":1,"featured_media":2328,"comment_status":"open","ping_status":"open","sticky":false,"template":"","format":"standard","meta":{"_acf_changed":false,"footnotes":""},"categories":[2],"tags":[124,215,282],"class_list":["post-2327","post","type-post","status-publish","format-standard","has-post-thumbnail","hentry","category-america-latina","tag-colombia","tag-ejercito-colombiano","tag-fuerzapublica"],"acf":[],"yoast_head":"<!-- This site is optimized with the Yoast SEO Premium plugin v25.0 (Yoast SEO v25.0) - https:\/\/yoast.com\/wordpress\/plugins\/seo\/ -->\n<title>Ej\u00e9rcito colombiano asesta golpe al Bloque Jorge Su\u00e1rez Brice\u00f1o en el Meta<\/title>\n<meta name=\"robots\" content=\"index, follow, max-snippet:-1, max-image-preview:large, max-video-preview:-1\" \/>\n<link rel=\"canonical\" href=\"https:\/\/defensanews.com\/en\/colombian-army-strikes-blow-at-jorge-suarez-briceno-block-in-meta\/\" \/>\n<meta property=\"og:locale\" content=\"en_US\" \/>\n<meta property=\"og:type\" content=\"article\" \/>\n<meta property=\"og:title\" content=\"Ej\u00e9rcito colombiano asesta golpe al Bloque Jorge Su\u00e1rez Brice\u00f1o en el Meta\" \/>\n<meta property=\"og:description\" content=\"Una operaci\u00f3n militar en la vereda Potras del Quebrad\u00f3n, en el municipio de La Macarena (Meta), permiti\u00f3 la incautaci\u00f3n de un arsenal de guerra perteneciente al Bloque Jorge Su\u00e1rez Brice\u00f1o, debilitando significativamente sus capacidades operativas y log\u00edsticas. La acci\u00f3n se enmarca dentro del Plan de Campa\u00f1a Ayacucho Plus. Inteligencia conjunta permiti\u00f3 localizar el arsenal El [&hellip;]\" \/>\n<meta property=\"og:url\" content=\"https:\/\/defensanews.com\/en\/colombian-army-strikes-blow-at-jorge-suarez-briceno-block-in-meta\/\" \/>\n<meta property=\"og:site_name\" content=\"NOTICIAS DEFENSA, GEOPOL\u00cdTICA Y SEGURIDAD\" \/>\n<meta property=\"article:publisher\" content=\"https:\/\/www.facebook.com\/defensanewscom\/\" \/>\n<meta property=\"article:published_time\" content=\"2025-06-04T09:41:50+00:00\" \/>\n<meta property=\"article:modified_time\" content=\"2025-06-04T09:41:53+00:00\" \/>\n<meta property=\"og:image\" content=\"https:\/\/defensanews.com\/wp-content\/uploads\/2025\/06\/GshxtZMXQAE05qc.jpeg\" \/>\n\t<meta property=\"og:image:width\" content=\"1600\" \/>\n\t<meta property=\"og:image:height\" content=\"776\" \/>\n\t<meta property=\"og:image:type\" content=\"image\/jpeg\" \/>\n<meta name=\"author\" content=\"Defensa News\" \/>\n<meta name=\"twitter:card\" content=\"summary_large_image\" \/>\n<meta name=\"twitter:label1\" content=\"Written by\" \/>\n\t<meta name=\"twitter:data1\" content=\"Defensa News\" \/>\n\t<meta name=\"twitter:label2\" content=\"Est. reading time\" \/>\n\t<meta name=\"twitter:data2\" content=\"2 minutes\" \/>\n<script type=\"application\/ld+json\" class=\"yoast-schema-graph\">{\"@context\":\"https:\/\/schema.org\",\"@graph\":[{\"@type\":\"NewsArticle\",\"@id\":\"https:\/\/defensanews.com\/ejercito-colombiano-asesta-golpe-al-bloque-jorge-suarez-briceno-en-el-meta\/#article\",\"isPartOf\":{\"@id\":\"https:\/\/defensanews.com\/ejercito-colombiano-asesta-golpe-al-bloque-jorge-suarez-briceno-en-el-meta\/\"},\"author\":{\"name\":\"Defensa News\",\"@id\":\"https:\/\/defensanews.com\/#\/schema\/person\/d371c69fc541b938db26187937f0c11a\"},\"headline\":\"Ej\u00e9rcito colombiano asesta golpe al Bloque Jorge Su\u00e1rez Brice\u00f1o en el Meta\",\"datePublished\":\"2025-06-04T09:41:50+00:00\",\"dateModified\":\"2025-06-04T09:41:53+00:00\",\"mainEntityOfPage\":{\"@id\":\"https:\/\/defensanews.com\/ejercito-colombiano-asesta-golpe-al-bloque-jorge-suarez-briceno-en-el-meta\/\"},\"wordCount\":387,\"commentCount\":0,\"publisher\":{\"@id\":\"https:\/\/defensanews.com\/#organization\"},\"image\":{\"@id\":\"https:\/\/defensanews.com\/ejercito-colombiano-asesta-golpe-al-bloque-jorge-suarez-briceno-en-el-meta\/#primaryimage\"},\"thumbnailUrl\":\"https:\/\/defensanews.com\/wp-content\/uploads\/2025\/06\/GshxtZMXQAE05qc.jpeg\",\"keywords\":[\"Colombia\",\"Ej\u00e9rcito Colombiano\",\"FuerzaP\u00fablica\"],\"articleSection\":[\"Am\u00e9rica Latina\"],\"inLanguage\":\"en-US\",\"potentialAction\":[{\"@type\":\"CommentAction\",\"name\":\"Comment\",\"target\":[\"https:\/\/defensanews.com\/ejercito-colombiano-asesta-golpe-al-bloque-jorge-suarez-briceno-en-el-meta\/#respond\"]}],\"copyrightYear\":\"2025\",\"copyrightHolder\":{\"@id\":\"https:\/\/defensanews.com\/en\/#organization\"}},{\"@type\":[\"WebPage\",\"ItemPage\"],\"@id\":\"https:\/\/defensanews.com\/ejercito-colombiano-asesta-golpe-al-bloque-jorge-suarez-briceno-en-el-meta\/\",\"url\":\"https:\/\/defensanews.com\/ejercito-colombiano-asesta-golpe-al-bloque-jorge-suarez-briceno-en-el-meta\/\",\"name\":\"Ej\u00e9rcito colombiano asesta golpe al Bloque Jorge Su\u00e1rez Brice\u00f1o en el Meta\",\"isPartOf\":{\"@id\":\"https:\/\/defensanews.com\/#website\"},\"primaryImageOfPage\":{\"@id\":\"https:\/\/defensanews.com\/ejercito-colombiano-asesta-golpe-al-bloque-jorge-suarez-briceno-en-el-meta\/#primaryimage\"},\"image\":{\"@id\":\"https:\/\/defensanews.com\/ejercito-colombiano-asesta-golpe-al-bloque-jorge-suarez-briceno-en-el-meta\/#primaryimage\"},\"thumbnailUrl\":\"https:\/\/defensanews.com\/wp-content\/uploads\/2025\/06\/GshxtZMXQAE05qc.jpeg\",\"datePublished\":\"2025-06-04T09:41:50+00:00\",\"dateModified\":\"2025-06-04T09:41:53+00:00\",\"breadcrumb\":{\"@id\":\"https:\/\/defensanews.com\/ejercito-colombiano-asesta-golpe-al-bloque-jorge-suarez-briceno-en-el-meta\/#breadcrumb\"},\"inLanguage\":\"en-US\",\"potentialAction\":[{\"@type\":\"ReadAction\",\"target\":[\"https:\/\/defensanews.com\/ejercito-colombiano-asesta-golpe-al-bloque-jorge-suarez-briceno-en-el-meta\/\"]}]},{\"@type\":\"ImageObject\",\"inLanguage\":\"en-US\",\"@id\":\"https:\/\/defensanews.com\/ejercito-colombiano-asesta-golpe-al-bloque-jorge-suarez-briceno-en-el-meta\/#primaryimage\",\"url\":\"https:\/\/defensanews.com\/wp-content\/uploads\/2025\/06\/GshxtZMXQAE05qc.jpeg\",\"contentUrl\":\"https:\/\/defensanews.com\/wp-content\/uploads\/2025\/06\/GshxtZMXQAE05qc.jpeg\",\"width\":1600,\"height\":776,\"caption\":\"Ej\u00e9rcito colombiano asesta golpe al Bloque Jorge Su\u00e1rez Brice\u00f1o en el Meta - DEFENSANEWS.COM - Noticias defensa y seguridad\"},{\"@type\":\"BreadcrumbList\",\"@id\":\"https:\/\/defensanews.com\/ejercito-colombiano-asesta-golpe-al-bloque-jorge-suarez-briceno-en-el-meta\/#breadcrumb\",\"itemListElement\":[{\"@type\":\"ListItem\",\"position\":1,\"name\":\"Portada\",\"item\":\"https:\/\/defensanews.com\/\"},{\"@type\":\"ListItem\",\"position\":2,\"name\":\"Ej\u00e9rcito colombiano asesta golpe al Bloque Jorge Su\u00e1rez Brice\u00f1o en el Meta\"}]},{\"@type\":\"WebSite\",\"@id\":\"https:\/\/defensanews.com\/#website\",\"url\":\"https:\/\/defensanews.com\/\",\"name\":\"NOTICIAS DEFENSA Y SEGURIDAD\",\"description\":\"DEFENSA NEWS\",\"publisher\":{\"@id\":\"https:\/\/defensanews.com\/#organization\"},\"alternateName\":\"DEFENSANEWS.COM\",\"potentialAction\":[{\"@type\":\"SearchAction\",\"target\":{\"@type\":\"EntryPoint\",\"urlTemplate\":\"https:\/\/defensanews.com\/?s={search_term_string}\"},\"query-input\":{\"@type\":\"PropertyValueSpecification\",\"valueRequired\":true,\"valueName\":\"search_term_string\"}}],\"inLanguage\":\"en-US\"},{\"@type\":\"Organization\",\"@id\":\"https:\/\/defensanews.com\/#organization\",\"name\":\"Leonardo Network S.r.l.\",\"alternateName\":\"Leonardo Network S.r.l.\",\"url\":\"https:\/\/defensanews.com\/\",\"logo\":{\"@type\":\"ImageObject\",\"inLanguage\":\"en-US\",\"@id\":\"https:\/\/defensanews.com\/#\/schema\/logo\/image\/\",\"url\":\"https:\/\/defensanews.com\/wp-content\/uploads\/2025\/05\/DN-1200.jpg\",\"contentUrl\":\"https:\/\/defensanews.com\/wp-content\/uploads\/2025\/05\/DN-1200.jpg\",\"width\":1200,\"height\":675,\"caption\":\"Leonardo Network S.r.l.\"},\"image\":{\"@id\":\"https:\/\/defensanews.com\/#\/schema\/logo\/image\/\"},\"sameAs\":[\"https:\/\/www.facebook.com\/defensanewscom\/\",\"https:\/\/www.instagram.com\/defensanews\/\"],\"description\":\"DEFENSANEWS.COM, la plataforma digital independiente dedicada a las noticias sobre defensa y seguridad de Espa\u00f1a, Am\u00e9rica Latina y Estados Unidos.\",\"email\":\"info@defensanews.com\",\"telephone\":\"05661966359\",\"legalName\":\"Leonardo Network S.r.l.\",\"foundingDate\":\"2024-05-11\",\"vatID\":\"IT01749180533\",\"numberOfEmployees\":{\"@type\":\"QuantitativeValue\",\"minValue\":\"1\",\"maxValue\":\"10\"},\"publishingPrinciples\":\"https:\/\/defensanews.com\/terminos-y-condiciones\/\"},{\"@type\":\"Person\",\"@id\":\"https:\/\/defensanews.com\/#\/schema\/person\/d371c69fc541b938db26187937f0c11a\",\"name\":\"Defensa News\",\"image\":{\"@type\":\"ImageObject\",\"inLanguage\":\"en-US\",\"@id\":\"https:\/\/defensanews.com\/#\/schema\/person\/image\/\",\"url\":\"https:\/\/defensanews.com\/wp-content\/uploads\/2025\/05\/cropped-Untitled-9-150x150.jpg\",\"contentUrl\":\"https:\/\/defensanews.com\/wp-content\/uploads\/2025\/05\/cropped-Untitled-9-150x150.jpg\",\"caption\":\"Defensa News\"},\"sameAs\":[\"https:\/\/defensanews.com\"],\"url\":\"https:\/\/defensanews.com\/en\/author\/defensanews\/\"}]}<\/script>\n<!-- \/ Yoast SEO Premium plugin. -->","yoast_head_json":{"title":"Ej\u00e9rcito colombiano asesta golpe al Bloque Jorge Su\u00e1rez Brice\u00f1o en el Meta","robots":{"index":"index","follow":"follow","max-snippet":"max-snippet:-1","max-image-preview":"max-image-preview:large","max-video-preview":"max-video-preview:-1"},"canonical":"https:\/\/defensanews.com\/en\/colombian-army-strikes-blow-at-jorge-suarez-briceno-block-in-meta\/","og_locale":"en_US","og_type":"article","og_title":"Ej\u00e9rcito colombiano asesta golpe al Bloque Jorge Su\u00e1rez Brice\u00f1o en el Meta","og_description":"Una operaci\u00f3n militar en la vereda Potras del Quebrad\u00f3n, en el municipio de La Macarena (Meta), permiti\u00f3 la incautaci\u00f3n de un arsenal de guerra perteneciente al Bloque Jorge Su\u00e1rez Brice\u00f1o, debilitando significativamente sus capacidades operativas y log\u00edsticas. La acci\u00f3n se enmarca dentro del Plan de Campa\u00f1a Ayacucho Plus. Inteligencia conjunta permiti\u00f3 localizar el arsenal El [&hellip;]","og_url":"https:\/\/defensanews.com\/en\/colombian-army-strikes-blow-at-jorge-suarez-briceno-block-in-meta\/","og_site_name":"NOTICIAS DEFENSA, GEOPOL\u00cdTICA Y SEGURIDAD","article_publisher":"https:\/\/www.facebook.com\/defensanewscom\/","article_published_time":"2025-06-04T09:41:50+00:00","article_modified_time":"2025-06-04T09:41:53+00:00","og_image":[{"width":1600,"height":776,"url":"https:\/\/defensanews.com\/wp-content\/uploads\/2025\/06\/GshxtZMXQAE05qc.jpeg","type":"image\/jpeg"}],"author":"Defensa News","twitter_card":"summary_large_image","twitter_misc":{"Written by":"Defensa News","Est. reading time":"2 minutes"},"schema":{"@context":"https:\/\/schema.org","@graph":[{"@type":"NewsArticle","@id":"https:\/\/defensanews.com\/ejercito-colombiano-asesta-golpe-al-bloque-jorge-suarez-briceno-en-el-meta\/#article","isPartOf":{"@id":"https:\/\/defensanews.com\/ejercito-colombiano-asesta-golpe-al-bloque-jorge-suarez-briceno-en-el-meta\/"},"author":{"name":"Defensa News","@id":"https:\/\/defensanews.com\/#\/schema\/person\/d371c69fc541b938db26187937f0c11a"},"headline":"Ej\u00e9rcito colombiano asesta golpe al Bloque Jorge Su\u00e1rez Brice\u00f1o en el Meta","datePublished":"2025-06-04T09:41:50+00:00","dateModified":"2025-06-04T09:41:53+00:00","mainEntityOfPage":{"@id":"https:\/\/defensanews.com\/ejercito-colombiano-asesta-golpe-al-bloque-jorge-suarez-briceno-en-el-meta\/"},"wordCount":387,"commentCount":0,"publisher":{"@id":"https:\/\/defensanews.com\/#organization"},"image":{"@id":"https:\/\/defensanews.com\/ejercito-colombiano-asesta-golpe-al-bloque-jorge-suarez-briceno-en-el-meta\/#primaryimage"},"thumbnailUrl":"https:\/\/defensanews.com\/wp-content\/uploads\/2025\/06\/GshxtZMXQAE05qc.jpeg","keywords":["Colombia","Ej\u00e9rcito Colombiano","FuerzaP\u00fablica"],"articleSection":["Am\u00e9rica Latina"],"inLanguage":"en-US","potentialAction":[{"@type":"CommentAction","name":"Comment","target":["https:\/\/defensanews.com\/ejercito-colombiano-asesta-golpe-al-bloque-jorge-suarez-briceno-en-el-meta\/#respond"]}],"copyrightYear":"2025","copyrightHolder":{"@id":"https:\/\/defensanews.com\/en\/#organization"}},{"@type":["WebPage","ItemPage"],"@id":"https:\/\/defensanews.com\/ejercito-colombiano-asesta-golpe-al-bloque-jorge-suarez-briceno-en-el-meta\/","url":"https:\/\/defensanews.com\/ejercito-colombiano-asesta-golpe-al-bloque-jorge-suarez-briceno-en-el-meta\/","name":"Ej\u00e9rcito colombiano asesta golpe al Bloque Jorge Su\u00e1rez Brice\u00f1o en el Meta","isPartOf":{"@id":"https:\/\/defensanews.com\/#website"},"primaryImageOfPage":{"@id":"https:\/\/defensanews.com\/ejercito-colombiano-asesta-golpe-al-bloque-jorge-suarez-briceno-en-el-meta\/#primaryimage"},"image":{"@id":"https:\/\/defensanews.com\/ejercito-colombiano-asesta-golpe-al-bloque-jorge-suarez-briceno-en-el-meta\/#primaryimage"},"thumbnailUrl":"https:\/\/defensanews.com\/wp-content\/uploads\/2025\/06\/GshxtZMXQAE05qc.jpeg","datePublished":"2025-06-04T09:41:50+00:00","dateModified":"2025-06-04T09:41:53+00:00","breadcrumb":{"@id":"https:\/\/defensanews.com\/ejercito-colombiano-asesta-golpe-al-bloque-jorge-suarez-briceno-en-el-meta\/#breadcrumb"},"inLanguage":"en-US","potentialAction":[{"@type":"ReadAction","target":["https:\/\/defensanews.com\/ejercito-colombiano-asesta-golpe-al-bloque-jorge-suarez-briceno-en-el-meta\/"]}]},{"@type":"ImageObject","inLanguage":"en-US","@id":"https:\/\/defensanews.com\/ejercito-colombiano-asesta-golpe-al-bloque-jorge-suarez-briceno-en-el-meta\/#primaryimage","url":"https:\/\/defensanews.com\/wp-content\/uploads\/2025\/06\/GshxtZMXQAE05qc.jpeg","contentUrl":"https:\/\/defensanews.com\/wp-content\/uploads\/2025\/06\/GshxtZMXQAE05qc.jpeg","width":1600,"height":776,"caption":"Ej\u00e9rcito colombiano asesta golpe al Bloque Jorge Su\u00e1rez Brice\u00f1o en el Meta - DEFENSANEWS.COM - Noticias defensa y seguridad"},{"@type":"BreadcrumbList","@id":"https:\/\/defensanews.com\/ejercito-colombiano-asesta-golpe-al-bloque-jorge-suarez-briceno-en-el-meta\/#breadcrumb","itemListElement":[{"@type":"ListItem","position":1,"name":"Portada","item":"https:\/\/defensanews.com\/"},{"@type":"ListItem","position":2,"name":"Ej\u00e9rcito colombiano asesta golpe al Bloque Jorge Su\u00e1rez Brice\u00f1o en el Meta"}]},{"@type":"WebSite","@id":"https:\/\/defensanews.com\/#website","url":"https:\/\/defensanews.com\/","name":"NOTICIAS DEFENSA Y SEGURIDAD","description":"DEFENSA NEWS","publisher":{"@id":"https:\/\/defensanews.com\/#organization"},"alternateName":"DEFENSANEWS.COM","potentialAction":[{"@type":"SearchAction","target":{"@type":"EntryPoint","urlTemplate":"https:\/\/defensanews.com\/?s={search_term_string}"},"query-input":{"@type":"PropertyValueSpecification","valueRequired":true,"valueName":"search_term_string"}}],"inLanguage":"en-US"},{"@type":"Organization","@id":"https:\/\/defensanews.com\/#organization","name":"Leonardo Network S.r.l.","alternateName":"Leonardo Network S.r.l.","url":"https:\/\/defensanews.com\/","logo":{"@type":"ImageObject","inLanguage":"en-US","@id":"https:\/\/defensanews.com\/#\/schema\/logo\/image\/","url":"https:\/\/defensanews.com\/wp-content\/uploads\/2025\/05\/DN-1200.jpg","contentUrl":"https:\/\/defensanews.com\/wp-content\/uploads\/2025\/05\/DN-1200.jpg","width":1200,"height":675,"caption":"Leonardo Network S.r.l."},"image":{"@id":"https:\/\/defensanews.com\/#\/schema\/logo\/image\/"},"sameAs":["https:\/\/www.facebook.com\/defensanewscom\/","https:\/\/www.instagram.com\/defensanews\/"],"description":"DEFENSANEWS.COM, la plataforma digital independiente dedicada a las noticias sobre defensa y seguridad de Espa\u00f1a, Am\u00e9rica Latina y Estados Unidos.","email":"info@defensanews.com","telephone":"05661966359","legalName":"Leonardo Network S.r.l.","foundingDate":"2024-05-11","vatID":"IT01749180533","numberOfEmployees":{"@type":"QuantitativeValue","minValue":"1","maxValue":"10"},"publishingPrinciples":"https:\/\/defensanews.com\/terminos-y-condiciones\/"},{"@type":"Person","@id":"https:\/\/defensanews.com\/#\/schema\/person\/d371c69fc541b938db26187937f0c11a","name":"Defensa News","image":{"@type":"ImageObject","inLanguage":"en-US","@id":"https:\/\/defensanews.com\/#\/schema\/person\/image\/","url":"https:\/\/defensanews.com\/wp-content\/uploads\/2025\/05\/cropped-Untitled-9-150x150.jpg","contentUrl":"https:\/\/defensanews.com\/wp-content\/uploads\/2025\/05\/cropped-Untitled-9-150x150.jpg","caption":"Defensa News"},"sameAs":["https:\/\/defensanews.com"],"url":"https:\/\/defensanews.com\/en\/author\/defensanews\/"}]}},"_links":{"self":[{"href":"https:\/\/defensanews.com\/en\/wp-json\/wp\/v2\/posts\/2327","targetHints":{"allow":["GET"]}}],"collection":[{"href":"https:\/\/defensanews.com\/en\/wp-json\/wp\/v2\/posts"}],"about":[{"href":"https:\/\/defensanews.com\/en\/wp-json\/wp\/v2\/types\/post"}],"author":[{"embeddable":true,"href":"https:\/\/defensanews.com\/en\/wp-json\/wp\/v2\/users\/1"}],"replies":[{"embeddable":true,"href":"https:\/\/defensanews.com\/en\/wp-json\/wp\/v2\/comments?post=2327"}],"version-history":[{"count":2,"href":"https:\/\/defensanews.com\/en\/wp-json\/wp\/v2\/posts\/2327\/revisions"}],"predecessor-version":[{"id":2330,"href":"https:\/\/defensanews.com\/en\/wp-json\/wp\/v2\/posts\/2327\/revisions\/2330"}],"wp:featuredmedia":[{"embeddable":true,"href":"https:\/\/defensanews.com\/en\/wp-json\/wp\/v2\/media\/2328"}],"wp:attachment":[{"href":"https:\/\/defensanews.com\/en\/wp-json\/wp\/v2\/media?parent=2327"}],"wp:term":[{"taxonomy":"category","embeddable":true,"href":"https:\/\/defensanews.com\/en\/wp-json\/wp\/v2\/categories?post=2327"},{"taxonomy":"post_tag","embeddable":true,"href":"https:\/\/defensanews.com\/en\/wp-json\/wp\/v2\/tags?post=2327"}],"curies":[{"name":"wp","href":"https:\/\/api.w.org\/{rel}","templated":true}]}}