{"id":2331,"date":"2025-06-04T16:32:55","date_gmt":"2025-06-04T14:32:55","guid":{"rendered":"https:\/\/defensanews.com\/?p=2331"},"modified":"2025-06-04T16:32:58","modified_gmt":"2025-06-04T14:32:58","slug":"espana-reafirma-su-apoyo-humanitario-a-ucrania-con-estancias-para-familias-de-combatientes","status":"publish","type":"post","link":"https:\/\/defensanews.com\/en\/spain-reaffirms-its-humanitarian-support-to-ukraine-with-stays-for-fighters-families\/","title":{"rendered":"Spain reaffirms its humanitarian support to Ukraine with stays for fighters' families"},"content":{"rendered":"<p>The Minister of Defense, Margarita Robles, visited the military residence in Castell\u00f3n, where more than a thousand relatives of Ukrainian soldiers have found rest and emotional support since 2024. This program, promoted by the Spanish Government, offers a safe and humanitarian space to those suffering the ravages of the conflict in their country.<\/p>\n\n\n\n<h3 class=\"wp-block-heading\" id=\"h-un-refugio-lejos-del-conflicto\">A refuge away from conflict<\/h3>\n\n\n\n<p>During her speech, the minister stressed that more than 1,000 family members have already passed through this residence, where they stay for two weeks in an environment far from the conflict. \"Here they are far from the noise of bombs and the horror of a cruel war, which has only one culprit: Putin,\" Robles declared.<\/p>\n\n\n\n<p>In this regard, he stressed that the program will continue to be active \"until the end of the war,\" reaffirming Spain's commitment to Ukraine beyond military support. \"The Ukrainian people are giving us a lesson in life, struggle and resilience,\" he added.<\/p>\n\n\n\n<h3 class=\"wp-block-heading\" id=\"h-apoyo-emocional-y-actividades-para-ninos\">Emotional support and activities for children<\/h3>\n\n\n\n<p>Families receive not only lodging, but also emotional support and an agenda of cultural and children's activities. The intention is to offer moments of peace and normality in the midst of the pain caused by the armed conflict.<\/p>\n\n\n\n<p>The minister thanked the staff of the military residence for their dedication and commitment, noting that they \"make the difficult easy\" and that their work is essential for the aid to be effective and humane.<\/p>\n\n\n\n<h3 class=\"wp-block-heading\" id=\"h-compromiso-de-espana-con-la-paz-y-la-solidaridad\">Spain's commitment to peace and solidarity<\/h3>\n\n\n\n<p>Robles, accompanied by the Undersecretary of Defense, Adoraci\u00f3n Mateos; the Secretary General of Defense Policy, Admiral Juan Francisco Mart\u00ednez N\u00fa\u00f1ez; and the Government Subdelegate in Castell\u00f3n, Antonia Garc\u00eda Valls, affirmed that Spain will maintain this type of action \"as long as necessary\".<\/p>\n\n\n\n<p>\"We are witnesses to the smiles of the children. Hopefully this residence will not have to be used for this purpose, but as long as there is no just and lasting peace, here it will be at their disposal,\" he concluded.<\/p>","protected":false},"excerpt":{"rendered":"<p>La ministra de Defensa, Margarita Robles, ha visitado la residencia militar de Castell\u00f3n, donde m\u00e1s de mil familiares de soldados ucranianos han encontrado descanso y apoyo emocional desde 2024. Este programa, impulsado por el Gobierno de Espa\u00f1a, ofrece un espacio seguro y humanitario a quienes sufren los estragos del conflicto en su pa\u00eds. Un refugio [&hellip;]<\/p>","protected":false},"author":1,"featured_media":2332,"comment_status":"open","ping_status":"open","sticky":false,"template":"","format":"standard","meta":{"_acf_changed":false,"footnotes":""},"categories":[3],"tags":[163,162,240],"class_list":["post-2331","post","type-post","status-publish","format-standard","has-post-thumbnail","hentry","category-espana","tag-apoyoaucrania","tag-defensaespana","tag-espana"],"acf":[],"yoast_head":"<!-- This site is optimized with the Yoast SEO Premium plugin v25.0 (Yoast SEO v25.0) - https:\/\/yoast.com\/wordpress\/plugins\/seo\/ -->\n<title>Espa\u00f1a reafirma su apoyo humanitario a Ucrania con estancias para familias de combatientes<\/title>\n<meta name=\"robots\" content=\"index, follow, max-snippet:-1, max-image-preview:large, max-video-preview:-1\" \/>\n<link rel=\"canonical\" href=\"https:\/\/defensanews.com\/en\/spain-reaffirms-its-humanitarian-support-to-ukraine-with-stays-for-fighters-families\/\" \/>\n<meta property=\"og:locale\" content=\"en_US\" \/>\n<meta property=\"og:type\" content=\"article\" \/>\n<meta property=\"og:title\" content=\"Espa\u00f1a reafirma su apoyo humanitario a Ucrania con estancias para familias de combatientes\" \/>\n<meta property=\"og:description\" content=\"La ministra de Defensa, Margarita Robles, ha visitado la residencia militar de Castell\u00f3n, donde m\u00e1s de mil familiares de soldados ucranianos han encontrado descanso y apoyo emocional desde 2024. Este programa, impulsado por el Gobierno de Espa\u00f1a, ofrece un espacio seguro y humanitario a quienes sufren los estragos del conflicto en su pa\u00eds. Un refugio [&hellip;]\" \/>\n<meta property=\"og:url\" content=\"https:\/\/defensanews.com\/en\/spain-reaffirms-its-humanitarian-support-to-ukraine-with-stays-for-fighters-families\/\" \/>\n<meta property=\"og:site_name\" content=\"NOTICIAS DEFENSA, GEOPOL\u00cdTICA Y SEGURIDAD\" \/>\n<meta property=\"article:publisher\" content=\"https:\/\/www.facebook.com\/defensanewscom\/\" \/>\n<meta property=\"article:published_time\" content=\"2025-06-04T14:32:55+00:00\" \/>\n<meta property=\"article:modified_time\" content=\"2025-06-04T14:32:58+00:00\" \/>\n<meta property=\"og:image\" content=\"https:\/\/defensanews.com\/wp-content\/uploads\/2025\/06\/mar.jpg\" \/>\n\t<meta property=\"og:image:width\" content=\"1200\" \/>\n\t<meta property=\"og:image:height\" content=\"800\" \/>\n\t<meta property=\"og:image:type\" content=\"image\/jpeg\" \/>\n<meta name=\"author\" content=\"Defensa News\" \/>\n<meta name=\"twitter:card\" content=\"summary_large_image\" \/>\n<meta name=\"twitter:label1\" content=\"Written by\" \/>\n\t<meta name=\"twitter:data1\" content=\"Defensa News\" \/>\n\t<meta name=\"twitter:label2\" content=\"Est. reading time\" \/>\n\t<meta name=\"twitter:data2\" content=\"2 minutes\" \/>\n<script type=\"application\/ld+json\" class=\"yoast-schema-graph\">{\"@context\":\"https:\/\/schema.org\",\"@graph\":[{\"@type\":\"NewsArticle\",\"@id\":\"https:\/\/defensanews.com\/espana-reafirma-su-apoyo-humanitario-a-ucrania-con-estancias-para-familias-de-combatientes\/#article\",\"isPartOf\":{\"@id\":\"https:\/\/defensanews.com\/espana-reafirma-su-apoyo-humanitario-a-ucrania-con-estancias-para-familias-de-combatientes\/\"},\"author\":{\"name\":\"Defensa News\",\"@id\":\"https:\/\/defensanews.com\/#\/schema\/person\/d371c69fc541b938db26187937f0c11a\"},\"headline\":\"Espa\u00f1a reafirma su apoyo humanitario a Ucrania con estancias para familias de combatientes\",\"datePublished\":\"2025-06-04T14:32:55+00:00\",\"dateModified\":\"2025-06-04T14:32:58+00:00\",\"mainEntityOfPage\":{\"@id\":\"https:\/\/defensanews.com\/espana-reafirma-su-apoyo-humanitario-a-ucrania-con-estancias-para-familias-de-combatientes\/\"},\"wordCount\":354,\"commentCount\":0,\"publisher\":{\"@id\":\"https:\/\/defensanews.com\/#organization\"},\"image\":{\"@id\":\"https:\/\/defensanews.com\/espana-reafirma-su-apoyo-humanitario-a-ucrania-con-estancias-para-familias-de-combatientes\/#primaryimage\"},\"thumbnailUrl\":\"https:\/\/defensanews.com\/wp-content\/uploads\/2025\/06\/mar.jpg\",\"keywords\":[\"ApoyoAUcrania\",\"DefensaEspa\u00f1a\",\"Espa\u00f1a\"],\"articleSection\":[\"Espa\u00f1a\"],\"inLanguage\":\"en-US\",\"potentialAction\":[{\"@type\":\"CommentAction\",\"name\":\"Comment\",\"target\":[\"https:\/\/defensanews.com\/espana-reafirma-su-apoyo-humanitario-a-ucrania-con-estancias-para-familias-de-combatientes\/#respond\"]}],\"copyrightYear\":\"2025\",\"copyrightHolder\":{\"@id\":\"https:\/\/defensanews.com\/en\/#organization\"}},{\"@type\":[\"WebPage\",\"ItemPage\"],\"@id\":\"https:\/\/defensanews.com\/espana-reafirma-su-apoyo-humanitario-a-ucrania-con-estancias-para-familias-de-combatientes\/\",\"url\":\"https:\/\/defensanews.com\/espana-reafirma-su-apoyo-humanitario-a-ucrania-con-estancias-para-familias-de-combatientes\/\",\"name\":\"Espa\u00f1a reafirma su apoyo humanitario a Ucrania con estancias para familias de combatientes\",\"isPartOf\":{\"@id\":\"https:\/\/defensanews.com\/#website\"},\"primaryImageOfPage\":{\"@id\":\"https:\/\/defensanews.com\/espana-reafirma-su-apoyo-humanitario-a-ucrania-con-estancias-para-familias-de-combatientes\/#primaryimage\"},\"image\":{\"@id\":\"https:\/\/defensanews.com\/espana-reafirma-su-apoyo-humanitario-a-ucrania-con-estancias-para-familias-de-combatientes\/#primaryimage\"},\"thumbnailUrl\":\"https:\/\/defensanews.com\/wp-content\/uploads\/2025\/06\/mar.jpg\",\"datePublished\":\"2025-06-04T14:32:55+00:00\",\"dateModified\":\"2025-06-04T14:32:58+00:00\",\"breadcrumb\":{\"@id\":\"https:\/\/defensanews.com\/espana-reafirma-su-apoyo-humanitario-a-ucrania-con-estancias-para-familias-de-combatientes\/#breadcrumb\"},\"inLanguage\":\"en-US\",\"potentialAction\":[{\"@type\":\"ReadAction\",\"target\":[\"https:\/\/defensanews.com\/espana-reafirma-su-apoyo-humanitario-a-ucrania-con-estancias-para-familias-de-combatientes\/\"]}]},{\"@type\":\"ImageObject\",\"inLanguage\":\"en-US\",\"@id\":\"https:\/\/defensanews.com\/espana-reafirma-su-apoyo-humanitario-a-ucrania-con-estancias-para-familias-de-combatientes\/#primaryimage\",\"url\":\"https:\/\/defensanews.com\/wp-content\/uploads\/2025\/06\/mar.jpg\",\"contentUrl\":\"https:\/\/defensanews.com\/wp-content\/uploads\/2025\/06\/mar.jpg\",\"width\":1200,\"height\":800,\"caption\":\"Espa\u00f1a reafirma su apoyo humanitario a Ucrania con estancias para familias de combatientes - DEFENSANEWS.COM - Noticias defensa y seguridad\"},{\"@type\":\"BreadcrumbList\",\"@id\":\"https:\/\/defensanews.com\/espana-reafirma-su-apoyo-humanitario-a-ucrania-con-estancias-para-familias-de-combatientes\/#breadcrumb\",\"itemListElement\":[{\"@type\":\"ListItem\",\"position\":1,\"name\":\"Portada\",\"item\":\"https:\/\/defensanews.com\/\"},{\"@type\":\"ListItem\",\"position\":2,\"name\":\"Espa\u00f1a reafirma su apoyo humanitario a Ucrania con estancias para familias de combatientes\"}]},{\"@type\":\"WebSite\",\"@id\":\"https:\/\/defensanews.com\/#website\",\"url\":\"https:\/\/defensanews.com\/\",\"name\":\"NOTICIAS DEFENSA Y SEGURIDAD\",\"description\":\"DEFENSA NEWS\",\"publisher\":{\"@id\":\"https:\/\/defensanews.com\/#organization\"},\"alternateName\":\"DEFENSANEWS.COM\",\"potentialAction\":[{\"@type\":\"SearchAction\",\"target\":{\"@type\":\"EntryPoint\",\"urlTemplate\":\"https:\/\/defensanews.com\/?s={search_term_string}\"},\"query-input\":{\"@type\":\"PropertyValueSpecification\",\"valueRequired\":true,\"valueName\":\"search_term_string\"}}],\"inLanguage\":\"en-US\"},{\"@type\":\"Organization\",\"@id\":\"https:\/\/defensanews.com\/#organization\",\"name\":\"Leonardo Network S.r.l.\",\"alternateName\":\"Leonardo Network S.r.l.\",\"url\":\"https:\/\/defensanews.com\/\",\"logo\":{\"@type\":\"ImageObject\",\"inLanguage\":\"en-US\",\"@id\":\"https:\/\/defensanews.com\/#\/schema\/logo\/image\/\",\"url\":\"https:\/\/defensanews.com\/wp-content\/uploads\/2025\/05\/DN-1200.jpg\",\"contentUrl\":\"https:\/\/defensanews.com\/wp-content\/uploads\/2025\/05\/DN-1200.jpg\",\"width\":1200,\"height\":675,\"caption\":\"Leonardo Network S.r.l.\"},\"image\":{\"@id\":\"https:\/\/defensanews.com\/#\/schema\/logo\/image\/\"},\"sameAs\":[\"https:\/\/www.facebook.com\/defensanewscom\/\",\"https:\/\/www.instagram.com\/defensanews\/\"],\"description\":\"DEFENSANEWS.COM, la plataforma digital independiente dedicada a las noticias sobre defensa y seguridad de Espa\u00f1a, Am\u00e9rica Latina y Estados Unidos.\",\"email\":\"info@defensanews.com\",\"telephone\":\"05661966359\",\"legalName\":\"Leonardo Network S.r.l.\",\"foundingDate\":\"2024-05-11\",\"vatID\":\"IT01749180533\",\"numberOfEmployees\":{\"@type\":\"QuantitativeValue\",\"minValue\":\"1\",\"maxValue\":\"10\"},\"publishingPrinciples\":\"https:\/\/defensanews.com\/terminos-y-condiciones\/\"},{\"@type\":\"Person\",\"@id\":\"https:\/\/defensanews.com\/#\/schema\/person\/d371c69fc541b938db26187937f0c11a\",\"name\":\"Defensa News\",\"image\":{\"@type\":\"ImageObject\",\"inLanguage\":\"en-US\",\"@id\":\"https:\/\/defensanews.com\/#\/schema\/person\/image\/\",\"url\":\"https:\/\/defensanews.com\/wp-content\/uploads\/2025\/05\/cropped-Untitled-9-150x150.jpg\",\"contentUrl\":\"https:\/\/defensanews.com\/wp-content\/uploads\/2025\/05\/cropped-Untitled-9-150x150.jpg\",\"caption\":\"Defensa News\"},\"sameAs\":[\"https:\/\/defensanews.com\"],\"url\":\"https:\/\/defensanews.com\/en\/author\/defensanews\/\"}]}<\/script>\n<!-- \/ Yoast SEO Premium plugin. -->","yoast_head_json":{"title":"Espa\u00f1a reafirma su apoyo humanitario a Ucrania con estancias para familias de combatientes","robots":{"index":"index","follow":"follow","max-snippet":"max-snippet:-1","max-image-preview":"max-image-preview:large","max-video-preview":"max-video-preview:-1"},"canonical":"https:\/\/defensanews.com\/en\/spain-reaffirms-its-humanitarian-support-to-ukraine-with-stays-for-fighters-families\/","og_locale":"en_US","og_type":"article","og_title":"Espa\u00f1a reafirma su apoyo humanitario a Ucrania con estancias para familias de combatientes","og_description":"La ministra de Defensa, Margarita Robles, ha visitado la residencia militar de Castell\u00f3n, donde m\u00e1s de mil familiares de soldados ucranianos han encontrado descanso y apoyo emocional desde 2024. Este programa, impulsado por el Gobierno de Espa\u00f1a, ofrece un espacio seguro y humanitario a quienes sufren los estragos del conflicto en su pa\u00eds. Un refugio [&hellip;]","og_url":"https:\/\/defensanews.com\/en\/spain-reaffirms-its-humanitarian-support-to-ukraine-with-stays-for-fighters-families\/","og_site_name":"NOTICIAS DEFENSA, GEOPOL\u00cdTICA Y SEGURIDAD","article_publisher":"https:\/\/www.facebook.com\/defensanewscom\/","article_published_time":"2025-06-04T14:32:55+00:00","article_modified_time":"2025-06-04T14:32:58+00:00","og_image":[{"width":1200,"height":800,"url":"https:\/\/defensanews.com\/wp-content\/uploads\/2025\/06\/mar.jpg","type":"image\/jpeg"}],"author":"Defensa News","twitter_card":"summary_large_image","twitter_misc":{"Written by":"Defensa News","Est. reading time":"2 minutes"},"schema":{"@context":"https:\/\/schema.org","@graph":[{"@type":"NewsArticle","@id":"https:\/\/defensanews.com\/espana-reafirma-su-apoyo-humanitario-a-ucrania-con-estancias-para-familias-de-combatientes\/#article","isPartOf":{"@id":"https:\/\/defensanews.com\/espana-reafirma-su-apoyo-humanitario-a-ucrania-con-estancias-para-familias-de-combatientes\/"},"author":{"name":"Defensa News","@id":"https:\/\/defensanews.com\/#\/schema\/person\/d371c69fc541b938db26187937f0c11a"},"headline":"Espa\u00f1a reafirma su apoyo humanitario a Ucrania con estancias para familias de combatientes","datePublished":"2025-06-04T14:32:55+00:00","dateModified":"2025-06-04T14:32:58+00:00","mainEntityOfPage":{"@id":"https:\/\/defensanews.com\/espana-reafirma-su-apoyo-humanitario-a-ucrania-con-estancias-para-familias-de-combatientes\/"},"wordCount":354,"commentCount":0,"publisher":{"@id":"https:\/\/defensanews.com\/#organization"},"image":{"@id":"https:\/\/defensanews.com\/espana-reafirma-su-apoyo-humanitario-a-ucrania-con-estancias-para-familias-de-combatientes\/#primaryimage"},"thumbnailUrl":"https:\/\/defensanews.com\/wp-content\/uploads\/2025\/06\/mar.jpg","keywords":["ApoyoAUcrania","DefensaEspa\u00f1a","Espa\u00f1a"],"articleSection":["Espa\u00f1a"],"inLanguage":"en-US","potentialAction":[{"@type":"CommentAction","name":"Comment","target":["https:\/\/defensanews.com\/espana-reafirma-su-apoyo-humanitario-a-ucrania-con-estancias-para-familias-de-combatientes\/#respond"]}],"copyrightYear":"2025","copyrightHolder":{"@id":"https:\/\/defensanews.com\/en\/#organization"}},{"@type":["WebPage","ItemPage"],"@id":"https:\/\/defensanews.com\/espana-reafirma-su-apoyo-humanitario-a-ucrania-con-estancias-para-familias-de-combatientes\/","url":"https:\/\/defensanews.com\/espana-reafirma-su-apoyo-humanitario-a-ucrania-con-estancias-para-familias-de-combatientes\/","name":"Espa\u00f1a reafirma su apoyo humanitario a Ucrania con estancias para familias de combatientes","isPartOf":{"@id":"https:\/\/defensanews.com\/#website"},"primaryImageOfPage":{"@id":"https:\/\/defensanews.com\/espana-reafirma-su-apoyo-humanitario-a-ucrania-con-estancias-para-familias-de-combatientes\/#primaryimage"},"image":{"@id":"https:\/\/defensanews.com\/espana-reafirma-su-apoyo-humanitario-a-ucrania-con-estancias-para-familias-de-combatientes\/#primaryimage"},"thumbnailUrl":"https:\/\/defensanews.com\/wp-content\/uploads\/2025\/06\/mar.jpg","datePublished":"2025-06-04T14:32:55+00:00","dateModified":"2025-06-04T14:32:58+00:00","breadcrumb":{"@id":"https:\/\/defensanews.com\/espana-reafirma-su-apoyo-humanitario-a-ucrania-con-estancias-para-familias-de-combatientes\/#breadcrumb"},"inLanguage":"en-US","potentialAction":[{"@type":"ReadAction","target":["https:\/\/defensanews.com\/espana-reafirma-su-apoyo-humanitario-a-ucrania-con-estancias-para-familias-de-combatientes\/"]}]},{"@type":"ImageObject","inLanguage":"en-US","@id":"https:\/\/defensanews.com\/espana-reafirma-su-apoyo-humanitario-a-ucrania-con-estancias-para-familias-de-combatientes\/#primaryimage","url":"https:\/\/defensanews.com\/wp-content\/uploads\/2025\/06\/mar.jpg","contentUrl":"https:\/\/defensanews.com\/wp-content\/uploads\/2025\/06\/mar.jpg","width":1200,"height":800,"caption":"Espa\u00f1a reafirma su apoyo humanitario a Ucrania con estancias para familias de combatientes - DEFENSANEWS.COM - Noticias defensa y seguridad"},{"@type":"BreadcrumbList","@id":"https:\/\/defensanews.com\/espana-reafirma-su-apoyo-humanitario-a-ucrania-con-estancias-para-familias-de-combatientes\/#breadcrumb","itemListElement":[{"@type":"ListItem","position":1,"name":"Portada","item":"https:\/\/defensanews.com\/"},{"@type":"ListItem","position":2,"name":"Espa\u00f1a reafirma su apoyo humanitario a Ucrania con estancias para familias de combatientes"}]},{"@type":"WebSite","@id":"https:\/\/defensanews.com\/#website","url":"https:\/\/defensanews.com\/","name":"NOTICIAS DEFENSA Y SEGURIDAD","description":"DEFENSA NEWS","publisher":{"@id":"https:\/\/defensanews.com\/#organization"},"alternateName":"DEFENSANEWS.COM","potentialAction":[{"@type":"SearchAction","target":{"@type":"EntryPoint","urlTemplate":"https:\/\/defensanews.com\/?s={search_term_string}"},"query-input":{"@type":"PropertyValueSpecification","valueRequired":true,"valueName":"search_term_string"}}],"inLanguage":"en-US"},{"@type":"Organization","@id":"https:\/\/defensanews.com\/#organization","name":"Leonardo Network S.r.l.","alternateName":"Leonardo Network S.r.l.","url":"https:\/\/defensanews.com\/","logo":{"@type":"ImageObject","inLanguage":"en-US","@id":"https:\/\/defensanews.com\/#\/schema\/logo\/image\/","url":"https:\/\/defensanews.com\/wp-content\/uploads\/2025\/05\/DN-1200.jpg","contentUrl":"https:\/\/defensanews.com\/wp-content\/uploads\/2025\/05\/DN-1200.jpg","width":1200,"height":675,"caption":"Leonardo Network S.r.l."},"image":{"@id":"https:\/\/defensanews.com\/#\/schema\/logo\/image\/"},"sameAs":["https:\/\/www.facebook.com\/defensanewscom\/","https:\/\/www.instagram.com\/defensanews\/"],"description":"DEFENSANEWS.COM, la plataforma digital independiente dedicada a las noticias sobre defensa y seguridad de Espa\u00f1a, Am\u00e9rica Latina y Estados Unidos.","email":"info@defensanews.com","telephone":"05661966359","legalName":"Leonardo Network S.r.l.","foundingDate":"2024-05-11","vatID":"IT01749180533","numberOfEmployees":{"@type":"QuantitativeValue","minValue":"1","maxValue":"10"},"publishingPrinciples":"https:\/\/defensanews.com\/terminos-y-condiciones\/"},{"@type":"Person","@id":"https:\/\/defensanews.com\/#\/schema\/person\/d371c69fc541b938db26187937f0c11a","name":"Defensa News","image":{"@type":"ImageObject","inLanguage":"en-US","@id":"https:\/\/defensanews.com\/#\/schema\/person\/image\/","url":"https:\/\/defensanews.com\/wp-content\/uploads\/2025\/05\/cropped-Untitled-9-150x150.jpg","contentUrl":"https:\/\/defensanews.com\/wp-content\/uploads\/2025\/05\/cropped-Untitled-9-150x150.jpg","caption":"Defensa News"},"sameAs":["https:\/\/defensanews.com"],"url":"https:\/\/defensanews.com\/en\/author\/defensanews\/"}]}},"_links":{"self":[{"href":"https:\/\/defensanews.com\/en\/wp-json\/wp\/v2\/posts\/2331","targetHints":{"allow":["GET"]}}],"collection":[{"href":"https:\/\/defensanews.com\/en\/wp-json\/wp\/v2\/posts"}],"about":[{"href":"https:\/\/defensanews.com\/en\/wp-json\/wp\/v2\/types\/post"}],"author":[{"embeddable":true,"href":"https:\/\/defensanews.com\/en\/wp-json\/wp\/v2\/users\/1"}],"replies":[{"embeddable":true,"href":"https:\/\/defensanews.com\/en\/wp-json\/wp\/v2\/comments?post=2331"}],"version-history":[{"count":2,"href":"https:\/\/defensanews.com\/en\/wp-json\/wp\/v2\/posts\/2331\/revisions"}],"predecessor-version":[{"id":2334,"href":"https:\/\/defensanews.com\/en\/wp-json\/wp\/v2\/posts\/2331\/revisions\/2334"}],"wp:featuredmedia":[{"embeddable":true,"href":"https:\/\/defensanews.com\/en\/wp-json\/wp\/v2\/media\/2332"}],"wp:attachment":[{"href":"https:\/\/defensanews.com\/en\/wp-json\/wp\/v2\/media?parent=2331"}],"wp:term":[{"taxonomy":"category","embeddable":true,"href":"https:\/\/defensanews.com\/en\/wp-json\/wp\/v2\/categories?post=2331"},{"taxonomy":"post_tag","embeddable":true,"href":"https:\/\/defensanews.com\/en\/wp-json\/wp\/v2\/tags?post=2331"}],"curies":[{"name":"wp","href":"https:\/\/api.w.org\/{rel}","templated":true}]}}