{"id":2351,"date":"2025-06-09T09:52:25","date_gmt":"2025-06-09T07:52:25","guid":{"rendered":"https:\/\/defensanews.com\/?p=2351"},"modified":"2025-06-09T09:52:28","modified_gmt":"2025-06-09T07:52:28","slug":"santa-cruz-de-tenerife-se-vuelca-con-el-acto-central-del-dia-de-las-fuerzas-armadas-2025","status":"publish","type":"post","link":"https:\/\/defensanews.com\/en\/santa-cruz-de-tenerife-is-involved-in-the-central-event-of-the-armed-forces-day-2025\/","title":{"rendered":"Santa Cruz de Tenerife is involved in the main event of the Armed Forces Day 2025"},"content":{"rendered":"<p>Thousands of citizens accompany Their Majesties the King and Queen in a parade full of symbolism, homage and unity.<\/p>\n\n\n\n<p>Santa Cruz de Tenerife has welcomed with enthusiasm and emotion the central act of the Armed Forces Day 2025 (DIFAS), presided by Their Majesties the King Felipe VI and Queen Letizia, together with the Minister of Defense, Margarita Robles. This commemoration, which has been held again in the Canary archipelago after almost 40 years, brought together nearly 3,300 military personnel, more than 55 aircraft and a hundred vehicles.<\/p>\n\n\n\n<h3 class=\"wp-block-heading\" id=\"h-una-parada-militar-cargada-de-simbolismo\">A military parade full of symbolism<\/h3>\n\n\n\n<p>The parade, which covered one kilometer of the Avenida de la Constituci\u00f3n, was witnessed by thousands of citizens who, waving Spanish flags, gave a standing ovation to the participating units. The day began with the jump of the Parachuting Acrobatic Patrol of the Air Force (PAPEA), carrying a large national flag in commemoration of the 10th anniversary of the proclamation of the King.<\/p>\n\n\n\n<p>One of the novelties was the presence of the Eurocorps flag, carried by a Spanish officer and escorted by representatives of six European countries. The passage of the Legion with its characteristic accelerated march and its mascot 'Camar\u00f3n' was one of the most applauded moments, together with the overflight of the Eagle Patrol that traced the national colors in the sky at the beginning and end of the act.<\/p>\n\n\n\n<h3 class=\"wp-block-heading\" id=\"h-homenaje-a-los-caidos-y-unidad-con-la-sociedad\">Tribute to the fallen and unity with society<\/h3>\n\n\n\n<p>In an emotional gesture, Minister Robles participated in a tribute to the military wounded and killed in the line of duty, accompanied by their families at the Captaincy General of the Canary Islands. \"The affection and respect of the citizens towards our Armed Forces has been felt in every corner of this parade,\" she expressed.<\/p>\n\n\n\n<h3 class=\"wp-block-heading\" id=\"h-cierre-de-una-semana-de-celebracion-nacional\">Closing of a week of national celebration<\/h3>\n\n\n\n<p>This event culminates a week of celebrations in the archipelago, which began in Las Palmas de Gran Canaria with the naval review, in which the submarine S-81 'Isaac Peral' and the aircraft carrier 'Juan Carlos I' took part for the first time. In total, more than 4,400 troops have taken part in the DIFAS 2025 events, reaffirming the commitment of the Armed Forces to the citizens.<\/p>","protected":false},"excerpt":{"rendered":"<p>Miles de ciudadanos acompa\u00f1an a SS.MM. los Reyes en un desfile cargado de simbolismo, homenaje y unidad Santa Cruz de Tenerife ha acogido con entusiasmo y emoci\u00f3n el acto central del D\u00eda de las Fuerzas Armadas 2025 (DIFAS), presidido por Sus Majestades los Reyes de Espa\u00f1a, Don Felipe VI y Do\u00f1a Letizia, junto a la [&hellip;]<\/p>","protected":false},"author":1,"featured_media":2352,"comment_status":"open","ping_status":"open","sticky":false,"template":"","format":"standard","meta":{"_acf_changed":false,"footnotes":""},"categories":[3],"tags":[186,284,240],"class_list":["post-2351","post","type-post","status-publish","format-standard","has-post-thumbnail","hentry","category-espana","tag-armada-espanola","tag-difas-2025","tag-espana"],"acf":[],"yoast_head":"<!-- This site is optimized with the Yoast SEO Premium plugin v25.0 (Yoast SEO v25.0) - https:\/\/yoast.com\/wordpress\/plugins\/seo\/ -->\n<title>Santa Cruz de Tenerife se vuelca con el acto central del D\u00eda de las Fuerzas Armadas 2025<\/title>\n<meta name=\"robots\" content=\"index, follow, max-snippet:-1, max-image-preview:large, max-video-preview:-1\" \/>\n<link rel=\"canonical\" href=\"https:\/\/defensanews.com\/en\/santa-cruz-de-tenerife-is-involved-in-the-central-event-of-the-armed-forces-day-2025\/\" \/>\n<meta property=\"og:locale\" content=\"en_US\" \/>\n<meta property=\"og:type\" content=\"article\" \/>\n<meta property=\"og:title\" content=\"Santa Cruz de Tenerife se vuelca con el acto central del D\u00eda de las Fuerzas Armadas 2025\" \/>\n<meta property=\"og:description\" content=\"Miles de ciudadanos acompa\u00f1an a SS.MM. los Reyes en un desfile cargado de simbolismo, homenaje y unidad Santa Cruz de Tenerife ha acogido con entusiasmo y emoci\u00f3n el acto central del D\u00eda de las Fuerzas Armadas 2025 (DIFAS), presidido por Sus Majestades los Reyes de Espa\u00f1a, Don Felipe VI y Do\u00f1a Letizia, junto a la [&hellip;]\" \/>\n<meta property=\"og:url\" content=\"https:\/\/defensanews.com\/en\/santa-cruz-de-tenerife-is-involved-in-the-central-event-of-the-armed-forces-day-2025\/\" \/>\n<meta property=\"og:site_name\" content=\"NOTICIAS DEFENSA, GEOPOL\u00cdTICA Y SEGURIDAD\" \/>\n<meta property=\"article:publisher\" content=\"https:\/\/www.facebook.com\/defensanewscom\/\" \/>\n<meta property=\"article:published_time\" content=\"2025-06-09T07:52:25+00:00\" \/>\n<meta property=\"article:modified_time\" content=\"2025-06-09T07:52:28+00:00\" \/>\n<meta property=\"og:image\" content=\"https:\/\/defensanews.com\/wp-content\/uploads\/2025\/06\/web-esp.jpg\" \/>\n\t<meta property=\"og:image:width\" content=\"1200\" \/>\n\t<meta property=\"og:image:height\" content=\"800\" \/>\n\t<meta property=\"og:image:type\" content=\"image\/jpeg\" \/>\n<meta name=\"author\" content=\"Defensa News\" \/>\n<meta name=\"twitter:card\" content=\"summary_large_image\" \/>\n<meta name=\"twitter:label1\" content=\"Written by\" \/>\n\t<meta name=\"twitter:data1\" content=\"Defensa News\" \/>\n\t<meta name=\"twitter:label2\" content=\"Est. reading time\" \/>\n\t<meta name=\"twitter:data2\" content=\"2 minutes\" \/>\n<script type=\"application\/ld+json\" class=\"yoast-schema-graph\">{\"@context\":\"https:\/\/schema.org\",\"@graph\":[{\"@type\":\"NewsArticle\",\"@id\":\"https:\/\/defensanews.com\/santa-cruz-de-tenerife-se-vuelca-con-el-acto-central-del-dia-de-las-fuerzas-armadas-2025\/#article\",\"isPartOf\":{\"@id\":\"https:\/\/defensanews.com\/santa-cruz-de-tenerife-se-vuelca-con-el-acto-central-del-dia-de-las-fuerzas-armadas-2025\/\"},\"author\":{\"name\":\"Defensa News\",\"@id\":\"https:\/\/defensanews.com\/#\/schema\/person\/d371c69fc541b938db26187937f0c11a\"},\"headline\":\"Santa Cruz de Tenerife se vuelca con el acto central del D\u00eda de las Fuerzas Armadas 2025\",\"datePublished\":\"2025-06-09T07:52:25+00:00\",\"dateModified\":\"2025-06-09T07:52:28+00:00\",\"mainEntityOfPage\":{\"@id\":\"https:\/\/defensanews.com\/santa-cruz-de-tenerife-se-vuelca-con-el-acto-central-del-dia-de-las-fuerzas-armadas-2025\/\"},\"wordCount\":403,\"commentCount\":0,\"publisher\":{\"@id\":\"https:\/\/defensanews.com\/#organization\"},\"image\":{\"@id\":\"https:\/\/defensanews.com\/santa-cruz-de-tenerife-se-vuelca-con-el-acto-central-del-dia-de-las-fuerzas-armadas-2025\/#primaryimage\"},\"thumbnailUrl\":\"https:\/\/defensanews.com\/wp-content\/uploads\/2025\/06\/web-esp.jpg\",\"keywords\":[\"Armada Espa\u00f1ola\",\"DIFAS 2025\",\"Espa\u00f1a\"],\"articleSection\":[\"Espa\u00f1a\"],\"inLanguage\":\"en-US\",\"potentialAction\":[{\"@type\":\"CommentAction\",\"name\":\"Comment\",\"target\":[\"https:\/\/defensanews.com\/santa-cruz-de-tenerife-se-vuelca-con-el-acto-central-del-dia-de-las-fuerzas-armadas-2025\/#respond\"]}],\"copyrightYear\":\"2025\",\"copyrightHolder\":{\"@id\":\"https:\/\/defensanews.com\/en\/#organization\"}},{\"@type\":[\"WebPage\",\"ItemPage\"],\"@id\":\"https:\/\/defensanews.com\/santa-cruz-de-tenerife-se-vuelca-con-el-acto-central-del-dia-de-las-fuerzas-armadas-2025\/\",\"url\":\"https:\/\/defensanews.com\/santa-cruz-de-tenerife-se-vuelca-con-el-acto-central-del-dia-de-las-fuerzas-armadas-2025\/\",\"name\":\"Santa Cruz de Tenerife se vuelca con el acto central del D\u00eda de las Fuerzas Armadas 2025\",\"isPartOf\":{\"@id\":\"https:\/\/defensanews.com\/#website\"},\"primaryImageOfPage\":{\"@id\":\"https:\/\/defensanews.com\/santa-cruz-de-tenerife-se-vuelca-con-el-acto-central-del-dia-de-las-fuerzas-armadas-2025\/#primaryimage\"},\"image\":{\"@id\":\"https:\/\/defensanews.com\/santa-cruz-de-tenerife-se-vuelca-con-el-acto-central-del-dia-de-las-fuerzas-armadas-2025\/#primaryimage\"},\"thumbnailUrl\":\"https:\/\/defensanews.com\/wp-content\/uploads\/2025\/06\/web-esp.jpg\",\"datePublished\":\"2025-06-09T07:52:25+00:00\",\"dateModified\":\"2025-06-09T07:52:28+00:00\",\"breadcrumb\":{\"@id\":\"https:\/\/defensanews.com\/santa-cruz-de-tenerife-se-vuelca-con-el-acto-central-del-dia-de-las-fuerzas-armadas-2025\/#breadcrumb\"},\"inLanguage\":\"en-US\",\"potentialAction\":[{\"@type\":\"ReadAction\",\"target\":[\"https:\/\/defensanews.com\/santa-cruz-de-tenerife-se-vuelca-con-el-acto-central-del-dia-de-las-fuerzas-armadas-2025\/\"]}]},{\"@type\":\"ImageObject\",\"inLanguage\":\"en-US\",\"@id\":\"https:\/\/defensanews.com\/santa-cruz-de-tenerife-se-vuelca-con-el-acto-central-del-dia-de-las-fuerzas-armadas-2025\/#primaryimage\",\"url\":\"https:\/\/defensanews.com\/wp-content\/uploads\/2025\/06\/web-esp.jpg\",\"contentUrl\":\"https:\/\/defensanews.com\/wp-content\/uploads\/2025\/06\/web-esp.jpg\",\"width\":1200,\"height\":800,\"caption\":\"Santa Cruz de Tenerife se vuelca con el acto central del D\u00eda de las Fuerzas Armadas 2025 - DEFENSANEWS.COM - Noticias defensa y seguridad\"},{\"@type\":\"BreadcrumbList\",\"@id\":\"https:\/\/defensanews.com\/santa-cruz-de-tenerife-se-vuelca-con-el-acto-central-del-dia-de-las-fuerzas-armadas-2025\/#breadcrumb\",\"itemListElement\":[{\"@type\":\"ListItem\",\"position\":1,\"name\":\"Portada\",\"item\":\"https:\/\/defensanews.com\/\"},{\"@type\":\"ListItem\",\"position\":2,\"name\":\"Santa Cruz de Tenerife se vuelca con el acto central del D\u00eda de las Fuerzas Armadas 2025\"}]},{\"@type\":\"WebSite\",\"@id\":\"https:\/\/defensanews.com\/#website\",\"url\":\"https:\/\/defensanews.com\/\",\"name\":\"NOTICIAS DEFENSA Y SEGURIDAD\",\"description\":\"DEFENSA NEWS\",\"publisher\":{\"@id\":\"https:\/\/defensanews.com\/#organization\"},\"alternateName\":\"DEFENSANEWS.COM\",\"potentialAction\":[{\"@type\":\"SearchAction\",\"target\":{\"@type\":\"EntryPoint\",\"urlTemplate\":\"https:\/\/defensanews.com\/?s={search_term_string}\"},\"query-input\":{\"@type\":\"PropertyValueSpecification\",\"valueRequired\":true,\"valueName\":\"search_term_string\"}}],\"inLanguage\":\"en-US\"},{\"@type\":\"Organization\",\"@id\":\"https:\/\/defensanews.com\/#organization\",\"name\":\"Leonardo Network S.r.l.\",\"alternateName\":\"Leonardo Network S.r.l.\",\"url\":\"https:\/\/defensanews.com\/\",\"logo\":{\"@type\":\"ImageObject\",\"inLanguage\":\"en-US\",\"@id\":\"https:\/\/defensanews.com\/#\/schema\/logo\/image\/\",\"url\":\"https:\/\/defensanews.com\/wp-content\/uploads\/2025\/05\/DN-1200.jpg\",\"contentUrl\":\"https:\/\/defensanews.com\/wp-content\/uploads\/2025\/05\/DN-1200.jpg\",\"width\":1200,\"height\":675,\"caption\":\"Leonardo Network S.r.l.\"},\"image\":{\"@id\":\"https:\/\/defensanews.com\/#\/schema\/logo\/image\/\"},\"sameAs\":[\"https:\/\/www.facebook.com\/defensanewscom\/\",\"https:\/\/www.instagram.com\/defensanews\/\"],\"description\":\"DEFENSANEWS.COM, la plataforma digital independiente dedicada a las noticias sobre defensa y seguridad de Espa\u00f1a, Am\u00e9rica Latina y Estados Unidos.\",\"email\":\"info@defensanews.com\",\"telephone\":\"05661966359\",\"legalName\":\"Leonardo Network S.r.l.\",\"foundingDate\":\"2024-05-11\",\"vatID\":\"IT01749180533\",\"numberOfEmployees\":{\"@type\":\"QuantitativeValue\",\"minValue\":\"1\",\"maxValue\":\"10\"},\"publishingPrinciples\":\"https:\/\/defensanews.com\/terminos-y-condiciones\/\"},{\"@type\":\"Person\",\"@id\":\"https:\/\/defensanews.com\/#\/schema\/person\/d371c69fc541b938db26187937f0c11a\",\"name\":\"Defensa News\",\"image\":{\"@type\":\"ImageObject\",\"inLanguage\":\"en-US\",\"@id\":\"https:\/\/defensanews.com\/#\/schema\/person\/image\/\",\"url\":\"https:\/\/defensanews.com\/wp-content\/uploads\/2025\/05\/cropped-Untitled-9-150x150.jpg\",\"contentUrl\":\"https:\/\/defensanews.com\/wp-content\/uploads\/2025\/05\/cropped-Untitled-9-150x150.jpg\",\"caption\":\"Defensa News\"},\"sameAs\":[\"https:\/\/defensanews.com\"],\"url\":\"https:\/\/defensanews.com\/en\/author\/defensanews\/\"}]}<\/script>\n<!-- \/ Yoast SEO Premium plugin. -->","yoast_head_json":{"title":"Santa Cruz de Tenerife se vuelca con el acto central del D\u00eda de las Fuerzas Armadas 2025","robots":{"index":"index","follow":"follow","max-snippet":"max-snippet:-1","max-image-preview":"max-image-preview:large","max-video-preview":"max-video-preview:-1"},"canonical":"https:\/\/defensanews.com\/en\/santa-cruz-de-tenerife-is-involved-in-the-central-event-of-the-armed-forces-day-2025\/","og_locale":"en_US","og_type":"article","og_title":"Santa Cruz de Tenerife se vuelca con el acto central del D\u00eda de las Fuerzas Armadas 2025","og_description":"Miles de ciudadanos acompa\u00f1an a SS.MM. los Reyes en un desfile cargado de simbolismo, homenaje y unidad Santa Cruz de Tenerife ha acogido con entusiasmo y emoci\u00f3n el acto central del D\u00eda de las Fuerzas Armadas 2025 (DIFAS), presidido por Sus Majestades los Reyes de Espa\u00f1a, Don Felipe VI y Do\u00f1a Letizia, junto a la [&hellip;]","og_url":"https:\/\/defensanews.com\/en\/santa-cruz-de-tenerife-is-involved-in-the-central-event-of-the-armed-forces-day-2025\/","og_site_name":"NOTICIAS DEFENSA, GEOPOL\u00cdTICA Y SEGURIDAD","article_publisher":"https:\/\/www.facebook.com\/defensanewscom\/","article_published_time":"2025-06-09T07:52:25+00:00","article_modified_time":"2025-06-09T07:52:28+00:00","og_image":[{"width":1200,"height":800,"url":"https:\/\/defensanews.com\/wp-content\/uploads\/2025\/06\/web-esp.jpg","type":"image\/jpeg"}],"author":"Defensa News","twitter_card":"summary_large_image","twitter_misc":{"Written by":"Defensa News","Est. reading time":"2 minutes"},"schema":{"@context":"https:\/\/schema.org","@graph":[{"@type":"NewsArticle","@id":"https:\/\/defensanews.com\/santa-cruz-de-tenerife-se-vuelca-con-el-acto-central-del-dia-de-las-fuerzas-armadas-2025\/#article","isPartOf":{"@id":"https:\/\/defensanews.com\/santa-cruz-de-tenerife-se-vuelca-con-el-acto-central-del-dia-de-las-fuerzas-armadas-2025\/"},"author":{"name":"Defensa News","@id":"https:\/\/defensanews.com\/#\/schema\/person\/d371c69fc541b938db26187937f0c11a"},"headline":"Santa Cruz de Tenerife se vuelca con el acto central del D\u00eda de las Fuerzas Armadas 2025","datePublished":"2025-06-09T07:52:25+00:00","dateModified":"2025-06-09T07:52:28+00:00","mainEntityOfPage":{"@id":"https:\/\/defensanews.com\/santa-cruz-de-tenerife-se-vuelca-con-el-acto-central-del-dia-de-las-fuerzas-armadas-2025\/"},"wordCount":403,"commentCount":0,"publisher":{"@id":"https:\/\/defensanews.com\/#organization"},"image":{"@id":"https:\/\/defensanews.com\/santa-cruz-de-tenerife-se-vuelca-con-el-acto-central-del-dia-de-las-fuerzas-armadas-2025\/#primaryimage"},"thumbnailUrl":"https:\/\/defensanews.com\/wp-content\/uploads\/2025\/06\/web-esp.jpg","keywords":["Armada Espa\u00f1ola","DIFAS 2025","Espa\u00f1a"],"articleSection":["Espa\u00f1a"],"inLanguage":"en-US","potentialAction":[{"@type":"CommentAction","name":"Comment","target":["https:\/\/defensanews.com\/santa-cruz-de-tenerife-se-vuelca-con-el-acto-central-del-dia-de-las-fuerzas-armadas-2025\/#respond"]}],"copyrightYear":"2025","copyrightHolder":{"@id":"https:\/\/defensanews.com\/en\/#organization"}},{"@type":["WebPage","ItemPage"],"@id":"https:\/\/defensanews.com\/santa-cruz-de-tenerife-se-vuelca-con-el-acto-central-del-dia-de-las-fuerzas-armadas-2025\/","url":"https:\/\/defensanews.com\/santa-cruz-de-tenerife-se-vuelca-con-el-acto-central-del-dia-de-las-fuerzas-armadas-2025\/","name":"Santa Cruz de Tenerife se vuelca con el acto central del D\u00eda de las Fuerzas Armadas 2025","isPartOf":{"@id":"https:\/\/defensanews.com\/#website"},"primaryImageOfPage":{"@id":"https:\/\/defensanews.com\/santa-cruz-de-tenerife-se-vuelca-con-el-acto-central-del-dia-de-las-fuerzas-armadas-2025\/#primaryimage"},"image":{"@id":"https:\/\/defensanews.com\/santa-cruz-de-tenerife-se-vuelca-con-el-acto-central-del-dia-de-las-fuerzas-armadas-2025\/#primaryimage"},"thumbnailUrl":"https:\/\/defensanews.com\/wp-content\/uploads\/2025\/06\/web-esp.jpg","datePublished":"2025-06-09T07:52:25+00:00","dateModified":"2025-06-09T07:52:28+00:00","breadcrumb":{"@id":"https:\/\/defensanews.com\/santa-cruz-de-tenerife-se-vuelca-con-el-acto-central-del-dia-de-las-fuerzas-armadas-2025\/#breadcrumb"},"inLanguage":"en-US","potentialAction":[{"@type":"ReadAction","target":["https:\/\/defensanews.com\/santa-cruz-de-tenerife-se-vuelca-con-el-acto-central-del-dia-de-las-fuerzas-armadas-2025\/"]}]},{"@type":"ImageObject","inLanguage":"en-US","@id":"https:\/\/defensanews.com\/santa-cruz-de-tenerife-se-vuelca-con-el-acto-central-del-dia-de-las-fuerzas-armadas-2025\/#primaryimage","url":"https:\/\/defensanews.com\/wp-content\/uploads\/2025\/06\/web-esp.jpg","contentUrl":"https:\/\/defensanews.com\/wp-content\/uploads\/2025\/06\/web-esp.jpg","width":1200,"height":800,"caption":"Santa Cruz de Tenerife se vuelca con el acto central del D\u00eda de las Fuerzas Armadas 2025 - DEFENSANEWS.COM - Noticias defensa y seguridad"},{"@type":"BreadcrumbList","@id":"https:\/\/defensanews.com\/santa-cruz-de-tenerife-se-vuelca-con-el-acto-central-del-dia-de-las-fuerzas-armadas-2025\/#breadcrumb","itemListElement":[{"@type":"ListItem","position":1,"name":"Portada","item":"https:\/\/defensanews.com\/"},{"@type":"ListItem","position":2,"name":"Santa Cruz de Tenerife se vuelca con el acto central del D\u00eda de las Fuerzas Armadas 2025"}]},{"@type":"WebSite","@id":"https:\/\/defensanews.com\/#website","url":"https:\/\/defensanews.com\/","name":"NOTICIAS DEFENSA Y SEGURIDAD","description":"DEFENSA NEWS","publisher":{"@id":"https:\/\/defensanews.com\/#organization"},"alternateName":"DEFENSANEWS.COM","potentialAction":[{"@type":"SearchAction","target":{"@type":"EntryPoint","urlTemplate":"https:\/\/defensanews.com\/?s={search_term_string}"},"query-input":{"@type":"PropertyValueSpecification","valueRequired":true,"valueName":"search_term_string"}}],"inLanguage":"en-US"},{"@type":"Organization","@id":"https:\/\/defensanews.com\/#organization","name":"Leonardo Network S.r.l.","alternateName":"Leonardo Network S.r.l.","url":"https:\/\/defensanews.com\/","logo":{"@type":"ImageObject","inLanguage":"en-US","@id":"https:\/\/defensanews.com\/#\/schema\/logo\/image\/","url":"https:\/\/defensanews.com\/wp-content\/uploads\/2025\/05\/DN-1200.jpg","contentUrl":"https:\/\/defensanews.com\/wp-content\/uploads\/2025\/05\/DN-1200.jpg","width":1200,"height":675,"caption":"Leonardo Network S.r.l."},"image":{"@id":"https:\/\/defensanews.com\/#\/schema\/logo\/image\/"},"sameAs":["https:\/\/www.facebook.com\/defensanewscom\/","https:\/\/www.instagram.com\/defensanews\/"],"description":"DEFENSANEWS.COM, la plataforma digital independiente dedicada a las noticias sobre defensa y seguridad de Espa\u00f1a, Am\u00e9rica Latina y Estados Unidos.","email":"info@defensanews.com","telephone":"05661966359","legalName":"Leonardo Network S.r.l.","foundingDate":"2024-05-11","vatID":"IT01749180533","numberOfEmployees":{"@type":"QuantitativeValue","minValue":"1","maxValue":"10"},"publishingPrinciples":"https:\/\/defensanews.com\/terminos-y-condiciones\/"},{"@type":"Person","@id":"https:\/\/defensanews.com\/#\/schema\/person\/d371c69fc541b938db26187937f0c11a","name":"Defensa News","image":{"@type":"ImageObject","inLanguage":"en-US","@id":"https:\/\/defensanews.com\/#\/schema\/person\/image\/","url":"https:\/\/defensanews.com\/wp-content\/uploads\/2025\/05\/cropped-Untitled-9-150x150.jpg","contentUrl":"https:\/\/defensanews.com\/wp-content\/uploads\/2025\/05\/cropped-Untitled-9-150x150.jpg","caption":"Defensa News"},"sameAs":["https:\/\/defensanews.com"],"url":"https:\/\/defensanews.com\/en\/author\/defensanews\/"}]}},"_links":{"self":[{"href":"https:\/\/defensanews.com\/en\/wp-json\/wp\/v2\/posts\/2351","targetHints":{"allow":["GET"]}}],"collection":[{"href":"https:\/\/defensanews.com\/en\/wp-json\/wp\/v2\/posts"}],"about":[{"href":"https:\/\/defensanews.com\/en\/wp-json\/wp\/v2\/types\/post"}],"author":[{"embeddable":true,"href":"https:\/\/defensanews.com\/en\/wp-json\/wp\/v2\/users\/1"}],"replies":[{"embeddable":true,"href":"https:\/\/defensanews.com\/en\/wp-json\/wp\/v2\/comments?post=2351"}],"version-history":[{"count":2,"href":"https:\/\/defensanews.com\/en\/wp-json\/wp\/v2\/posts\/2351\/revisions"}],"predecessor-version":[{"id":2354,"href":"https:\/\/defensanews.com\/en\/wp-json\/wp\/v2\/posts\/2351\/revisions\/2354"}],"wp:featuredmedia":[{"embeddable":true,"href":"https:\/\/defensanews.com\/en\/wp-json\/wp\/v2\/media\/2352"}],"wp:attachment":[{"href":"https:\/\/defensanews.com\/en\/wp-json\/wp\/v2\/media?parent=2351"}],"wp:term":[{"taxonomy":"category","embeddable":true,"href":"https:\/\/defensanews.com\/en\/wp-json\/wp\/v2\/categories?post=2351"},{"taxonomy":"post_tag","embeddable":true,"href":"https:\/\/defensanews.com\/en\/wp-json\/wp\/v2\/tags?post=2351"}],"curies":[{"name":"wp","href":"https:\/\/api.w.org\/{rel}","templated":true}]}}