{"id":2355,"date":"2025-06-09T10:34:32","date_gmt":"2025-06-09T08:34:32","guid":{"rendered":"https:\/\/defensanews.com\/?p=2355"},"modified":"2025-06-09T10:34:35","modified_gmt":"2025-06-09T08:34:35","slug":"soldados-del-ejercito-nacional-se-graduan-como-bachilleres-en-el-cauca-y-dan-un-paso-clave-hacia-su-futuro","status":"publish","type":"post","link":"https:\/\/defensanews.com\/en\/soldiers-of-the-national-army-graduate-as-baccalaureate-graduates-in-cauca-and-take-a-key-step-towards-their-future\/","title":{"rendered":"Soldiers of the National Army graduate as bachelors in Cauca and take a key step towards their future"},"content":{"rendered":"<p>In Popay\u00e1n, 79 young people complete their academic training thanks to a joint program between the Third Division and the FUNDETEC institute.<\/p>\n\n\n\n<p>A total of 79 regular soldiers of the National Army who perform their military service in the department of Cauca have reached a significant achievement: obtaining their bachelor's degree. The graduation ceremony took place in the city of Popay\u00e1n and was attended by their families, marking a milestone in the institutional commitment to the integral development of its troops.<\/p>\n\n\n\n<h3 class=\"wp-block-heading\" id=\"h-formacion-en-solo-tres-meses\">Training in only three months<\/h3>\n\n\n\n<p>This academic program, developed by the FUNDETEC institute in coordination with the Third Army Division, allowed young people to complete their high school education in an intensive period of three months. This is the first time that a promotion of this type has been carried out in the capital of Cauca, consolidating a model that has been implemented in other regions for seven years.<\/p>\n\n\n\n<p>\"Today we are celebrating the graduation of 79 SL18 in an approximate time of three months. This is the first time this has been done in Popay\u00e1n and represents a great achievement for us as an institution,\" said Yulieth Marcela Carrillo Parra, national coordinator of the FUNDETEC institute.<\/p>\n\n\n\n<h3 class=\"wp-block-heading\" id=\"h-compromiso-esfuerzo-y-vision-de-futuro\">Commitment, effort and vision for the future<\/h3>\n\n\n\n<p>Private Luna, one of the outstanding graduates, shared his testimony with emotion: \"The process has been arduous, but thanks to God and the Army I was able to graduate. If you have a clear goal, you can achieve it. I encourage all young people to join the National Army; here they can build their life project\".<\/p>\n\n\n\n<p>The success of this initiative was made possible by the willingness of the Third Division command and its units, which facilitated the balance between mission responsibilities and the time needed for academic training.<\/p>\n\n\n\n<h3 class=\"wp-block-heading\" id=\"h-mas-que-defensa-transformacion-social\">More than defense, social transformation<\/h3>\n\n\n\n<p>This type of project reinforces the role of the National Army not only as a guarantor of security, but also as an engine of social and educational transformation. The institution thus reaffirms its commitment to the integral formation of its men and women, for the benefit of both the institution and the country.<\/p>","protected":false},"excerpt":{"rendered":"<p>En Popay\u00e1n, 79 j\u00f3venes culminan su formaci\u00f3n acad\u00e9mica gracias a un programa conjunto entre la Tercera Divisi\u00f3n y el instituto FUNDETEC Un total de 79 soldados regulares del Ej\u00e9rcito Nacional que prestan su servicio militar en el departamento del Cauca han alcanzado un logro significativo: obtener su t\u00edtulo de bachiller. La ceremonia de graduaci\u00f3n se [&hellip;]<\/p>","protected":false},"author":1,"featured_media":2356,"comment_status":"open","ping_status":"open","sticky":false,"template":"","format":"standard","meta":{"_acf_changed":false,"footnotes":""},"categories":[2],"tags":[124,215,285,286],"class_list":["post-2355","post","type-post","status-publish","format-standard","has-post-thumbnail","hentry","category-america-latina","tag-colombia","tag-ejercito-colombiano","tag-formacion-militar","tag-popayan"],"acf":[],"yoast_head":"<!-- This site is optimized with the Yoast SEO Premium plugin v25.0 (Yoast SEO v25.0) - https:\/\/yoast.com\/wordpress\/plugins\/seo\/ -->\n<title>Soldados del Ej\u00e9rcito Nacional se grad\u00faan como bachilleres en el Cauca y dan un paso clave hacia su futuro<\/title>\n<meta name=\"robots\" content=\"index, follow, max-snippet:-1, max-image-preview:large, max-video-preview:-1\" \/>\n<link rel=\"canonical\" href=\"https:\/\/defensanews.com\/en\/soldiers-of-the-national-army-graduate-as-baccalaureate-graduates-in-cauca-and-take-a-key-step-towards-their-future\/\" \/>\n<meta property=\"og:locale\" content=\"en_US\" \/>\n<meta property=\"og:type\" content=\"article\" \/>\n<meta property=\"og:title\" content=\"Soldados del Ej\u00e9rcito Nacional se grad\u00faan como bachilleres en el Cauca y dan un paso clave hacia su futuro\" \/>\n<meta property=\"og:description\" content=\"En Popay\u00e1n, 79 j\u00f3venes culminan su formaci\u00f3n acad\u00e9mica gracias a un programa conjunto entre la Tercera Divisi\u00f3n y el instituto FUNDETEC Un total de 79 soldados regulares del Ej\u00e9rcito Nacional que prestan su servicio militar en el departamento del Cauca han alcanzado un logro significativo: obtener su t\u00edtulo de bachiller. La ceremonia de graduaci\u00f3n se [&hellip;]\" \/>\n<meta property=\"og:url\" content=\"https:\/\/defensanews.com\/en\/soldiers-of-the-national-army-graduate-as-baccalaureate-graduates-in-cauca-and-take-a-key-step-towards-their-future\/\" \/>\n<meta property=\"og:site_name\" content=\"NOTICIAS DEFENSA, GEOPOL\u00cdTICA Y SEGURIDAD\" \/>\n<meta property=\"article:publisher\" content=\"https:\/\/www.facebook.com\/defensanewscom\/\" \/>\n<meta property=\"article:published_time\" content=\"2025-06-09T08:34:32+00:00\" \/>\n<meta property=\"article:modified_time\" content=\"2025-06-09T08:34:35+00:00\" \/>\n<meta property=\"og:image\" content=\"https:\/\/defensanews.com\/wp-content\/uploads\/2025\/06\/whatsapp-image-2025-06-08-at-1.23.34-am-1.jpeg\" \/>\n\t<meta property=\"og:image:width\" content=\"700\" \/>\n\t<meta property=\"og:image:height\" content=\"466\" \/>\n\t<meta property=\"og:image:type\" content=\"image\/jpeg\" \/>\n<meta name=\"author\" content=\"Defensa News\" \/>\n<meta name=\"twitter:card\" content=\"summary_large_image\" \/>\n<meta name=\"twitter:label1\" content=\"Written by\" \/>\n\t<meta name=\"twitter:data1\" content=\"Defensa News\" \/>\n\t<meta name=\"twitter:label2\" content=\"Est. reading time\" \/>\n\t<meta name=\"twitter:data2\" content=\"2 minutes\" \/>\n<script type=\"application\/ld+json\" class=\"yoast-schema-graph\">{\"@context\":\"https:\/\/schema.org\",\"@graph\":[{\"@type\":\"NewsArticle\",\"@id\":\"https:\/\/defensanews.com\/soldados-del-ejercito-nacional-se-graduan-como-bachilleres-en-el-cauca-y-dan-un-paso-clave-hacia-su-futuro\/#article\",\"isPartOf\":{\"@id\":\"https:\/\/defensanews.com\/soldados-del-ejercito-nacional-se-graduan-como-bachilleres-en-el-cauca-y-dan-un-paso-clave-hacia-su-futuro\/\"},\"author\":{\"name\":\"Defensa News\",\"@id\":\"https:\/\/defensanews.com\/#\/schema\/person\/d371c69fc541b938db26187937f0c11a\"},\"headline\":\"Soldados del Ej\u00e9rcito Nacional se grad\u00faan como bachilleres en el Cauca y dan un paso clave hacia su futuro\",\"datePublished\":\"2025-06-09T08:34:32+00:00\",\"dateModified\":\"2025-06-09T08:34:35+00:00\",\"mainEntityOfPage\":{\"@id\":\"https:\/\/defensanews.com\/soldados-del-ejercito-nacional-se-graduan-como-bachilleres-en-el-cauca-y-dan-un-paso-clave-hacia-su-futuro\/\"},\"wordCount\":403,\"commentCount\":0,\"publisher\":{\"@id\":\"https:\/\/defensanews.com\/#organization\"},\"image\":{\"@id\":\"https:\/\/defensanews.com\/soldados-del-ejercito-nacional-se-graduan-como-bachilleres-en-el-cauca-y-dan-un-paso-clave-hacia-su-futuro\/#primaryimage\"},\"thumbnailUrl\":\"https:\/\/defensanews.com\/wp-content\/uploads\/2025\/06\/whatsapp-image-2025-06-08-at-1.23.34-am-1.jpeg\",\"keywords\":[\"Colombia\",\"Ej\u00e9rcito Colombiano\",\"Formaci\u00f3n Militar\",\"Popay\u00e1n\"],\"articleSection\":[\"Am\u00e9rica Latina\"],\"inLanguage\":\"en-US\",\"potentialAction\":[{\"@type\":\"CommentAction\",\"name\":\"Comment\",\"target\":[\"https:\/\/defensanews.com\/soldados-del-ejercito-nacional-se-graduan-como-bachilleres-en-el-cauca-y-dan-un-paso-clave-hacia-su-futuro\/#respond\"]}],\"copyrightYear\":\"2025\",\"copyrightHolder\":{\"@id\":\"https:\/\/defensanews.com\/en\/#organization\"}},{\"@type\":[\"WebPage\",\"ItemPage\"],\"@id\":\"https:\/\/defensanews.com\/soldados-del-ejercito-nacional-se-graduan-como-bachilleres-en-el-cauca-y-dan-un-paso-clave-hacia-su-futuro\/\",\"url\":\"https:\/\/defensanews.com\/soldados-del-ejercito-nacional-se-graduan-como-bachilleres-en-el-cauca-y-dan-un-paso-clave-hacia-su-futuro\/\",\"name\":\"Soldados del Ej\u00e9rcito Nacional se grad\u00faan como bachilleres en el Cauca y dan un paso clave hacia su futuro\",\"isPartOf\":{\"@id\":\"https:\/\/defensanews.com\/#website\"},\"primaryImageOfPage\":{\"@id\":\"https:\/\/defensanews.com\/soldados-del-ejercito-nacional-se-graduan-como-bachilleres-en-el-cauca-y-dan-un-paso-clave-hacia-su-futuro\/#primaryimage\"},\"image\":{\"@id\":\"https:\/\/defensanews.com\/soldados-del-ejercito-nacional-se-graduan-como-bachilleres-en-el-cauca-y-dan-un-paso-clave-hacia-su-futuro\/#primaryimage\"},\"thumbnailUrl\":\"https:\/\/defensanews.com\/wp-content\/uploads\/2025\/06\/whatsapp-image-2025-06-08-at-1.23.34-am-1.jpeg\",\"datePublished\":\"2025-06-09T08:34:32+00:00\",\"dateModified\":\"2025-06-09T08:34:35+00:00\",\"breadcrumb\":{\"@id\":\"https:\/\/defensanews.com\/soldados-del-ejercito-nacional-se-graduan-como-bachilleres-en-el-cauca-y-dan-un-paso-clave-hacia-su-futuro\/#breadcrumb\"},\"inLanguage\":\"en-US\",\"potentialAction\":[{\"@type\":\"ReadAction\",\"target\":[\"https:\/\/defensanews.com\/soldados-del-ejercito-nacional-se-graduan-como-bachilleres-en-el-cauca-y-dan-un-paso-clave-hacia-su-futuro\/\"]}]},{\"@type\":\"ImageObject\",\"inLanguage\":\"en-US\",\"@id\":\"https:\/\/defensanews.com\/soldados-del-ejercito-nacional-se-graduan-como-bachilleres-en-el-cauca-y-dan-un-paso-clave-hacia-su-futuro\/#primaryimage\",\"url\":\"https:\/\/defensanews.com\/wp-content\/uploads\/2025\/06\/whatsapp-image-2025-06-08-at-1.23.34-am-1.jpeg\",\"contentUrl\":\"https:\/\/defensanews.com\/wp-content\/uploads\/2025\/06\/whatsapp-image-2025-06-08-at-1.23.34-am-1.jpeg\",\"width\":700,\"height\":466,\"caption\":\"Borrador autom\u00e1tico - DEFENSANEWS.COM - Noticias defensa y seguridad\"},{\"@type\":\"BreadcrumbList\",\"@id\":\"https:\/\/defensanews.com\/soldados-del-ejercito-nacional-se-graduan-como-bachilleres-en-el-cauca-y-dan-un-paso-clave-hacia-su-futuro\/#breadcrumb\",\"itemListElement\":[{\"@type\":\"ListItem\",\"position\":1,\"name\":\"Portada\",\"item\":\"https:\/\/defensanews.com\/\"},{\"@type\":\"ListItem\",\"position\":2,\"name\":\"Soldados del Ej\u00e9rcito Nacional se grad\u00faan como bachilleres en el Cauca y dan un paso clave hacia su futuro\"}]},{\"@type\":\"WebSite\",\"@id\":\"https:\/\/defensanews.com\/#website\",\"url\":\"https:\/\/defensanews.com\/\",\"name\":\"NOTICIAS DEFENSA Y SEGURIDAD\",\"description\":\"DEFENSA NEWS\",\"publisher\":{\"@id\":\"https:\/\/defensanews.com\/#organization\"},\"alternateName\":\"DEFENSANEWS.COM\",\"potentialAction\":[{\"@type\":\"SearchAction\",\"target\":{\"@type\":\"EntryPoint\",\"urlTemplate\":\"https:\/\/defensanews.com\/?s={search_term_string}\"},\"query-input\":{\"@type\":\"PropertyValueSpecification\",\"valueRequired\":true,\"valueName\":\"search_term_string\"}}],\"inLanguage\":\"en-US\"},{\"@type\":\"Organization\",\"@id\":\"https:\/\/defensanews.com\/#organization\",\"name\":\"Leonardo Network S.r.l.\",\"alternateName\":\"Leonardo Network S.r.l.\",\"url\":\"https:\/\/defensanews.com\/\",\"logo\":{\"@type\":\"ImageObject\",\"inLanguage\":\"en-US\",\"@id\":\"https:\/\/defensanews.com\/#\/schema\/logo\/image\/\",\"url\":\"https:\/\/defensanews.com\/wp-content\/uploads\/2025\/05\/DN-1200.jpg\",\"contentUrl\":\"https:\/\/defensanews.com\/wp-content\/uploads\/2025\/05\/DN-1200.jpg\",\"width\":1200,\"height\":675,\"caption\":\"Leonardo Network S.r.l.\"},\"image\":{\"@id\":\"https:\/\/defensanews.com\/#\/schema\/logo\/image\/\"},\"sameAs\":[\"https:\/\/www.facebook.com\/defensanewscom\/\",\"https:\/\/www.instagram.com\/defensanews\/\"],\"description\":\"DEFENSANEWS.COM, la plataforma digital independiente dedicada a las noticias sobre defensa y seguridad de Espa\u00f1a, Am\u00e9rica Latina y Estados Unidos.\",\"email\":\"info@defensanews.com\",\"telephone\":\"05661966359\",\"legalName\":\"Leonardo Network S.r.l.\",\"foundingDate\":\"2024-05-11\",\"vatID\":\"IT01749180533\",\"numberOfEmployees\":{\"@type\":\"QuantitativeValue\",\"minValue\":\"1\",\"maxValue\":\"10\"},\"publishingPrinciples\":\"https:\/\/defensanews.com\/terminos-y-condiciones\/\"},{\"@type\":\"Person\",\"@id\":\"https:\/\/defensanews.com\/#\/schema\/person\/d371c69fc541b938db26187937f0c11a\",\"name\":\"Defensa News\",\"image\":{\"@type\":\"ImageObject\",\"inLanguage\":\"en-US\",\"@id\":\"https:\/\/defensanews.com\/#\/schema\/person\/image\/\",\"url\":\"https:\/\/defensanews.com\/wp-content\/uploads\/2025\/05\/cropped-Untitled-9-150x150.jpg\",\"contentUrl\":\"https:\/\/defensanews.com\/wp-content\/uploads\/2025\/05\/cropped-Untitled-9-150x150.jpg\",\"caption\":\"Defensa News\"},\"sameAs\":[\"https:\/\/defensanews.com\"],\"url\":\"https:\/\/defensanews.com\/en\/author\/defensanews\/\"}]}<\/script>\n<!-- \/ Yoast SEO Premium plugin. -->","yoast_head_json":{"title":"Soldados del Ej\u00e9rcito Nacional se grad\u00faan como bachilleres en el Cauca y dan un paso clave hacia su futuro","robots":{"index":"index","follow":"follow","max-snippet":"max-snippet:-1","max-image-preview":"max-image-preview:large","max-video-preview":"max-video-preview:-1"},"canonical":"https:\/\/defensanews.com\/en\/soldiers-of-the-national-army-graduate-as-baccalaureate-graduates-in-cauca-and-take-a-key-step-towards-their-future\/","og_locale":"en_US","og_type":"article","og_title":"Soldados del Ej\u00e9rcito Nacional se grad\u00faan como bachilleres en el Cauca y dan un paso clave hacia su futuro","og_description":"En Popay\u00e1n, 79 j\u00f3venes culminan su formaci\u00f3n acad\u00e9mica gracias a un programa conjunto entre la Tercera Divisi\u00f3n y el instituto FUNDETEC Un total de 79 soldados regulares del Ej\u00e9rcito Nacional que prestan su servicio militar en el departamento del Cauca han alcanzado un logro significativo: obtener su t\u00edtulo de bachiller. La ceremonia de graduaci\u00f3n se [&hellip;]","og_url":"https:\/\/defensanews.com\/en\/soldiers-of-the-national-army-graduate-as-baccalaureate-graduates-in-cauca-and-take-a-key-step-towards-their-future\/","og_site_name":"NOTICIAS DEFENSA, GEOPOL\u00cdTICA Y SEGURIDAD","article_publisher":"https:\/\/www.facebook.com\/defensanewscom\/","article_published_time":"2025-06-09T08:34:32+00:00","article_modified_time":"2025-06-09T08:34:35+00:00","og_image":[{"width":700,"height":466,"url":"https:\/\/defensanews.com\/wp-content\/uploads\/2025\/06\/whatsapp-image-2025-06-08-at-1.23.34-am-1.jpeg","type":"image\/jpeg"}],"author":"Defensa News","twitter_card":"summary_large_image","twitter_misc":{"Written by":"Defensa News","Est. reading time":"2 minutes"},"schema":{"@context":"https:\/\/schema.org","@graph":[{"@type":"NewsArticle","@id":"https:\/\/defensanews.com\/soldados-del-ejercito-nacional-se-graduan-como-bachilleres-en-el-cauca-y-dan-un-paso-clave-hacia-su-futuro\/#article","isPartOf":{"@id":"https:\/\/defensanews.com\/soldados-del-ejercito-nacional-se-graduan-como-bachilleres-en-el-cauca-y-dan-un-paso-clave-hacia-su-futuro\/"},"author":{"name":"Defensa News","@id":"https:\/\/defensanews.com\/#\/schema\/person\/d371c69fc541b938db26187937f0c11a"},"headline":"Soldados del Ej\u00e9rcito Nacional se grad\u00faan como bachilleres en el Cauca y dan un paso clave hacia su futuro","datePublished":"2025-06-09T08:34:32+00:00","dateModified":"2025-06-09T08:34:35+00:00","mainEntityOfPage":{"@id":"https:\/\/defensanews.com\/soldados-del-ejercito-nacional-se-graduan-como-bachilleres-en-el-cauca-y-dan-un-paso-clave-hacia-su-futuro\/"},"wordCount":403,"commentCount":0,"publisher":{"@id":"https:\/\/defensanews.com\/#organization"},"image":{"@id":"https:\/\/defensanews.com\/soldados-del-ejercito-nacional-se-graduan-como-bachilleres-en-el-cauca-y-dan-un-paso-clave-hacia-su-futuro\/#primaryimage"},"thumbnailUrl":"https:\/\/defensanews.com\/wp-content\/uploads\/2025\/06\/whatsapp-image-2025-06-08-at-1.23.34-am-1.jpeg","keywords":["Colombia","Ej\u00e9rcito Colombiano","Formaci\u00f3n Militar","Popay\u00e1n"],"articleSection":["Am\u00e9rica Latina"],"inLanguage":"en-US","potentialAction":[{"@type":"CommentAction","name":"Comment","target":["https:\/\/defensanews.com\/soldados-del-ejercito-nacional-se-graduan-como-bachilleres-en-el-cauca-y-dan-un-paso-clave-hacia-su-futuro\/#respond"]}],"copyrightYear":"2025","copyrightHolder":{"@id":"https:\/\/defensanews.com\/en\/#organization"}},{"@type":["WebPage","ItemPage"],"@id":"https:\/\/defensanews.com\/soldados-del-ejercito-nacional-se-graduan-como-bachilleres-en-el-cauca-y-dan-un-paso-clave-hacia-su-futuro\/","url":"https:\/\/defensanews.com\/soldados-del-ejercito-nacional-se-graduan-como-bachilleres-en-el-cauca-y-dan-un-paso-clave-hacia-su-futuro\/","name":"Soldados del Ej\u00e9rcito Nacional se grad\u00faan como bachilleres en el Cauca y dan un paso clave hacia su futuro","isPartOf":{"@id":"https:\/\/defensanews.com\/#website"},"primaryImageOfPage":{"@id":"https:\/\/defensanews.com\/soldados-del-ejercito-nacional-se-graduan-como-bachilleres-en-el-cauca-y-dan-un-paso-clave-hacia-su-futuro\/#primaryimage"},"image":{"@id":"https:\/\/defensanews.com\/soldados-del-ejercito-nacional-se-graduan-como-bachilleres-en-el-cauca-y-dan-un-paso-clave-hacia-su-futuro\/#primaryimage"},"thumbnailUrl":"https:\/\/defensanews.com\/wp-content\/uploads\/2025\/06\/whatsapp-image-2025-06-08-at-1.23.34-am-1.jpeg","datePublished":"2025-06-09T08:34:32+00:00","dateModified":"2025-06-09T08:34:35+00:00","breadcrumb":{"@id":"https:\/\/defensanews.com\/soldados-del-ejercito-nacional-se-graduan-como-bachilleres-en-el-cauca-y-dan-un-paso-clave-hacia-su-futuro\/#breadcrumb"},"inLanguage":"en-US","potentialAction":[{"@type":"ReadAction","target":["https:\/\/defensanews.com\/soldados-del-ejercito-nacional-se-graduan-como-bachilleres-en-el-cauca-y-dan-un-paso-clave-hacia-su-futuro\/"]}]},{"@type":"ImageObject","inLanguage":"en-US","@id":"https:\/\/defensanews.com\/soldados-del-ejercito-nacional-se-graduan-como-bachilleres-en-el-cauca-y-dan-un-paso-clave-hacia-su-futuro\/#primaryimage","url":"https:\/\/defensanews.com\/wp-content\/uploads\/2025\/06\/whatsapp-image-2025-06-08-at-1.23.34-am-1.jpeg","contentUrl":"https:\/\/defensanews.com\/wp-content\/uploads\/2025\/06\/whatsapp-image-2025-06-08-at-1.23.34-am-1.jpeg","width":700,"height":466,"caption":"Borrador autom\u00e1tico - DEFENSANEWS.COM - Noticias defensa y seguridad"},{"@type":"BreadcrumbList","@id":"https:\/\/defensanews.com\/soldados-del-ejercito-nacional-se-graduan-como-bachilleres-en-el-cauca-y-dan-un-paso-clave-hacia-su-futuro\/#breadcrumb","itemListElement":[{"@type":"ListItem","position":1,"name":"Portada","item":"https:\/\/defensanews.com\/"},{"@type":"ListItem","position":2,"name":"Soldados del Ej\u00e9rcito Nacional se grad\u00faan como bachilleres en el Cauca y dan un paso clave hacia su futuro"}]},{"@type":"WebSite","@id":"https:\/\/defensanews.com\/#website","url":"https:\/\/defensanews.com\/","name":"NOTICIAS DEFENSA Y SEGURIDAD","description":"DEFENSA NEWS","publisher":{"@id":"https:\/\/defensanews.com\/#organization"},"alternateName":"DEFENSANEWS.COM","potentialAction":[{"@type":"SearchAction","target":{"@type":"EntryPoint","urlTemplate":"https:\/\/defensanews.com\/?s={search_term_string}"},"query-input":{"@type":"PropertyValueSpecification","valueRequired":true,"valueName":"search_term_string"}}],"inLanguage":"en-US"},{"@type":"Organization","@id":"https:\/\/defensanews.com\/#organization","name":"Leonardo Network S.r.l.","alternateName":"Leonardo Network S.r.l.","url":"https:\/\/defensanews.com\/","logo":{"@type":"ImageObject","inLanguage":"en-US","@id":"https:\/\/defensanews.com\/#\/schema\/logo\/image\/","url":"https:\/\/defensanews.com\/wp-content\/uploads\/2025\/05\/DN-1200.jpg","contentUrl":"https:\/\/defensanews.com\/wp-content\/uploads\/2025\/05\/DN-1200.jpg","width":1200,"height":675,"caption":"Leonardo Network S.r.l."},"image":{"@id":"https:\/\/defensanews.com\/#\/schema\/logo\/image\/"},"sameAs":["https:\/\/www.facebook.com\/defensanewscom\/","https:\/\/www.instagram.com\/defensanews\/"],"description":"DEFENSANEWS.COM, la plataforma digital independiente dedicada a las noticias sobre defensa y seguridad de Espa\u00f1a, Am\u00e9rica Latina y Estados Unidos.","email":"info@defensanews.com","telephone":"05661966359","legalName":"Leonardo Network S.r.l.","foundingDate":"2024-05-11","vatID":"IT01749180533","numberOfEmployees":{"@type":"QuantitativeValue","minValue":"1","maxValue":"10"},"publishingPrinciples":"https:\/\/defensanews.com\/terminos-y-condiciones\/"},{"@type":"Person","@id":"https:\/\/defensanews.com\/#\/schema\/person\/d371c69fc541b938db26187937f0c11a","name":"Defensa News","image":{"@type":"ImageObject","inLanguage":"en-US","@id":"https:\/\/defensanews.com\/#\/schema\/person\/image\/","url":"https:\/\/defensanews.com\/wp-content\/uploads\/2025\/05\/cropped-Untitled-9-150x150.jpg","contentUrl":"https:\/\/defensanews.com\/wp-content\/uploads\/2025\/05\/cropped-Untitled-9-150x150.jpg","caption":"Defensa News"},"sameAs":["https:\/\/defensanews.com"],"url":"https:\/\/defensanews.com\/en\/author\/defensanews\/"}]}},"_links":{"self":[{"href":"https:\/\/defensanews.com\/en\/wp-json\/wp\/v2\/posts\/2355","targetHints":{"allow":["GET"]}}],"collection":[{"href":"https:\/\/defensanews.com\/en\/wp-json\/wp\/v2\/posts"}],"about":[{"href":"https:\/\/defensanews.com\/en\/wp-json\/wp\/v2\/types\/post"}],"author":[{"embeddable":true,"href":"https:\/\/defensanews.com\/en\/wp-json\/wp\/v2\/users\/1"}],"replies":[{"embeddable":true,"href":"https:\/\/defensanews.com\/en\/wp-json\/wp\/v2\/comments?post=2355"}],"version-history":[{"count":2,"href":"https:\/\/defensanews.com\/en\/wp-json\/wp\/v2\/posts\/2355\/revisions"}],"predecessor-version":[{"id":2358,"href":"https:\/\/defensanews.com\/en\/wp-json\/wp\/v2\/posts\/2355\/revisions\/2358"}],"wp:featuredmedia":[{"embeddable":true,"href":"https:\/\/defensanews.com\/en\/wp-json\/wp\/v2\/media\/2356"}],"wp:attachment":[{"href":"https:\/\/defensanews.com\/en\/wp-json\/wp\/v2\/media?parent=2355"}],"wp:term":[{"taxonomy":"category","embeddable":true,"href":"https:\/\/defensanews.com\/en\/wp-json\/wp\/v2\/categories?post=2355"},{"taxonomy":"post_tag","embeddable":true,"href":"https:\/\/defensanews.com\/en\/wp-json\/wp\/v2\/tags?post=2355"}],"curies":[{"name":"wp","href":"https:\/\/api.w.org\/{rel}","templated":true}]}}