{"id":2395,"date":"2025-06-12T12:23:08","date_gmt":"2025-06-12T10:23:08","guid":{"rendered":"https:\/\/defensanews.com\/?p=2395"},"modified":"2025-06-12T12:23:10","modified_gmt":"2025-06-12T10:23:10","slug":"familiares-y-autoridades-agradecen-labor-de-la-marina-de-guerra-y-el-ministerio-de-defensa-en-el-rescate-de-pescadores-en-pisco","status":"publish","type":"post","link":"https:\/\/defensanews.com\/en\/family-members-and-authorities-thank-navy-and-ministry-of-defense-for-their-work-in-the-rescue-of-fishermen-in-pisco\/","title":{"rendered":"Family members and authorities thank Navy and Ministry of Defense for their work in the rescue of fishermen in Pisco"},"content":{"rendered":"<p>The successful operation reaffirms the institutional commitment to maritime safety and the protection of human life.<\/p>\n\n\n\n<h3 class=\"wp-block-heading\" id=\"h-rescate-coordinado-tras-varios-dias-de-busqueda\">Coordinated rescue after several days of search<\/h3>\n\n\n\n<p>Ten fishermen from Lambayecano were successfully rescued off the coast of <strong>Pisco<\/strong>thanks to an operation led by the <strong>Peruvian Navy<\/strong>with the support of the <strong>Ministry of Defense<\/strong>. The vessel \"Ethel Mercedes IV\", which had been adrift due to a mechanical failure, was located after intense days of aerial and maritime tracking.<\/p>\n\n\n\n<p>From the beginning of the emergency, family members and local authorities highlighted the coordinated work and constant communication with the Armed Forces. <em>\"Thanks to God and the Navy, they searched together with us. It was a joint effort that today we are grateful for with all our hearts.\"<\/em>expressed <strong>Jaime Acosta Garcia<\/strong>The family of the crew members.<\/p>\n\n\n\n<h3 class=\"wp-block-heading\" id=\"h-apoyo-institucional-y-accion-multisectorial\">Institutional support and multisectoral action<\/h3>\n\n\n\n<p>The <strong>Mayoress of San Jos\u00e9 (Lambayeque), Shirley Casta\u00f1eda S\u00e1nchez<\/strong>accompanied the family members to Lima, underlining the immediate response of the head of the Defense sector, <strong>Walter Astudillo Ch\u00e1vez<\/strong>He managed the intensification of efforts from the General Directorate of Coast Guard and Coast Guard (Dicapi) and coordinated exploration flights together with the Captaincy of Callao.<\/p>\n\n\n\n<p>The operation included surface patrol boats, fishermen from the area and an airplane. <strong>Beechcraft B-200<\/strong>This allowed new routes to be traced until the boat was found. After the discovery, the fishermen were escorted to dry land, in good health and with basic provisions.<\/p>\n\n\n\n<h3 class=\"wp-block-heading\" id=\"h-una-sola-mision-proteger-la-vida\">A single mission: to protect life<\/h3>\n\n\n\n<p><em>\"They recognized us from afar. We cried for joy. It was a miracle.\"<\/em>said an emotional Jaime Acosta, one of the protagonists of the rescue. For his part, the <strong>Captain Carlos D\u00edaz Honores<\/strong>The Coast Guard Chief of Staff, Coast Guard Commander, said: <em>\"Our raison d'\u00eatre is to safeguard lives. No resources are spared when it comes to reuniting families.\"<\/em>.<\/p>\n\n\n\n<p>This rescue not only demonstrated the operational efficiency of the Navy, but also the support of the State in case of emergencies on the high seas. The action reflects the commitment of the <strong>Ministry of Defense<\/strong> with the <strong>maritime safety<\/strong> and immediate attention to the fishing communities of the Peruvian coast.<\/p>","protected":false},"excerpt":{"rendered":"<p>El exitoso operativo reafirma el compromiso institucional con la seguridad mar\u00edtima y la protecci\u00f3n de la vida humana. Rescate coordinado tras varios d\u00edas de b\u00fasqueda Diez pescadores lambayecanos fueron rescatados con \u00e9xito frente a la costa de Pisco, gracias a una operaci\u00f3n liderada por la Marina de Guerra del Per\u00fa, con el respaldo del Ministerio [&hellip;]<\/p>","protected":false},"author":1,"featured_media":2396,"comment_status":"open","ping_status":"open","sticky":false,"template":"","format":"standard","meta":{"_acf_changed":false,"footnotes":""},"categories":[2],"tags":[294,174,213],"class_list":["post-2395","post","type-post","status-publish","format-standard","has-post-thumbnail","hentry","category-america-latina","tag-marina-de-guerra-del-peru","tag-peru","tag-seguridad-maritima"],"acf":[],"yoast_head":"<!-- This site is optimized with the Yoast SEO Premium plugin v25.0 (Yoast SEO v25.0) - https:\/\/yoast.com\/wordpress\/plugins\/seo\/ -->\n<title>Familiares y autoridades agradecen labor de la Marina de Guerra y el Ministerio de Defensa en el rescate de pescadores en Pisco<\/title>\n<meta name=\"robots\" content=\"index, follow, max-snippet:-1, max-image-preview:large, max-video-preview:-1\" \/>\n<link rel=\"canonical\" href=\"https:\/\/defensanews.com\/en\/family-members-and-authorities-thank-navy-and-ministry-of-defense-for-their-work-in-the-rescue-of-fishermen-in-pisco\/\" \/>\n<meta property=\"og:locale\" content=\"en_US\" \/>\n<meta property=\"og:type\" content=\"article\" \/>\n<meta property=\"og:title\" content=\"Familiares y autoridades agradecen labor de la Marina de Guerra y el Ministerio de Defensa en el rescate de pescadores en Pisco\" \/>\n<meta property=\"og:description\" content=\"El exitoso operativo reafirma el compromiso institucional con la seguridad mar\u00edtima y la protecci\u00f3n de la vida humana. Rescate coordinado tras varios d\u00edas de b\u00fasqueda Diez pescadores lambayecanos fueron rescatados con \u00e9xito frente a la costa de Pisco, gracias a una operaci\u00f3n liderada por la Marina de Guerra del Per\u00fa, con el respaldo del Ministerio [&hellip;]\" \/>\n<meta property=\"og:url\" content=\"https:\/\/defensanews.com\/en\/family-members-and-authorities-thank-navy-and-ministry-of-defense-for-their-work-in-the-rescue-of-fishermen-in-pisco\/\" \/>\n<meta property=\"og:site_name\" content=\"NOTICIAS DEFENSA, GEOPOL\u00cdTICA Y SEGURIDAD\" \/>\n<meta property=\"article:publisher\" content=\"https:\/\/www.facebook.com\/defensanewscom\/\" \/>\n<meta property=\"article:published_time\" content=\"2025-06-12T10:23:08+00:00\" \/>\n<meta property=\"article:modified_time\" content=\"2025-06-12T10:23:10+00:00\" \/>\n<meta property=\"og:image\" content=\"https:\/\/defensanews.com\/wp-content\/uploads\/2025\/06\/1186203-1.jpeg\" \/>\n\t<meta property=\"og:image:width\" content=\"918\" \/>\n\t<meta property=\"og:image:height\" content=\"516\" \/>\n\t<meta property=\"og:image:type\" content=\"image\/jpeg\" \/>\n<meta name=\"author\" content=\"Defensa News\" \/>\n<meta name=\"twitter:card\" content=\"summary_large_image\" \/>\n<meta name=\"twitter:label1\" content=\"Written by\" \/>\n\t<meta name=\"twitter:data1\" content=\"Defensa News\" \/>\n\t<meta name=\"twitter:label2\" content=\"Est. reading time\" \/>\n\t<meta name=\"twitter:data2\" content=\"2 minutes\" \/>\n<script type=\"application\/ld+json\" class=\"yoast-schema-graph\">{\"@context\":\"https:\/\/schema.org\",\"@graph\":[{\"@type\":\"NewsArticle\",\"@id\":\"https:\/\/defensanews.com\/familiares-y-autoridades-agradecen-labor-de-la-marina-de-guerra-y-el-ministerio-de-defensa-en-el-rescate-de-pescadores-en-pisco\/#article\",\"isPartOf\":{\"@id\":\"https:\/\/defensanews.com\/familiares-y-autoridades-agradecen-labor-de-la-marina-de-guerra-y-el-ministerio-de-defensa-en-el-rescate-de-pescadores-en-pisco\/\"},\"author\":{\"name\":\"Defensa News\",\"@id\":\"https:\/\/defensanews.com\/#\/schema\/person\/d371c69fc541b938db26187937f0c11a\"},\"headline\":\"Familiares y autoridades agradecen labor de la Marina de Guerra y el Ministerio de Defensa en el rescate de pescadores en Pisco\",\"datePublished\":\"2025-06-12T10:23:08+00:00\",\"dateModified\":\"2025-06-12T10:23:10+00:00\",\"mainEntityOfPage\":{\"@id\":\"https:\/\/defensanews.com\/familiares-y-autoridades-agradecen-labor-de-la-marina-de-guerra-y-el-ministerio-de-defensa-en-el-rescate-de-pescadores-en-pisco\/\"},\"wordCount\":408,\"commentCount\":0,\"publisher\":{\"@id\":\"https:\/\/defensanews.com\/#organization\"},\"image\":{\"@id\":\"https:\/\/defensanews.com\/familiares-y-autoridades-agradecen-labor-de-la-marina-de-guerra-y-el-ministerio-de-defensa-en-el-rescate-de-pescadores-en-pisco\/#primaryimage\"},\"thumbnailUrl\":\"https:\/\/defensanews.com\/wp-content\/uploads\/2025\/06\/1186203-1.jpeg\",\"keywords\":[\"Marina de Guerra del Per\u00fa\",\"Per\u00fa\",\"seguridad mar\u00edtima\"],\"articleSection\":[\"Am\u00e9rica Latina\"],\"inLanguage\":\"en-US\",\"potentialAction\":[{\"@type\":\"CommentAction\",\"name\":\"Comment\",\"target\":[\"https:\/\/defensanews.com\/familiares-y-autoridades-agradecen-labor-de-la-marina-de-guerra-y-el-ministerio-de-defensa-en-el-rescate-de-pescadores-en-pisco\/#respond\"]}],\"copyrightYear\":\"2025\",\"copyrightHolder\":{\"@id\":\"https:\/\/defensanews.com\/en\/#organization\"}},{\"@type\":[\"WebPage\",\"ItemPage\"],\"@id\":\"https:\/\/defensanews.com\/familiares-y-autoridades-agradecen-labor-de-la-marina-de-guerra-y-el-ministerio-de-defensa-en-el-rescate-de-pescadores-en-pisco\/\",\"url\":\"https:\/\/defensanews.com\/familiares-y-autoridades-agradecen-labor-de-la-marina-de-guerra-y-el-ministerio-de-defensa-en-el-rescate-de-pescadores-en-pisco\/\",\"name\":\"Familiares y autoridades agradecen labor de la Marina de Guerra y el Ministerio de Defensa en el rescate de pescadores en Pisco\",\"isPartOf\":{\"@id\":\"https:\/\/defensanews.com\/#website\"},\"primaryImageOfPage\":{\"@id\":\"https:\/\/defensanews.com\/familiares-y-autoridades-agradecen-labor-de-la-marina-de-guerra-y-el-ministerio-de-defensa-en-el-rescate-de-pescadores-en-pisco\/#primaryimage\"},\"image\":{\"@id\":\"https:\/\/defensanews.com\/familiares-y-autoridades-agradecen-labor-de-la-marina-de-guerra-y-el-ministerio-de-defensa-en-el-rescate-de-pescadores-en-pisco\/#primaryimage\"},\"thumbnailUrl\":\"https:\/\/defensanews.com\/wp-content\/uploads\/2025\/06\/1186203-1.jpeg\",\"datePublished\":\"2025-06-12T10:23:08+00:00\",\"dateModified\":\"2025-06-12T10:23:10+00:00\",\"breadcrumb\":{\"@id\":\"https:\/\/defensanews.com\/familiares-y-autoridades-agradecen-labor-de-la-marina-de-guerra-y-el-ministerio-de-defensa-en-el-rescate-de-pescadores-en-pisco\/#breadcrumb\"},\"inLanguage\":\"en-US\",\"potentialAction\":[{\"@type\":\"ReadAction\",\"target\":[\"https:\/\/defensanews.com\/familiares-y-autoridades-agradecen-labor-de-la-marina-de-guerra-y-el-ministerio-de-defensa-en-el-rescate-de-pescadores-en-pisco\/\"]}]},{\"@type\":\"ImageObject\",\"inLanguage\":\"en-US\",\"@id\":\"https:\/\/defensanews.com\/familiares-y-autoridades-agradecen-labor-de-la-marina-de-guerra-y-el-ministerio-de-defensa-en-el-rescate-de-pescadores-en-pisco\/#primaryimage\",\"url\":\"https:\/\/defensanews.com\/wp-content\/uploads\/2025\/06\/1186203-1.jpeg\",\"contentUrl\":\"https:\/\/defensanews.com\/wp-content\/uploads\/2025\/06\/1186203-1.jpeg\",\"width\":918,\"height\":516,\"caption\":\"Familiares y autoridades agradecen labor de la Marina de Guerra y el Ministerio de Defensa en el rescate de pescadores en Pisco - DEFENSANEWS.COM - Noticias defensa y seguridad\"},{\"@type\":\"BreadcrumbList\",\"@id\":\"https:\/\/defensanews.com\/familiares-y-autoridades-agradecen-labor-de-la-marina-de-guerra-y-el-ministerio-de-defensa-en-el-rescate-de-pescadores-en-pisco\/#breadcrumb\",\"itemListElement\":[{\"@type\":\"ListItem\",\"position\":1,\"name\":\"Portada\",\"item\":\"https:\/\/defensanews.com\/\"},{\"@type\":\"ListItem\",\"position\":2,\"name\":\"Familiares y autoridades agradecen labor de la Marina de Guerra y el Ministerio de Defensa en el rescate de pescadores en Pisco\"}]},{\"@type\":\"WebSite\",\"@id\":\"https:\/\/defensanews.com\/#website\",\"url\":\"https:\/\/defensanews.com\/\",\"name\":\"NOTICIAS DEFENSA Y SEGURIDAD\",\"description\":\"DEFENSA NEWS\",\"publisher\":{\"@id\":\"https:\/\/defensanews.com\/#organization\"},\"alternateName\":\"DEFENSANEWS.COM\",\"potentialAction\":[{\"@type\":\"SearchAction\",\"target\":{\"@type\":\"EntryPoint\",\"urlTemplate\":\"https:\/\/defensanews.com\/?s={search_term_string}\"},\"query-input\":{\"@type\":\"PropertyValueSpecification\",\"valueRequired\":true,\"valueName\":\"search_term_string\"}}],\"inLanguage\":\"en-US\"},{\"@type\":\"Organization\",\"@id\":\"https:\/\/defensanews.com\/#organization\",\"name\":\"Leonardo Network S.r.l.\",\"alternateName\":\"Leonardo Network S.r.l.\",\"url\":\"https:\/\/defensanews.com\/\",\"logo\":{\"@type\":\"ImageObject\",\"inLanguage\":\"en-US\",\"@id\":\"https:\/\/defensanews.com\/#\/schema\/logo\/image\/\",\"url\":\"https:\/\/defensanews.com\/wp-content\/uploads\/2025\/05\/DN-1200.jpg\",\"contentUrl\":\"https:\/\/defensanews.com\/wp-content\/uploads\/2025\/05\/DN-1200.jpg\",\"width\":1200,\"height\":675,\"caption\":\"Leonardo Network S.r.l.\"},\"image\":{\"@id\":\"https:\/\/defensanews.com\/#\/schema\/logo\/image\/\"},\"sameAs\":[\"https:\/\/www.facebook.com\/defensanewscom\/\",\"https:\/\/www.instagram.com\/defensanews\/\"],\"description\":\"DEFENSANEWS.COM, la plataforma digital independiente dedicada a las noticias sobre defensa y seguridad de Espa\u00f1a, Am\u00e9rica Latina y Estados Unidos.\",\"email\":\"info@defensanews.com\",\"telephone\":\"05661966359\",\"legalName\":\"Leonardo Network S.r.l.\",\"foundingDate\":\"2024-05-11\",\"vatID\":\"IT01749180533\",\"numberOfEmployees\":{\"@type\":\"QuantitativeValue\",\"minValue\":\"1\",\"maxValue\":\"10\"},\"publishingPrinciples\":\"https:\/\/defensanews.com\/terminos-y-condiciones\/\"},{\"@type\":\"Person\",\"@id\":\"https:\/\/defensanews.com\/#\/schema\/person\/d371c69fc541b938db26187937f0c11a\",\"name\":\"Defensa News\",\"image\":{\"@type\":\"ImageObject\",\"inLanguage\":\"en-US\",\"@id\":\"https:\/\/defensanews.com\/#\/schema\/person\/image\/\",\"url\":\"https:\/\/defensanews.com\/wp-content\/uploads\/2025\/05\/cropped-Untitled-9-150x150.jpg\",\"contentUrl\":\"https:\/\/defensanews.com\/wp-content\/uploads\/2025\/05\/cropped-Untitled-9-150x150.jpg\",\"caption\":\"Defensa News\"},\"sameAs\":[\"https:\/\/defensanews.com\"],\"url\":\"https:\/\/defensanews.com\/en\/author\/defensanews\/\"}]}<\/script>\n<!-- \/ Yoast SEO Premium plugin. -->","yoast_head_json":{"title":"Familiares y autoridades agradecen labor de la Marina de Guerra y el Ministerio de Defensa en el rescate de pescadores en Pisco","robots":{"index":"index","follow":"follow","max-snippet":"max-snippet:-1","max-image-preview":"max-image-preview:large","max-video-preview":"max-video-preview:-1"},"canonical":"https:\/\/defensanews.com\/en\/family-members-and-authorities-thank-navy-and-ministry-of-defense-for-their-work-in-the-rescue-of-fishermen-in-pisco\/","og_locale":"en_US","og_type":"article","og_title":"Familiares y autoridades agradecen labor de la Marina de Guerra y el Ministerio de Defensa en el rescate de pescadores en Pisco","og_description":"El exitoso operativo reafirma el compromiso institucional con la seguridad mar\u00edtima y la protecci\u00f3n de la vida humana. Rescate coordinado tras varios d\u00edas de b\u00fasqueda Diez pescadores lambayecanos fueron rescatados con \u00e9xito frente a la costa de Pisco, gracias a una operaci\u00f3n liderada por la Marina de Guerra del Per\u00fa, con el respaldo del Ministerio [&hellip;]","og_url":"https:\/\/defensanews.com\/en\/family-members-and-authorities-thank-navy-and-ministry-of-defense-for-their-work-in-the-rescue-of-fishermen-in-pisco\/","og_site_name":"NOTICIAS DEFENSA, GEOPOL\u00cdTICA Y SEGURIDAD","article_publisher":"https:\/\/www.facebook.com\/defensanewscom\/","article_published_time":"2025-06-12T10:23:08+00:00","article_modified_time":"2025-06-12T10:23:10+00:00","og_image":[{"width":918,"height":516,"url":"https:\/\/defensanews.com\/wp-content\/uploads\/2025\/06\/1186203-1.jpeg","type":"image\/jpeg"}],"author":"Defensa News","twitter_card":"summary_large_image","twitter_misc":{"Written by":"Defensa News","Est. reading time":"2 minutes"},"schema":{"@context":"https:\/\/schema.org","@graph":[{"@type":"NewsArticle","@id":"https:\/\/defensanews.com\/familiares-y-autoridades-agradecen-labor-de-la-marina-de-guerra-y-el-ministerio-de-defensa-en-el-rescate-de-pescadores-en-pisco\/#article","isPartOf":{"@id":"https:\/\/defensanews.com\/familiares-y-autoridades-agradecen-labor-de-la-marina-de-guerra-y-el-ministerio-de-defensa-en-el-rescate-de-pescadores-en-pisco\/"},"author":{"name":"Defensa News","@id":"https:\/\/defensanews.com\/#\/schema\/person\/d371c69fc541b938db26187937f0c11a"},"headline":"Familiares y autoridades agradecen labor de la Marina de Guerra y el Ministerio de Defensa en el rescate de pescadores en Pisco","datePublished":"2025-06-12T10:23:08+00:00","dateModified":"2025-06-12T10:23:10+00:00","mainEntityOfPage":{"@id":"https:\/\/defensanews.com\/familiares-y-autoridades-agradecen-labor-de-la-marina-de-guerra-y-el-ministerio-de-defensa-en-el-rescate-de-pescadores-en-pisco\/"},"wordCount":408,"commentCount":0,"publisher":{"@id":"https:\/\/defensanews.com\/#organization"},"image":{"@id":"https:\/\/defensanews.com\/familiares-y-autoridades-agradecen-labor-de-la-marina-de-guerra-y-el-ministerio-de-defensa-en-el-rescate-de-pescadores-en-pisco\/#primaryimage"},"thumbnailUrl":"https:\/\/defensanews.com\/wp-content\/uploads\/2025\/06\/1186203-1.jpeg","keywords":["Marina de Guerra del Per\u00fa","Per\u00fa","seguridad mar\u00edtima"],"articleSection":["Am\u00e9rica Latina"],"inLanguage":"en-US","potentialAction":[{"@type":"CommentAction","name":"Comment","target":["https:\/\/defensanews.com\/familiares-y-autoridades-agradecen-labor-de-la-marina-de-guerra-y-el-ministerio-de-defensa-en-el-rescate-de-pescadores-en-pisco\/#respond"]}],"copyrightYear":"2025","copyrightHolder":{"@id":"https:\/\/defensanews.com\/en\/#organization"}},{"@type":["WebPage","ItemPage"],"@id":"https:\/\/defensanews.com\/familiares-y-autoridades-agradecen-labor-de-la-marina-de-guerra-y-el-ministerio-de-defensa-en-el-rescate-de-pescadores-en-pisco\/","url":"https:\/\/defensanews.com\/familiares-y-autoridades-agradecen-labor-de-la-marina-de-guerra-y-el-ministerio-de-defensa-en-el-rescate-de-pescadores-en-pisco\/","name":"Familiares y autoridades agradecen labor de la Marina de Guerra y el Ministerio de Defensa en el rescate de pescadores en Pisco","isPartOf":{"@id":"https:\/\/defensanews.com\/#website"},"primaryImageOfPage":{"@id":"https:\/\/defensanews.com\/familiares-y-autoridades-agradecen-labor-de-la-marina-de-guerra-y-el-ministerio-de-defensa-en-el-rescate-de-pescadores-en-pisco\/#primaryimage"},"image":{"@id":"https:\/\/defensanews.com\/familiares-y-autoridades-agradecen-labor-de-la-marina-de-guerra-y-el-ministerio-de-defensa-en-el-rescate-de-pescadores-en-pisco\/#primaryimage"},"thumbnailUrl":"https:\/\/defensanews.com\/wp-content\/uploads\/2025\/06\/1186203-1.jpeg","datePublished":"2025-06-12T10:23:08+00:00","dateModified":"2025-06-12T10:23:10+00:00","breadcrumb":{"@id":"https:\/\/defensanews.com\/familiares-y-autoridades-agradecen-labor-de-la-marina-de-guerra-y-el-ministerio-de-defensa-en-el-rescate-de-pescadores-en-pisco\/#breadcrumb"},"inLanguage":"en-US","potentialAction":[{"@type":"ReadAction","target":["https:\/\/defensanews.com\/familiares-y-autoridades-agradecen-labor-de-la-marina-de-guerra-y-el-ministerio-de-defensa-en-el-rescate-de-pescadores-en-pisco\/"]}]},{"@type":"ImageObject","inLanguage":"en-US","@id":"https:\/\/defensanews.com\/familiares-y-autoridades-agradecen-labor-de-la-marina-de-guerra-y-el-ministerio-de-defensa-en-el-rescate-de-pescadores-en-pisco\/#primaryimage","url":"https:\/\/defensanews.com\/wp-content\/uploads\/2025\/06\/1186203-1.jpeg","contentUrl":"https:\/\/defensanews.com\/wp-content\/uploads\/2025\/06\/1186203-1.jpeg","width":918,"height":516,"caption":"Familiares y autoridades agradecen labor de la Marina de Guerra y el Ministerio de Defensa en el rescate de pescadores en Pisco - DEFENSANEWS.COM - Noticias defensa y seguridad"},{"@type":"BreadcrumbList","@id":"https:\/\/defensanews.com\/familiares-y-autoridades-agradecen-labor-de-la-marina-de-guerra-y-el-ministerio-de-defensa-en-el-rescate-de-pescadores-en-pisco\/#breadcrumb","itemListElement":[{"@type":"ListItem","position":1,"name":"Portada","item":"https:\/\/defensanews.com\/"},{"@type":"ListItem","position":2,"name":"Familiares y autoridades agradecen labor de la Marina de Guerra y el Ministerio de Defensa en el rescate de pescadores en Pisco"}]},{"@type":"WebSite","@id":"https:\/\/defensanews.com\/#website","url":"https:\/\/defensanews.com\/","name":"NOTICIAS DEFENSA Y SEGURIDAD","description":"DEFENSA NEWS","publisher":{"@id":"https:\/\/defensanews.com\/#organization"},"alternateName":"DEFENSANEWS.COM","potentialAction":[{"@type":"SearchAction","target":{"@type":"EntryPoint","urlTemplate":"https:\/\/defensanews.com\/?s={search_term_string}"},"query-input":{"@type":"PropertyValueSpecification","valueRequired":true,"valueName":"search_term_string"}}],"inLanguage":"en-US"},{"@type":"Organization","@id":"https:\/\/defensanews.com\/#organization","name":"Leonardo Network S.r.l.","alternateName":"Leonardo Network S.r.l.","url":"https:\/\/defensanews.com\/","logo":{"@type":"ImageObject","inLanguage":"en-US","@id":"https:\/\/defensanews.com\/#\/schema\/logo\/image\/","url":"https:\/\/defensanews.com\/wp-content\/uploads\/2025\/05\/DN-1200.jpg","contentUrl":"https:\/\/defensanews.com\/wp-content\/uploads\/2025\/05\/DN-1200.jpg","width":1200,"height":675,"caption":"Leonardo Network S.r.l."},"image":{"@id":"https:\/\/defensanews.com\/#\/schema\/logo\/image\/"},"sameAs":["https:\/\/www.facebook.com\/defensanewscom\/","https:\/\/www.instagram.com\/defensanews\/"],"description":"DEFENSANEWS.COM, la plataforma digital independiente dedicada a las noticias sobre defensa y seguridad de Espa\u00f1a, Am\u00e9rica Latina y Estados Unidos.","email":"info@defensanews.com","telephone":"05661966359","legalName":"Leonardo Network S.r.l.","foundingDate":"2024-05-11","vatID":"IT01749180533","numberOfEmployees":{"@type":"QuantitativeValue","minValue":"1","maxValue":"10"},"publishingPrinciples":"https:\/\/defensanews.com\/terminos-y-condiciones\/"},{"@type":"Person","@id":"https:\/\/defensanews.com\/#\/schema\/person\/d371c69fc541b938db26187937f0c11a","name":"Defensa News","image":{"@type":"ImageObject","inLanguage":"en-US","@id":"https:\/\/defensanews.com\/#\/schema\/person\/image\/","url":"https:\/\/defensanews.com\/wp-content\/uploads\/2025\/05\/cropped-Untitled-9-150x150.jpg","contentUrl":"https:\/\/defensanews.com\/wp-content\/uploads\/2025\/05\/cropped-Untitled-9-150x150.jpg","caption":"Defensa News"},"sameAs":["https:\/\/defensanews.com"],"url":"https:\/\/defensanews.com\/en\/author\/defensanews\/"}]}},"_links":{"self":[{"href":"https:\/\/defensanews.com\/en\/wp-json\/wp\/v2\/posts\/2395","targetHints":{"allow":["GET"]}}],"collection":[{"href":"https:\/\/defensanews.com\/en\/wp-json\/wp\/v2\/posts"}],"about":[{"href":"https:\/\/defensanews.com\/en\/wp-json\/wp\/v2\/types\/post"}],"author":[{"embeddable":true,"href":"https:\/\/defensanews.com\/en\/wp-json\/wp\/v2\/users\/1"}],"replies":[{"embeddable":true,"href":"https:\/\/defensanews.com\/en\/wp-json\/wp\/v2\/comments?post=2395"}],"version-history":[{"count":2,"href":"https:\/\/defensanews.com\/en\/wp-json\/wp\/v2\/posts\/2395\/revisions"}],"predecessor-version":[{"id":2398,"href":"https:\/\/defensanews.com\/en\/wp-json\/wp\/v2\/posts\/2395\/revisions\/2398"}],"wp:featuredmedia":[{"embeddable":true,"href":"https:\/\/defensanews.com\/en\/wp-json\/wp\/v2\/media\/2396"}],"wp:attachment":[{"href":"https:\/\/defensanews.com\/en\/wp-json\/wp\/v2\/media?parent=2395"}],"wp:term":[{"taxonomy":"category","embeddable":true,"href":"https:\/\/defensanews.com\/en\/wp-json\/wp\/v2\/categories?post=2395"},{"taxonomy":"post_tag","embeddable":true,"href":"https:\/\/defensanews.com\/en\/wp-json\/wp\/v2\/tags?post=2395"}],"curies":[{"name":"wp","href":"https:\/\/api.w.org\/{rel}","templated":true}]}}