{"id":2460,"date":"2025-06-18T11:03:59","date_gmt":"2025-06-18T09:03:59","guid":{"rendered":"https:\/\/defensanews.com\/?p=2460"},"modified":"2025-06-18T11:04:02","modified_gmt":"2025-06-18T09:04:02","slug":"ecuador-fortalece-su-lucha-contra-el-cancer-defensa-inaugura-area-de-radioterapia-de-ultima-generacion-para-militares-y-civiles","status":"publish","type":"post","link":"https:\/\/defensanews.com\/en\/ecuador-strengthens-its-fight-against-cancer-defense-inaugurates-state-of-the-art-radiotherapy-area-for-military-and-civilians\/","title":{"rendered":"Ecuador strengthens its fight against cancer: Defense inaugurates state-of-the-art radiotherapy area for military and civilians"},"content":{"rendered":"<p>The Hospital de Especialidades de las Fuerzas Armadas No. 1 becomes a national reference with advanced technology for oncology treatment.<\/p>\n\n\n\n<p>In an official ceremony headed by the Minister of National Defense, Gian Carlo Loffredo, the new and modernized radiotherapy area of the Armed Forces Specialties Hospital No. 1 was inaugurated, a milestone in specialized medical care in the country. This unit becomes the only one in the Ecuadorian public health network with state-of-the-art technology for cancer treatment, benefiting more than 6 million people.<\/p>\n\n\n\n<h3 class=\"wp-block-heading\" id=\"h-tecnologia-al-servicio-de-la-vida\">Technology in the service of life<\/h3>\n\n\n\n<p>The project, promoted with the support of the National Government led by President Daniel Noboa, and through the Project for Access and Improvement of the Quality of Radiotherapy Treatment, has provided the hospital with equipment such as linear accelerators, integration of magnetic resonance imaging, SPECT, CT simulator and the Identify system for precise localization of treatment.<\/p>\n\n\n\n<p>These state-of-the-art tools improve therapeutic efficacy, reduce side effects and allow critical areas to be targeted with greater precision, significantly increasing recovery rates for both military and civilian patients.<\/p>\n\n\n\n<h3 class=\"wp-block-heading\" id=\"h-defensa-tambien-es-cuidar\">Defense is also caring<\/h3>\n\n\n\n<p>During his speech, Minister Loffredo stressed that this advance is not only a technical improvement, but a concrete expression of the Defense sector's commitment to the integral well-being of the Armed Forces and society. \"The defense of a country does not begin or end on the battlefield. It begins in hospitals, in homes, in the hearts of those who never give up,\" he said.<\/p>\n\n\n\n<p>The project not only benefits military personnel, but also users of the national health system: ISSFA, ISSPOL, IESS, SOLCA and hospitals of the Ministry of Public Health.<\/p>\n\n\n\n<h3 class=\"wp-block-heading\" id=\"h-innovacion-en-tratamientos-contra-el-cancer\">Innovation in cancer treatments<\/h3>\n\n\n\n<p>Among the techniques available are intensity-modulated radiation therapy (IMRT), volumetric modulated arc radiation therapy (VMAT), image-guided radiation therapy (IGRT), as well as advanced 3D and 4D planning systems, artificial intelligence and virtual reality applied to cancer treatment. The new unit is also equipped to offer therapies such as stereotactic radiotherapy and real-time adaptive treatments.<\/p>\n\n\n\n<p>It is estimated that more than 200,000 patients will benefit directly from this medical infrastructure, which positions Ecuador at the forefront of public cancer care.<\/p>","protected":false},"excerpt":{"rendered":"<p>The Armed Forces Specialties Hospital No. 1 becomes a national reference with advanced technology for oncology treatment. In an official ceremony headed by the Minister of National Defense, Gian Carlo Loffredo, the new and modernized radiotherapy area of the Hospital de Especialidades de las Fuerzas Armadas N.1 was inaugurated, [...]<\/p>","protected":false},"author":1,"featured_media":2461,"comment_status":"open","ping_status":"open","sticky":false,"template":"","format":"standard","meta":{"_acf_changed":false,"footnotes":""},"categories":[2],"tags":[234,313,312],"class_list":["post-2460","post","type-post","status-publish","format-standard","has-post-thumbnail","hentry","category-america-latina","tag-ecuador","tag-luchacontraelcancer","tag-saludmilitar"],"acf":[],"yoast_head":"<!-- This site is optimized with the Yoast SEO Premium plugin v25.0 (Yoast SEO v25.0) - https:\/\/yoast.com\/wordpress\/plugins\/seo\/ -->\n<title>Ecuador fortalece su lucha contra el c\u00e1ncer: Defensa inaugura \u00e1rea de radioterapia de \u00faltima generaci\u00f3n para militares y civiles<\/title>\n<meta name=\"robots\" content=\"index, follow, max-snippet:-1, max-image-preview:large, max-video-preview:-1\" \/>\n<link rel=\"canonical\" href=\"https:\/\/defensanews.com\/en\/ecuador-strengthens-its-fight-against-cancer-defense-inaugurates-state-of-the-art-radiotherapy-area-for-military-and-civilians\/\" \/>\n<meta property=\"og:locale\" content=\"en_US\" \/>\n<meta property=\"og:type\" content=\"article\" \/>\n<meta property=\"og:title\" content=\"Ecuador fortalece su lucha contra el c\u00e1ncer: Defensa inaugura \u00e1rea de radioterapia de \u00faltima generaci\u00f3n para militares y civiles\" \/>\n<meta property=\"og:description\" content=\"El Hospital de Especialidades de las Fuerzas Armadas N.\u00ba 1 se convierte en referente nacional con tecnolog\u00eda avanzada para el tratamiento oncol\u00f3gico. En un acto oficial encabezado por el ministro de Defensa Nacional, Gian Carlo Loffredo, se inaugur\u00f3 la nueva y modernizada \u00e1rea de radioterapia del Hospital de Especialidades de las Fuerzas Armadas N.\u00ba 1, [&hellip;]\" \/>\n<meta property=\"og:url\" content=\"https:\/\/defensanews.com\/en\/ecuador-strengthens-its-fight-against-cancer-defense-inaugurates-state-of-the-art-radiotherapy-area-for-military-and-civilians\/\" \/>\n<meta property=\"og:site_name\" content=\"NOTICIAS DEFENSA, GEOPOL\u00cdTICA Y SEGURIDAD\" \/>\n<meta property=\"article:publisher\" content=\"https:\/\/www.facebook.com\/defensanewscom\/\" \/>\n<meta property=\"article:published_time\" content=\"2025-06-18T09:03:59+00:00\" \/>\n<meta property=\"article:modified_time\" content=\"2025-06-18T09:04:02+00:00\" \/>\n<meta property=\"og:image\" content=\"https:\/\/defensanews.com\/wp-content\/uploads\/2025\/06\/web-ec-1.jpg\" \/>\n\t<meta property=\"og:image:width\" content=\"1200\" \/>\n\t<meta property=\"og:image:height\" content=\"800\" \/>\n\t<meta property=\"og:image:type\" content=\"image\/jpeg\" \/>\n<meta name=\"author\" content=\"Defensa News\" \/>\n<meta name=\"twitter:card\" content=\"summary_large_image\" \/>\n<meta name=\"twitter:label1\" content=\"Written by\" \/>\n\t<meta name=\"twitter:data1\" content=\"Defensa News\" \/>\n\t<meta name=\"twitter:label2\" content=\"Est. reading time\" \/>\n\t<meta name=\"twitter:data2\" content=\"2 minutes\" \/>\n<script type=\"application\/ld+json\" class=\"yoast-schema-graph\">{\"@context\":\"https:\/\/schema.org\",\"@graph\":[{\"@type\":\"NewsArticle\",\"@id\":\"https:\/\/defensanews.com\/ecuador-fortalece-su-lucha-contra-el-cancer-defensa-inaugura-area-de-radioterapia-de-ultima-generacion-para-militares-y-civiles\/#article\",\"isPartOf\":{\"@id\":\"https:\/\/defensanews.com\/ecuador-fortalece-su-lucha-contra-el-cancer-defensa-inaugura-area-de-radioterapia-de-ultima-generacion-para-militares-y-civiles\/\"},\"author\":{\"name\":\"Defensa News\",\"@id\":\"https:\/\/defensanews.com\/#\/schema\/person\/d371c69fc541b938db26187937f0c11a\"},\"headline\":\"Ecuador fortalece su lucha contra el c\u00e1ncer: Defensa inaugura \u00e1rea de radioterapia de \u00faltima generaci\u00f3n para militares y civiles\",\"datePublished\":\"2025-06-18T09:03:59+00:00\",\"dateModified\":\"2025-06-18T09:04:02+00:00\",\"mainEntityOfPage\":{\"@id\":\"https:\/\/defensanews.com\/ecuador-fortalece-su-lucha-contra-el-cancer-defensa-inaugura-area-de-radioterapia-de-ultima-generacion-para-militares-y-civiles\/\"},\"wordCount\":445,\"commentCount\":0,\"publisher\":{\"@id\":\"https:\/\/defensanews.com\/#organization\"},\"image\":{\"@id\":\"https:\/\/defensanews.com\/ecuador-fortalece-su-lucha-contra-el-cancer-defensa-inaugura-area-de-radioterapia-de-ultima-generacion-para-militares-y-civiles\/#primaryimage\"},\"thumbnailUrl\":\"https:\/\/defensanews.com\/wp-content\/uploads\/2025\/06\/web-ec-1.jpg\",\"keywords\":[\"Ecuador\",\"LuchaContraElC\u00e1ncer\",\"SaludMilitar\"],\"articleSection\":[\"Am\u00e9rica Latina\"],\"inLanguage\":\"en-US\",\"potentialAction\":[{\"@type\":\"CommentAction\",\"name\":\"Comment\",\"target\":[\"https:\/\/defensanews.com\/ecuador-fortalece-su-lucha-contra-el-cancer-defensa-inaugura-area-de-radioterapia-de-ultima-generacion-para-militares-y-civiles\/#respond\"]}],\"copyrightYear\":\"2025\",\"copyrightHolder\":{\"@id\":\"https:\/\/defensanews.com\/en\/#organization\"}},{\"@type\":[\"WebPage\",\"ItemPage\"],\"@id\":\"https:\/\/defensanews.com\/ecuador-fortalece-su-lucha-contra-el-cancer-defensa-inaugura-area-de-radioterapia-de-ultima-generacion-para-militares-y-civiles\/\",\"url\":\"https:\/\/defensanews.com\/ecuador-fortalece-su-lucha-contra-el-cancer-defensa-inaugura-area-de-radioterapia-de-ultima-generacion-para-militares-y-civiles\/\",\"name\":\"Ecuador fortalece su lucha contra el c\u00e1ncer: Defensa inaugura \u00e1rea de radioterapia de \u00faltima generaci\u00f3n para militares y civiles\",\"isPartOf\":{\"@id\":\"https:\/\/defensanews.com\/#website\"},\"primaryImageOfPage\":{\"@id\":\"https:\/\/defensanews.com\/ecuador-fortalece-su-lucha-contra-el-cancer-defensa-inaugura-area-de-radioterapia-de-ultima-generacion-para-militares-y-civiles\/#primaryimage\"},\"image\":{\"@id\":\"https:\/\/defensanews.com\/ecuador-fortalece-su-lucha-contra-el-cancer-defensa-inaugura-area-de-radioterapia-de-ultima-generacion-para-militares-y-civiles\/#primaryimage\"},\"thumbnailUrl\":\"https:\/\/defensanews.com\/wp-content\/uploads\/2025\/06\/web-ec-1.jpg\",\"datePublished\":\"2025-06-18T09:03:59+00:00\",\"dateModified\":\"2025-06-18T09:04:02+00:00\",\"breadcrumb\":{\"@id\":\"https:\/\/defensanews.com\/ecuador-fortalece-su-lucha-contra-el-cancer-defensa-inaugura-area-de-radioterapia-de-ultima-generacion-para-militares-y-civiles\/#breadcrumb\"},\"inLanguage\":\"en-US\",\"potentialAction\":[{\"@type\":\"ReadAction\",\"target\":[\"https:\/\/defensanews.com\/ecuador-fortalece-su-lucha-contra-el-cancer-defensa-inaugura-area-de-radioterapia-de-ultima-generacion-para-militares-y-civiles\/\"]}]},{\"@type\":\"ImageObject\",\"inLanguage\":\"en-US\",\"@id\":\"https:\/\/defensanews.com\/ecuador-fortalece-su-lucha-contra-el-cancer-defensa-inaugura-area-de-radioterapia-de-ultima-generacion-para-militares-y-civiles\/#primaryimage\",\"url\":\"https:\/\/defensanews.com\/wp-content\/uploads\/2025\/06\/web-ec-1.jpg\",\"contentUrl\":\"https:\/\/defensanews.com\/wp-content\/uploads\/2025\/06\/web-ec-1.jpg\",\"width\":1200,\"height\":800,\"caption\":\"Borrador autom\u00e1tico - DEFENSANEWS.COM - Noticias defensa y seguridad\"},{\"@type\":\"BreadcrumbList\",\"@id\":\"https:\/\/defensanews.com\/ecuador-fortalece-su-lucha-contra-el-cancer-defensa-inaugura-area-de-radioterapia-de-ultima-generacion-para-militares-y-civiles\/#breadcrumb\",\"itemListElement\":[{\"@type\":\"ListItem\",\"position\":1,\"name\":\"Portada\",\"item\":\"https:\/\/defensanews.com\/\"},{\"@type\":\"ListItem\",\"position\":2,\"name\":\"Ecuador fortalece su lucha contra el c\u00e1ncer: Defensa inaugura \u00e1rea de radioterapia de \u00faltima generaci\u00f3n para militares y civiles\"}]},{\"@type\":\"WebSite\",\"@id\":\"https:\/\/defensanews.com\/#website\",\"url\":\"https:\/\/defensanews.com\/\",\"name\":\"NOTICIAS DEFENSA Y SEGURIDAD\",\"description\":\"DEFENSA NEWS\",\"publisher\":{\"@id\":\"https:\/\/defensanews.com\/#organization\"},\"alternateName\":\"DEFENSANEWS.COM\",\"potentialAction\":[{\"@type\":\"SearchAction\",\"target\":{\"@type\":\"EntryPoint\",\"urlTemplate\":\"https:\/\/defensanews.com\/?s={search_term_string}\"},\"query-input\":{\"@type\":\"PropertyValueSpecification\",\"valueRequired\":true,\"valueName\":\"search_term_string\"}}],\"inLanguage\":\"en-US\"},{\"@type\":\"Organization\",\"@id\":\"https:\/\/defensanews.com\/#organization\",\"name\":\"Leonardo Network S.r.l.\",\"alternateName\":\"Leonardo Network S.r.l.\",\"url\":\"https:\/\/defensanews.com\/\",\"logo\":{\"@type\":\"ImageObject\",\"inLanguage\":\"en-US\",\"@id\":\"https:\/\/defensanews.com\/#\/schema\/logo\/image\/\",\"url\":\"https:\/\/defensanews.com\/wp-content\/uploads\/2025\/05\/DN-1200.jpg\",\"contentUrl\":\"https:\/\/defensanews.com\/wp-content\/uploads\/2025\/05\/DN-1200.jpg\",\"width\":1200,\"height\":675,\"caption\":\"Leonardo Network S.r.l.\"},\"image\":{\"@id\":\"https:\/\/defensanews.com\/#\/schema\/logo\/image\/\"},\"sameAs\":[\"https:\/\/www.facebook.com\/defensanewscom\/\",\"https:\/\/www.instagram.com\/defensanews\/\"],\"description\":\"DEFENSANEWS.COM, la plataforma digital independiente dedicada a las noticias sobre defensa y seguridad de Espa\u00f1a, Am\u00e9rica Latina y Estados Unidos.\",\"email\":\"info@defensanews.com\",\"telephone\":\"05661966359\",\"legalName\":\"Leonardo Network S.r.l.\",\"foundingDate\":\"2024-05-11\",\"vatID\":\"IT01749180533\",\"numberOfEmployees\":{\"@type\":\"QuantitativeValue\",\"minValue\":\"1\",\"maxValue\":\"10\"},\"publishingPrinciples\":\"https:\/\/defensanews.com\/terminos-y-condiciones\/\"},{\"@type\":\"Person\",\"@id\":\"https:\/\/defensanews.com\/#\/schema\/person\/d371c69fc541b938db26187937f0c11a\",\"name\":\"Defensa News\",\"image\":{\"@type\":\"ImageObject\",\"inLanguage\":\"en-US\",\"@id\":\"https:\/\/defensanews.com\/#\/schema\/person\/image\/\",\"url\":\"https:\/\/defensanews.com\/wp-content\/uploads\/2025\/05\/cropped-Untitled-9-150x150.jpg\",\"contentUrl\":\"https:\/\/defensanews.com\/wp-content\/uploads\/2025\/05\/cropped-Untitled-9-150x150.jpg\",\"caption\":\"Defensa News\"},\"sameAs\":[\"https:\/\/defensanews.com\"],\"url\":\"https:\/\/defensanews.com\/en\/author\/defensanews\/\"}]}<\/script>\n<!-- \/ Yoast SEO Premium plugin. -->","yoast_head_json":{"title":"Ecuador fortalece su lucha contra el c\u00e1ncer: Defensa inaugura \u00e1rea de radioterapia de \u00faltima generaci\u00f3n para militares y civiles","robots":{"index":"index","follow":"follow","max-snippet":"max-snippet:-1","max-image-preview":"max-image-preview:large","max-video-preview":"max-video-preview:-1"},"canonical":"https:\/\/defensanews.com\/en\/ecuador-strengthens-its-fight-against-cancer-defense-inaugurates-state-of-the-art-radiotherapy-area-for-military-and-civilians\/","og_locale":"en_US","og_type":"article","og_title":"Ecuador fortalece su lucha contra el c\u00e1ncer: Defensa inaugura \u00e1rea de radioterapia de \u00faltima generaci\u00f3n para militares y civiles","og_description":"El Hospital de Especialidades de las Fuerzas Armadas N.\u00ba 1 se convierte en referente nacional con tecnolog\u00eda avanzada para el tratamiento oncol\u00f3gico. En un acto oficial encabezado por el ministro de Defensa Nacional, Gian Carlo Loffredo, se inaugur\u00f3 la nueva y modernizada \u00e1rea de radioterapia del Hospital de Especialidades de las Fuerzas Armadas N.\u00ba 1, [&hellip;]","og_url":"https:\/\/defensanews.com\/en\/ecuador-strengthens-its-fight-against-cancer-defense-inaugurates-state-of-the-art-radiotherapy-area-for-military-and-civilians\/","og_site_name":"NOTICIAS DEFENSA, GEOPOL\u00cdTICA Y SEGURIDAD","article_publisher":"https:\/\/www.facebook.com\/defensanewscom\/","article_published_time":"2025-06-18T09:03:59+00:00","article_modified_time":"2025-06-18T09:04:02+00:00","og_image":[{"width":1200,"height":800,"url":"https:\/\/defensanews.com\/wp-content\/uploads\/2025\/06\/web-ec-1.jpg","type":"image\/jpeg"}],"author":"Defensa News","twitter_card":"summary_large_image","twitter_misc":{"Written by":"Defensa News","Est. reading time":"2 minutes"},"schema":{"@context":"https:\/\/schema.org","@graph":[{"@type":"NewsArticle","@id":"https:\/\/defensanews.com\/ecuador-fortalece-su-lucha-contra-el-cancer-defensa-inaugura-area-de-radioterapia-de-ultima-generacion-para-militares-y-civiles\/#article","isPartOf":{"@id":"https:\/\/defensanews.com\/ecuador-fortalece-su-lucha-contra-el-cancer-defensa-inaugura-area-de-radioterapia-de-ultima-generacion-para-militares-y-civiles\/"},"author":{"name":"Defensa News","@id":"https:\/\/defensanews.com\/#\/schema\/person\/d371c69fc541b938db26187937f0c11a"},"headline":"Ecuador fortalece su lucha contra el c\u00e1ncer: Defensa inaugura \u00e1rea de radioterapia de \u00faltima generaci\u00f3n para militares y civiles","datePublished":"2025-06-18T09:03:59+00:00","dateModified":"2025-06-18T09:04:02+00:00","mainEntityOfPage":{"@id":"https:\/\/defensanews.com\/ecuador-fortalece-su-lucha-contra-el-cancer-defensa-inaugura-area-de-radioterapia-de-ultima-generacion-para-militares-y-civiles\/"},"wordCount":445,"commentCount":0,"publisher":{"@id":"https:\/\/defensanews.com\/#organization"},"image":{"@id":"https:\/\/defensanews.com\/ecuador-fortalece-su-lucha-contra-el-cancer-defensa-inaugura-area-de-radioterapia-de-ultima-generacion-para-militares-y-civiles\/#primaryimage"},"thumbnailUrl":"https:\/\/defensanews.com\/wp-content\/uploads\/2025\/06\/web-ec-1.jpg","keywords":["Ecuador","LuchaContraElC\u00e1ncer","SaludMilitar"],"articleSection":["Am\u00e9rica Latina"],"inLanguage":"en-US","potentialAction":[{"@type":"CommentAction","name":"Comment","target":["https:\/\/defensanews.com\/ecuador-fortalece-su-lucha-contra-el-cancer-defensa-inaugura-area-de-radioterapia-de-ultima-generacion-para-militares-y-civiles\/#respond"]}],"copyrightYear":"2025","copyrightHolder":{"@id":"https:\/\/defensanews.com\/en\/#organization"}},{"@type":["WebPage","ItemPage"],"@id":"https:\/\/defensanews.com\/ecuador-fortalece-su-lucha-contra-el-cancer-defensa-inaugura-area-de-radioterapia-de-ultima-generacion-para-militares-y-civiles\/","url":"https:\/\/defensanews.com\/ecuador-fortalece-su-lucha-contra-el-cancer-defensa-inaugura-area-de-radioterapia-de-ultima-generacion-para-militares-y-civiles\/","name":"Ecuador fortalece su lucha contra el c\u00e1ncer: Defensa inaugura \u00e1rea de radioterapia de \u00faltima generaci\u00f3n para militares y civiles","isPartOf":{"@id":"https:\/\/defensanews.com\/#website"},"primaryImageOfPage":{"@id":"https:\/\/defensanews.com\/ecuador-fortalece-su-lucha-contra-el-cancer-defensa-inaugura-area-de-radioterapia-de-ultima-generacion-para-militares-y-civiles\/#primaryimage"},"image":{"@id":"https:\/\/defensanews.com\/ecuador-fortalece-su-lucha-contra-el-cancer-defensa-inaugura-area-de-radioterapia-de-ultima-generacion-para-militares-y-civiles\/#primaryimage"},"thumbnailUrl":"https:\/\/defensanews.com\/wp-content\/uploads\/2025\/06\/web-ec-1.jpg","datePublished":"2025-06-18T09:03:59+00:00","dateModified":"2025-06-18T09:04:02+00:00","breadcrumb":{"@id":"https:\/\/defensanews.com\/ecuador-fortalece-su-lucha-contra-el-cancer-defensa-inaugura-area-de-radioterapia-de-ultima-generacion-para-militares-y-civiles\/#breadcrumb"},"inLanguage":"en-US","potentialAction":[{"@type":"ReadAction","target":["https:\/\/defensanews.com\/ecuador-fortalece-su-lucha-contra-el-cancer-defensa-inaugura-area-de-radioterapia-de-ultima-generacion-para-militares-y-civiles\/"]}]},{"@type":"ImageObject","inLanguage":"en-US","@id":"https:\/\/defensanews.com\/ecuador-fortalece-su-lucha-contra-el-cancer-defensa-inaugura-area-de-radioterapia-de-ultima-generacion-para-militares-y-civiles\/#primaryimage","url":"https:\/\/defensanews.com\/wp-content\/uploads\/2025\/06\/web-ec-1.jpg","contentUrl":"https:\/\/defensanews.com\/wp-content\/uploads\/2025\/06\/web-ec-1.jpg","width":1200,"height":800,"caption":"Borrador autom\u00e1tico - DEFENSANEWS.COM - Noticias defensa y seguridad"},{"@type":"BreadcrumbList","@id":"https:\/\/defensanews.com\/ecuador-fortalece-su-lucha-contra-el-cancer-defensa-inaugura-area-de-radioterapia-de-ultima-generacion-para-militares-y-civiles\/#breadcrumb","itemListElement":[{"@type":"ListItem","position":1,"name":"Portada","item":"https:\/\/defensanews.com\/"},{"@type":"ListItem","position":2,"name":"Ecuador fortalece su lucha contra el c\u00e1ncer: Defensa inaugura \u00e1rea de radioterapia de \u00faltima generaci\u00f3n para militares y civiles"}]},{"@type":"WebSite","@id":"https:\/\/defensanews.com\/#website","url":"https:\/\/defensanews.com\/","name":"NOTICIAS DEFENSA Y SEGURIDAD","description":"DEFENSA NEWS","publisher":{"@id":"https:\/\/defensanews.com\/#organization"},"alternateName":"DEFENSANEWS.COM","potentialAction":[{"@type":"SearchAction","target":{"@type":"EntryPoint","urlTemplate":"https:\/\/defensanews.com\/?s={search_term_string}"},"query-input":{"@type":"PropertyValueSpecification","valueRequired":true,"valueName":"search_term_string"}}],"inLanguage":"en-US"},{"@type":"Organization","@id":"https:\/\/defensanews.com\/#organization","name":"Leonardo Network S.r.l.","alternateName":"Leonardo Network S.r.l.","url":"https:\/\/defensanews.com\/","logo":{"@type":"ImageObject","inLanguage":"en-US","@id":"https:\/\/defensanews.com\/#\/schema\/logo\/image\/","url":"https:\/\/defensanews.com\/wp-content\/uploads\/2025\/05\/DN-1200.jpg","contentUrl":"https:\/\/defensanews.com\/wp-content\/uploads\/2025\/05\/DN-1200.jpg","width":1200,"height":675,"caption":"Leonardo Network S.r.l."},"image":{"@id":"https:\/\/defensanews.com\/#\/schema\/logo\/image\/"},"sameAs":["https:\/\/www.facebook.com\/defensanewscom\/","https:\/\/www.instagram.com\/defensanews\/"],"description":"DEFENSANEWS.COM, la plataforma digital independiente dedicada a las noticias sobre defensa y seguridad de Espa\u00f1a, Am\u00e9rica Latina y Estados Unidos.","email":"info@defensanews.com","telephone":"05661966359","legalName":"Leonardo Network S.r.l.","foundingDate":"2024-05-11","vatID":"IT01749180533","numberOfEmployees":{"@type":"QuantitativeValue","minValue":"1","maxValue":"10"},"publishingPrinciples":"https:\/\/defensanews.com\/terminos-y-condiciones\/"},{"@type":"Person","@id":"https:\/\/defensanews.com\/#\/schema\/person\/d371c69fc541b938db26187937f0c11a","name":"Defensa News","image":{"@type":"ImageObject","inLanguage":"en-US","@id":"https:\/\/defensanews.com\/#\/schema\/person\/image\/","url":"https:\/\/defensanews.com\/wp-content\/uploads\/2025\/05\/cropped-Untitled-9-150x150.jpg","contentUrl":"https:\/\/defensanews.com\/wp-content\/uploads\/2025\/05\/cropped-Untitled-9-150x150.jpg","caption":"Defensa News"},"sameAs":["https:\/\/defensanews.com"],"url":"https:\/\/defensanews.com\/en\/author\/defensanews\/"}]}},"_links":{"self":[{"href":"https:\/\/defensanews.com\/en\/wp-json\/wp\/v2\/posts\/2460","targetHints":{"allow":["GET"]}}],"collection":[{"href":"https:\/\/defensanews.com\/en\/wp-json\/wp\/v2\/posts"}],"about":[{"href":"https:\/\/defensanews.com\/en\/wp-json\/wp\/v2\/types\/post"}],"author":[{"embeddable":true,"href":"https:\/\/defensanews.com\/en\/wp-json\/wp\/v2\/users\/1"}],"replies":[{"embeddable":true,"href":"https:\/\/defensanews.com\/en\/wp-json\/wp\/v2\/comments?post=2460"}],"version-history":[{"count":2,"href":"https:\/\/defensanews.com\/en\/wp-json\/wp\/v2\/posts\/2460\/revisions"}],"predecessor-version":[{"id":2463,"href":"https:\/\/defensanews.com\/en\/wp-json\/wp\/v2\/posts\/2460\/revisions\/2463"}],"wp:featuredmedia":[{"embeddable":true,"href":"https:\/\/defensanews.com\/en\/wp-json\/wp\/v2\/media\/2461"}],"wp:attachment":[{"href":"https:\/\/defensanews.com\/en\/wp-json\/wp\/v2\/media?parent=2460"}],"wp:term":[{"taxonomy":"category","embeddable":true,"href":"https:\/\/defensanews.com\/en\/wp-json\/wp\/v2\/categories?post=2460"},{"taxonomy":"post_tag","embeddable":true,"href":"https:\/\/defensanews.com\/en\/wp-json\/wp\/v2\/tags?post=2460"}],"curies":[{"name":"wp","href":"https:\/\/api.w.org\/{rel}","templated":true}]}}