{"id":2570,"date":"2025-07-08T16:45:44","date_gmt":"2025-07-08T14:45:44","guid":{"rendered":"https:\/\/defensanews.com\/?p=2570"},"modified":"2025-07-08T16:45:47","modified_gmt":"2025-07-08T14:45:47","slug":"homenaje-a-los-heroes-de-la-dana-2024-defensa-condecora-a-mas-de-30-000-efectivos","status":"publish","type":"post","link":"https:\/\/defensanews.com\/en\/tribute-to-the-heroes-of-the-dana-2024-defense-decorates-more-than-30000-troops\/","title":{"rendered":"Homage to the heroes of the DANA 2024: Defense decorates more than 30,000 soldiers"},"content":{"rendered":"<p>The Ministry of Defense has paid tribute this Monday to the thousands of military and civilian personnel who participated in the rescue and reconstruction operation after DANA 2024. In an emotional ceremony held at the Torrej\u00f3n de Ardoz air base, Minister Margarita Robles presented the commemorative medal to those deployed in Valencia, Letur and Mira (Castilla-La Mancha), the areas most affected by the natural catastrophe.<\/p>\n\n\n\n<h3 class=\"wp-block-heading\" id=\"h-un-despliegue-sin-precedentes\">Unprecedented deployment<\/h3>\n\n\n\n<p>More than 33,000 military personnel intervened in an operation that became the most extensive in our recent history. In critical moments alone, more than 8,600 troops were mobilized in a single day. The tasks included victim rescue, debris removal, water drainage, medical and psychological care, as well as logistical support and the installation of temporary bridges to restore mobility.<\/p>\n\n\n\n<h3 class=\"wp-block-heading\" id=\"h-medalla-conmemorativa-a-la-entrega-y-sacrificio\">Commemorative medal for dedication and sacrifice<\/h3>\n\n\n\n<p>Through a Royal Decree approved in April, the government established this special decoration for those who participated in the operation. \"It is much more than a medal; it is the symbol of the gratitude of all Spaniards,\" declared Robles. In her speech, she highlighted the commitment and bravery of the first 96 troops deployed on October 29, and thanked all those who spent months working away from their families for their sacrifice.<\/p>\n\n\n\n<h3 class=\"wp-block-heading\" id=\"h-la-ume-siempre-al-servicio\">The EMU, always at your service<\/h3>\n\n\n\n<p>The event took place at the headquarters of the Military Emergency Unit (UME), the epicenter of emergency operations. The minister also wanted to send a message of encouragement to the members of the UME currently deployed in Catalonia to support firefighting: \"Our men and women are wherever they are needed, in any part of Spain\".<\/p>\n\n\n\n<h3 class=\"wp-block-heading\" id=\"h-datos-que-reflejan-la-magnitud-de-la-mision\">Data reflecting the magnitude of the mission<\/h3>\n\n\n\n<p>In total, more than 13,000 actions were carried out. A total of 2,275 material resources were used, including 961 light vehicles, 107 fire engines, 34 extraction teams, 12 helicopters, 30 drones and 4 ships. More than 12 million kilometers were traveled by land and 1,670 flight hours were accumulated in an operation that today receives the official recognition it deserves.<\/p>\n\n\n\n<p><\/p>","protected":false},"excerpt":{"rendered":"<p>El Ministerio de Defensa ha rendido homenaje este lunes a los miles de militares y personal civil que participaron en la operaci\u00f3n de rescate y reconstrucci\u00f3n tras la DANA 2024. En un emotivo acto celebrado en la base a\u00e9rea de Torrej\u00f3n de Ardoz, la ministra Margarita Robles impuso la medalla conmemorativa a los desplegados en [&hellip;]<\/p>","protected":false},"author":1,"featured_media":2571,"comment_status":"open","ping_status":"open","sticky":false,"template":"","format":"standard","meta":{"_acf_changed":false,"footnotes":""},"categories":[3],"tags":[290,235,187],"class_list":["post-2570","post","type-post","status-publish","format-standard","has-post-thumbnail","hentry","category-espana","tag-dana-2024","tag-fuerzas-armadas","tag-margarita-robles"],"acf":[],"yoast_head":"<!-- This site is optimized with the Yoast SEO Premium plugin v25.0 (Yoast SEO v25.0) - https:\/\/yoast.com\/wordpress\/plugins\/seo\/ -->\n<title>Homenaje a los h\u00e9roes de la DANA 2024: Defensa condecora a m\u00e1s de 30.000 efectivos<\/title>\n<meta name=\"robots\" content=\"index, follow, max-snippet:-1, max-image-preview:large, max-video-preview:-1\" \/>\n<link rel=\"canonical\" href=\"https:\/\/defensanews.com\/en\/tribute-to-the-heroes-of-the-dana-2024-defense-decorates-more-than-30000-troops\/\" \/>\n<meta property=\"og:locale\" content=\"en_US\" \/>\n<meta property=\"og:type\" content=\"article\" \/>\n<meta property=\"og:title\" content=\"Homenaje a los h\u00e9roes de la DANA 2024: Defensa condecora a m\u00e1s de 30.000 efectivos\" \/>\n<meta property=\"og:description\" content=\"El Ministerio de Defensa ha rendido homenaje este lunes a los miles de militares y personal civil que participaron en la operaci\u00f3n de rescate y reconstrucci\u00f3n tras la DANA 2024. En un emotivo acto celebrado en la base a\u00e9rea de Torrej\u00f3n de Ardoz, la ministra Margarita Robles impuso la medalla conmemorativa a los desplegados en [&hellip;]\" \/>\n<meta property=\"og:url\" content=\"https:\/\/defensanews.com\/en\/tribute-to-the-heroes-of-the-dana-2024-defense-decorates-more-than-30000-troops\/\" \/>\n<meta property=\"og:site_name\" content=\"NOTICIAS DEFENSA, GEOPOL\u00cdTICA Y SEGURIDAD\" \/>\n<meta property=\"article:publisher\" content=\"https:\/\/www.facebook.com\/defensanewscom\/\" \/>\n<meta property=\"article:published_time\" content=\"2025-07-08T14:45:44+00:00\" \/>\n<meta property=\"article:modified_time\" content=\"2025-07-08T14:45:47+00:00\" \/>\n<meta property=\"og:image\" content=\"https:\/\/defensanews.com\/wp-content\/uploads\/2025\/07\/web-esp-5.jpg\" \/>\n\t<meta property=\"og:image:width\" content=\"1200\" \/>\n\t<meta property=\"og:image:height\" content=\"800\" \/>\n\t<meta property=\"og:image:type\" content=\"image\/jpeg\" \/>\n<meta name=\"author\" content=\"Defensa News\" \/>\n<meta name=\"twitter:card\" content=\"summary_large_image\" \/>\n<meta name=\"twitter:label1\" content=\"Written by\" \/>\n\t<meta name=\"twitter:data1\" content=\"Defensa News\" \/>\n\t<meta name=\"twitter:label2\" content=\"Est. reading time\" \/>\n\t<meta name=\"twitter:data2\" content=\"2 minutes\" \/>\n<script type=\"application\/ld+json\" class=\"yoast-schema-graph\">{\"@context\":\"https:\/\/schema.org\",\"@graph\":[{\"@type\":\"NewsArticle\",\"@id\":\"https:\/\/defensanews.com\/homenaje-a-los-heroes-de-la-dana-2024-defensa-condecora-a-mas-de-30-000-efectivos\/#article\",\"isPartOf\":{\"@id\":\"https:\/\/defensanews.com\/homenaje-a-los-heroes-de-la-dana-2024-defensa-condecora-a-mas-de-30-000-efectivos\/\"},\"author\":{\"name\":\"Defensa News\",\"@id\":\"https:\/\/defensanews.com\/#\/schema\/person\/d371c69fc541b938db26187937f0c11a\"},\"headline\":\"Homenaje a los h\u00e9roes de la DANA 2024: Defensa condecora a m\u00e1s de 30.000 efectivos\",\"datePublished\":\"2025-07-08T14:45:44+00:00\",\"dateModified\":\"2025-07-08T14:45:47+00:00\",\"mainEntityOfPage\":{\"@id\":\"https:\/\/defensanews.com\/homenaje-a-los-heroes-de-la-dana-2024-defensa-condecora-a-mas-de-30-000-efectivos\/\"},\"wordCount\":387,\"commentCount\":0,\"publisher\":{\"@id\":\"https:\/\/defensanews.com\/#organization\"},\"image\":{\"@id\":\"https:\/\/defensanews.com\/homenaje-a-los-heroes-de-la-dana-2024-defensa-condecora-a-mas-de-30-000-efectivos\/#primaryimage\"},\"thumbnailUrl\":\"https:\/\/defensanews.com\/wp-content\/uploads\/2025\/07\/web-esp-5.jpg\",\"keywords\":[\"Dana 2024\",\"Fuerzas Armadas\",\"Margarita Robles\"],\"articleSection\":[\"Espa\u00f1a\"],\"inLanguage\":\"en-US\",\"potentialAction\":[{\"@type\":\"CommentAction\",\"name\":\"Comment\",\"target\":[\"https:\/\/defensanews.com\/homenaje-a-los-heroes-de-la-dana-2024-defensa-condecora-a-mas-de-30-000-efectivos\/#respond\"]}],\"copyrightYear\":\"2025\",\"copyrightHolder\":{\"@id\":\"https:\/\/defensanews.com\/en\/#organization\"}},{\"@type\":[\"WebPage\",\"ItemPage\"],\"@id\":\"https:\/\/defensanews.com\/homenaje-a-los-heroes-de-la-dana-2024-defensa-condecora-a-mas-de-30-000-efectivos\/\",\"url\":\"https:\/\/defensanews.com\/homenaje-a-los-heroes-de-la-dana-2024-defensa-condecora-a-mas-de-30-000-efectivos\/\",\"name\":\"Homenaje a los h\u00e9roes de la DANA 2024: Defensa condecora a m\u00e1s de 30.000 efectivos\",\"isPartOf\":{\"@id\":\"https:\/\/defensanews.com\/#website\"},\"primaryImageOfPage\":{\"@id\":\"https:\/\/defensanews.com\/homenaje-a-los-heroes-de-la-dana-2024-defensa-condecora-a-mas-de-30-000-efectivos\/#primaryimage\"},\"image\":{\"@id\":\"https:\/\/defensanews.com\/homenaje-a-los-heroes-de-la-dana-2024-defensa-condecora-a-mas-de-30-000-efectivos\/#primaryimage\"},\"thumbnailUrl\":\"https:\/\/defensanews.com\/wp-content\/uploads\/2025\/07\/web-esp-5.jpg\",\"datePublished\":\"2025-07-08T14:45:44+00:00\",\"dateModified\":\"2025-07-08T14:45:47+00:00\",\"breadcrumb\":{\"@id\":\"https:\/\/defensanews.com\/homenaje-a-los-heroes-de-la-dana-2024-defensa-condecora-a-mas-de-30-000-efectivos\/#breadcrumb\"},\"inLanguage\":\"en-US\",\"potentialAction\":[{\"@type\":\"ReadAction\",\"target\":[\"https:\/\/defensanews.com\/homenaje-a-los-heroes-de-la-dana-2024-defensa-condecora-a-mas-de-30-000-efectivos\/\"]}]},{\"@type\":\"ImageObject\",\"inLanguage\":\"en-US\",\"@id\":\"https:\/\/defensanews.com\/homenaje-a-los-heroes-de-la-dana-2024-defensa-condecora-a-mas-de-30-000-efectivos\/#primaryimage\",\"url\":\"https:\/\/defensanews.com\/wp-content\/uploads\/2025\/07\/web-esp-5.jpg\",\"contentUrl\":\"https:\/\/defensanews.com\/wp-content\/uploads\/2025\/07\/web-esp-5.jpg\",\"width\":1200,\"height\":800,\"caption\":\"Homenaje a los h\u00e9roes de la DANA 2024: Defensa condecora a m\u00e1s de 30.000 efectivos - DEFENSANEWS.COM - Noticias defensa y seguridad\"},{\"@type\":\"BreadcrumbList\",\"@id\":\"https:\/\/defensanews.com\/homenaje-a-los-heroes-de-la-dana-2024-defensa-condecora-a-mas-de-30-000-efectivos\/#breadcrumb\",\"itemListElement\":[{\"@type\":\"ListItem\",\"position\":1,\"name\":\"Portada\",\"item\":\"https:\/\/defensanews.com\/\"},{\"@type\":\"ListItem\",\"position\":2,\"name\":\"Homenaje a los h\u00e9roes de la DANA 2024: Defensa condecora a m\u00e1s de 30.000 efectivos\"}]},{\"@type\":\"WebSite\",\"@id\":\"https:\/\/defensanews.com\/#website\",\"url\":\"https:\/\/defensanews.com\/\",\"name\":\"NOTICIAS DEFENSA Y SEGURIDAD\",\"description\":\"DEFENSA NEWS\",\"publisher\":{\"@id\":\"https:\/\/defensanews.com\/#organization\"},\"alternateName\":\"DEFENSANEWS.COM\",\"potentialAction\":[{\"@type\":\"SearchAction\",\"target\":{\"@type\":\"EntryPoint\",\"urlTemplate\":\"https:\/\/defensanews.com\/?s={search_term_string}\"},\"query-input\":{\"@type\":\"PropertyValueSpecification\",\"valueRequired\":true,\"valueName\":\"search_term_string\"}}],\"inLanguage\":\"en-US\"},{\"@type\":\"Organization\",\"@id\":\"https:\/\/defensanews.com\/#organization\",\"name\":\"Leonardo Network S.r.l.\",\"alternateName\":\"Leonardo Network S.r.l.\",\"url\":\"https:\/\/defensanews.com\/\",\"logo\":{\"@type\":\"ImageObject\",\"inLanguage\":\"en-US\",\"@id\":\"https:\/\/defensanews.com\/#\/schema\/logo\/image\/\",\"url\":\"https:\/\/defensanews.com\/wp-content\/uploads\/2025\/05\/DN-1200.jpg\",\"contentUrl\":\"https:\/\/defensanews.com\/wp-content\/uploads\/2025\/05\/DN-1200.jpg\",\"width\":1200,\"height\":675,\"caption\":\"Leonardo Network S.r.l.\"},\"image\":{\"@id\":\"https:\/\/defensanews.com\/#\/schema\/logo\/image\/\"},\"sameAs\":[\"https:\/\/www.facebook.com\/defensanewscom\/\",\"https:\/\/www.instagram.com\/defensanews\/\"],\"description\":\"DEFENSANEWS.COM, la plataforma digital independiente dedicada a las noticias sobre defensa y seguridad de Espa\u00f1a, Am\u00e9rica Latina y Estados Unidos.\",\"email\":\"info@defensanews.com\",\"telephone\":\"05661966359\",\"legalName\":\"Leonardo Network S.r.l.\",\"foundingDate\":\"2024-05-11\",\"vatID\":\"IT01749180533\",\"numberOfEmployees\":{\"@type\":\"QuantitativeValue\",\"minValue\":\"1\",\"maxValue\":\"10\"},\"publishingPrinciples\":\"https:\/\/defensanews.com\/terminos-y-condiciones\/\"},{\"@type\":\"Person\",\"@id\":\"https:\/\/defensanews.com\/#\/schema\/person\/d371c69fc541b938db26187937f0c11a\",\"name\":\"Defensa News\",\"image\":{\"@type\":\"ImageObject\",\"inLanguage\":\"en-US\",\"@id\":\"https:\/\/defensanews.com\/#\/schema\/person\/image\/\",\"url\":\"https:\/\/defensanews.com\/wp-content\/uploads\/2025\/05\/cropped-Untitled-9-150x150.jpg\",\"contentUrl\":\"https:\/\/defensanews.com\/wp-content\/uploads\/2025\/05\/cropped-Untitled-9-150x150.jpg\",\"caption\":\"Defensa News\"},\"sameAs\":[\"https:\/\/defensanews.com\"],\"url\":\"https:\/\/defensanews.com\/en\/author\/defensanews\/\"}]}<\/script>\n<!-- \/ Yoast SEO Premium plugin. -->","yoast_head_json":{"title":"Homenaje a los h\u00e9roes de la DANA 2024: Defensa condecora a m\u00e1s de 30.000 efectivos","robots":{"index":"index","follow":"follow","max-snippet":"max-snippet:-1","max-image-preview":"max-image-preview:large","max-video-preview":"max-video-preview:-1"},"canonical":"https:\/\/defensanews.com\/en\/tribute-to-the-heroes-of-the-dana-2024-defense-decorates-more-than-30000-troops\/","og_locale":"en_US","og_type":"article","og_title":"Homenaje a los h\u00e9roes de la DANA 2024: Defensa condecora a m\u00e1s de 30.000 efectivos","og_description":"El Ministerio de Defensa ha rendido homenaje este lunes a los miles de militares y personal civil que participaron en la operaci\u00f3n de rescate y reconstrucci\u00f3n tras la DANA 2024. En un emotivo acto celebrado en la base a\u00e9rea de Torrej\u00f3n de Ardoz, la ministra Margarita Robles impuso la medalla conmemorativa a los desplegados en [&hellip;]","og_url":"https:\/\/defensanews.com\/en\/tribute-to-the-heroes-of-the-dana-2024-defense-decorates-more-than-30000-troops\/","og_site_name":"NOTICIAS DEFENSA, GEOPOL\u00cdTICA Y SEGURIDAD","article_publisher":"https:\/\/www.facebook.com\/defensanewscom\/","article_published_time":"2025-07-08T14:45:44+00:00","article_modified_time":"2025-07-08T14:45:47+00:00","og_image":[{"width":1200,"height":800,"url":"https:\/\/defensanews.com\/wp-content\/uploads\/2025\/07\/web-esp-5.jpg","type":"image\/jpeg"}],"author":"Defensa News","twitter_card":"summary_large_image","twitter_misc":{"Written by":"Defensa News","Est. reading time":"2 minutes"},"schema":{"@context":"https:\/\/schema.org","@graph":[{"@type":"NewsArticle","@id":"https:\/\/defensanews.com\/homenaje-a-los-heroes-de-la-dana-2024-defensa-condecora-a-mas-de-30-000-efectivos\/#article","isPartOf":{"@id":"https:\/\/defensanews.com\/homenaje-a-los-heroes-de-la-dana-2024-defensa-condecora-a-mas-de-30-000-efectivos\/"},"author":{"name":"Defensa News","@id":"https:\/\/defensanews.com\/#\/schema\/person\/d371c69fc541b938db26187937f0c11a"},"headline":"Homenaje a los h\u00e9roes de la DANA 2024: Defensa condecora a m\u00e1s de 30.000 efectivos","datePublished":"2025-07-08T14:45:44+00:00","dateModified":"2025-07-08T14:45:47+00:00","mainEntityOfPage":{"@id":"https:\/\/defensanews.com\/homenaje-a-los-heroes-de-la-dana-2024-defensa-condecora-a-mas-de-30-000-efectivos\/"},"wordCount":387,"commentCount":0,"publisher":{"@id":"https:\/\/defensanews.com\/#organization"},"image":{"@id":"https:\/\/defensanews.com\/homenaje-a-los-heroes-de-la-dana-2024-defensa-condecora-a-mas-de-30-000-efectivos\/#primaryimage"},"thumbnailUrl":"https:\/\/defensanews.com\/wp-content\/uploads\/2025\/07\/web-esp-5.jpg","keywords":["Dana 2024","Fuerzas Armadas","Margarita Robles"],"articleSection":["Espa\u00f1a"],"inLanguage":"en-US","potentialAction":[{"@type":"CommentAction","name":"Comment","target":["https:\/\/defensanews.com\/homenaje-a-los-heroes-de-la-dana-2024-defensa-condecora-a-mas-de-30-000-efectivos\/#respond"]}],"copyrightYear":"2025","copyrightHolder":{"@id":"https:\/\/defensanews.com\/en\/#organization"}},{"@type":["WebPage","ItemPage"],"@id":"https:\/\/defensanews.com\/homenaje-a-los-heroes-de-la-dana-2024-defensa-condecora-a-mas-de-30-000-efectivos\/","url":"https:\/\/defensanews.com\/homenaje-a-los-heroes-de-la-dana-2024-defensa-condecora-a-mas-de-30-000-efectivos\/","name":"Homenaje a los h\u00e9roes de la DANA 2024: Defensa condecora a m\u00e1s de 30.000 efectivos","isPartOf":{"@id":"https:\/\/defensanews.com\/#website"},"primaryImageOfPage":{"@id":"https:\/\/defensanews.com\/homenaje-a-los-heroes-de-la-dana-2024-defensa-condecora-a-mas-de-30-000-efectivos\/#primaryimage"},"image":{"@id":"https:\/\/defensanews.com\/homenaje-a-los-heroes-de-la-dana-2024-defensa-condecora-a-mas-de-30-000-efectivos\/#primaryimage"},"thumbnailUrl":"https:\/\/defensanews.com\/wp-content\/uploads\/2025\/07\/web-esp-5.jpg","datePublished":"2025-07-08T14:45:44+00:00","dateModified":"2025-07-08T14:45:47+00:00","breadcrumb":{"@id":"https:\/\/defensanews.com\/homenaje-a-los-heroes-de-la-dana-2024-defensa-condecora-a-mas-de-30-000-efectivos\/#breadcrumb"},"inLanguage":"en-US","potentialAction":[{"@type":"ReadAction","target":["https:\/\/defensanews.com\/homenaje-a-los-heroes-de-la-dana-2024-defensa-condecora-a-mas-de-30-000-efectivos\/"]}]},{"@type":"ImageObject","inLanguage":"en-US","@id":"https:\/\/defensanews.com\/homenaje-a-los-heroes-de-la-dana-2024-defensa-condecora-a-mas-de-30-000-efectivos\/#primaryimage","url":"https:\/\/defensanews.com\/wp-content\/uploads\/2025\/07\/web-esp-5.jpg","contentUrl":"https:\/\/defensanews.com\/wp-content\/uploads\/2025\/07\/web-esp-5.jpg","width":1200,"height":800,"caption":"Homenaje a los h\u00e9roes de la DANA 2024: Defensa condecora a m\u00e1s de 30.000 efectivos - DEFENSANEWS.COM - Noticias defensa y seguridad"},{"@type":"BreadcrumbList","@id":"https:\/\/defensanews.com\/homenaje-a-los-heroes-de-la-dana-2024-defensa-condecora-a-mas-de-30-000-efectivos\/#breadcrumb","itemListElement":[{"@type":"ListItem","position":1,"name":"Portada","item":"https:\/\/defensanews.com\/"},{"@type":"ListItem","position":2,"name":"Homenaje a los h\u00e9roes de la DANA 2024: Defensa condecora a m\u00e1s de 30.000 efectivos"}]},{"@type":"WebSite","@id":"https:\/\/defensanews.com\/#website","url":"https:\/\/defensanews.com\/","name":"NOTICIAS DEFENSA Y SEGURIDAD","description":"DEFENSA NEWS","publisher":{"@id":"https:\/\/defensanews.com\/#organization"},"alternateName":"DEFENSANEWS.COM","potentialAction":[{"@type":"SearchAction","target":{"@type":"EntryPoint","urlTemplate":"https:\/\/defensanews.com\/?s={search_term_string}"},"query-input":{"@type":"PropertyValueSpecification","valueRequired":true,"valueName":"search_term_string"}}],"inLanguage":"en-US"},{"@type":"Organization","@id":"https:\/\/defensanews.com\/#organization","name":"Leonardo Network S.r.l.","alternateName":"Leonardo Network S.r.l.","url":"https:\/\/defensanews.com\/","logo":{"@type":"ImageObject","inLanguage":"en-US","@id":"https:\/\/defensanews.com\/#\/schema\/logo\/image\/","url":"https:\/\/defensanews.com\/wp-content\/uploads\/2025\/05\/DN-1200.jpg","contentUrl":"https:\/\/defensanews.com\/wp-content\/uploads\/2025\/05\/DN-1200.jpg","width":1200,"height":675,"caption":"Leonardo Network S.r.l."},"image":{"@id":"https:\/\/defensanews.com\/#\/schema\/logo\/image\/"},"sameAs":["https:\/\/www.facebook.com\/defensanewscom\/","https:\/\/www.instagram.com\/defensanews\/"],"description":"DEFENSANEWS.COM, la plataforma digital independiente dedicada a las noticias sobre defensa y seguridad de Espa\u00f1a, Am\u00e9rica Latina y Estados Unidos.","email":"info@defensanews.com","telephone":"05661966359","legalName":"Leonardo Network S.r.l.","foundingDate":"2024-05-11","vatID":"IT01749180533","numberOfEmployees":{"@type":"QuantitativeValue","minValue":"1","maxValue":"10"},"publishingPrinciples":"https:\/\/defensanews.com\/terminos-y-condiciones\/"},{"@type":"Person","@id":"https:\/\/defensanews.com\/#\/schema\/person\/d371c69fc541b938db26187937f0c11a","name":"Defensa News","image":{"@type":"ImageObject","inLanguage":"en-US","@id":"https:\/\/defensanews.com\/#\/schema\/person\/image\/","url":"https:\/\/defensanews.com\/wp-content\/uploads\/2025\/05\/cropped-Untitled-9-150x150.jpg","contentUrl":"https:\/\/defensanews.com\/wp-content\/uploads\/2025\/05\/cropped-Untitled-9-150x150.jpg","caption":"Defensa News"},"sameAs":["https:\/\/defensanews.com"],"url":"https:\/\/defensanews.com\/en\/author\/defensanews\/"}]}},"_links":{"self":[{"href":"https:\/\/defensanews.com\/en\/wp-json\/wp\/v2\/posts\/2570","targetHints":{"allow":["GET"]}}],"collection":[{"href":"https:\/\/defensanews.com\/en\/wp-json\/wp\/v2\/posts"}],"about":[{"href":"https:\/\/defensanews.com\/en\/wp-json\/wp\/v2\/types\/post"}],"author":[{"embeddable":true,"href":"https:\/\/defensanews.com\/en\/wp-json\/wp\/v2\/users\/1"}],"replies":[{"embeddable":true,"href":"https:\/\/defensanews.com\/en\/wp-json\/wp\/v2\/comments?post=2570"}],"version-history":[{"count":2,"href":"https:\/\/defensanews.com\/en\/wp-json\/wp\/v2\/posts\/2570\/revisions"}],"predecessor-version":[{"id":2573,"href":"https:\/\/defensanews.com\/en\/wp-json\/wp\/v2\/posts\/2570\/revisions\/2573"}],"wp:featuredmedia":[{"embeddable":true,"href":"https:\/\/defensanews.com\/en\/wp-json\/wp\/v2\/media\/2571"}],"wp:attachment":[{"href":"https:\/\/defensanews.com\/en\/wp-json\/wp\/v2\/media?parent=2570"}],"wp:term":[{"taxonomy":"category","embeddable":true,"href":"https:\/\/defensanews.com\/en\/wp-json\/wp\/v2\/categories?post=2570"},{"taxonomy":"post_tag","embeddable":true,"href":"https:\/\/defensanews.com\/en\/wp-json\/wp\/v2\/tags?post=2570"}],"curies":[{"name":"wp","href":"https:\/\/api.w.org\/{rel}","templated":true}]}}