{"id":2707,"date":"2025-07-28T09:54:54","date_gmt":"2025-07-28T07:54:54","guid":{"rendered":"https:\/\/defensanews.com\/?p=2707"},"modified":"2025-07-28T09:55:49","modified_gmt":"2025-07-28T07:55:49","slug":"la-ministra-robles-destaca-en-albacete-el-papel-clave-del-ala-14-en-la-defensa-aerea-y-la-paz-internacional","status":"publish","type":"post","link":"https:\/\/defensanews.com\/en\/minister-robles-stresses-in-albacete-the-key-role-of-the-14th-wing-in-air-defense-and-international-peace\/","title":{"rendered":"Spain - Minister Robles stresses in Albacete the key role of the 14th Wing in air defense and international peace"},"content":{"rendered":"<p>During an official visit to the Albacete air base, the Minister of Defense, Margarita Robles, underlined the strategic importance of the 14th Air and Space Wing, both in national and international missions. With more than 3,000 flight hours per year, this unit represents a fundamental pillar in the preparation and modernization of the Spanish Armed Forces.<\/p>\n\n\n\n<h3 class=\"wp-block-heading\" id=\"h-comprometidos-con-la-seguridad-internacional\">Committed to international security<\/h3>\n\n\n\n<p>Robles praised the role of the 14th Wing in NATO operations such as the Baltic Air Police, highlighting the professionalism with which Spain contributes to the defense of airspace in countries such as Lithuania, Estonia or Bulgaria. \"Spain is always there when needed and the performance they carry out is a reason for recognition by all allied countries,\" he said.<\/p>\n\n\n\n<h3 class=\"wp-block-heading\" id=\"h-preparacion-constante-y-apoyo-nacional\">Ongoing preparation and national support<\/h3>\n\n\n\n<p>The Albacete-based unit carries out daily and intensive training involving pilots, armorers, mechanics and planning personnel, being a reference in operational capacity. Moreover, its involvement goes beyond international missions. During the DANA, more than 320 military personnel from the 14th Wing participated in medical support, clean-up and security tasks in affected municipalities, with ten personnel rotations.<\/p>\n\n\n\n<h3 class=\"wp-block-heading\" id=\"h-modernizacion-con-el-programa-halcon\">Modernization with the Halc\u00f3n program<\/h3>\n\n\n\n<p>The Minister announced the promotion of the Halc\u00f3n program, which will provide the 14th Wing with new aircraft with advanced technological capabilities. This investment reinforces the Ministry of Defense's commitment to innovation and operational efficiency.<\/p>\n\n\n\n<h3 class=\"wp-block-heading\" id=\"h-un-lazo-inseparable-con-albacete\">An inseparable bond with Albacete<\/h3>\n\n\n\n<p>The base and the city of Albacete maintain close ties. More than 30% of the personnel are originally from the province, and more than 700 military personnel actively participate in social and educational activities. \"The 14th Wing is not only part of our Armed Forces, it is also part of the life of Albacete,\" Robles emphasized.<\/p>","protected":false},"excerpt":{"rendered":"<p>Durante una visita oficial a la base a\u00e9rea de Albacete, la ministra de Defensa, Margarita Robles, subray\u00f3 la importancia estrat\u00e9gica del Ala 14 del Ej\u00e9rcito del Aire y del Espacio, tanto en misiones nacionales como internacionales. Con m\u00e1s de 3.000 horas de vuelo anuales, esta unidad representa un pilar fundamental en la preparaci\u00f3n y modernizaci\u00f3n [&hellip;]<\/p>","protected":false},"author":1,"featured_media":2708,"comment_status":"open","ping_status":"open","sticky":false,"template":"","format":"standard","meta":{"_acf_changed":false,"footnotes":""},"categories":[3],"tags":[118,240,187],"class_list":["post-2707","post","type-post","status-publish","format-standard","has-post-thumbnail","hentry","category-espana","tag-albacete","tag-espana","tag-margarita-robles"],"acf":[],"yoast_head":"<!-- This site is optimized with the Yoast SEO Premium plugin v25.0 (Yoast SEO v25.0) - https:\/\/yoast.com\/wordpress\/plugins\/seo\/ -->\n<title>Espa\u00f1a - La ministra Robles destaca en Albacete el papel clave del Ala 14 en la defensa a\u00e9rea y la paz internacional<\/title>\n<meta name=\"robots\" content=\"index, follow, max-snippet:-1, max-image-preview:large, max-video-preview:-1\" \/>\n<link rel=\"canonical\" href=\"https:\/\/defensanews.com\/en\/minister-robles-stresses-in-albacete-the-key-role-of-the-14th-wing-in-air-defense-and-international-peace\/\" \/>\n<meta property=\"og:locale\" content=\"en_US\" \/>\n<meta property=\"og:type\" content=\"article\" \/>\n<meta property=\"og:title\" content=\"Espa\u00f1a - La ministra Robles destaca en Albacete el papel clave del Ala 14 en la defensa a\u00e9rea y la paz internacional\" \/>\n<meta property=\"og:description\" content=\"Durante una visita oficial a la base a\u00e9rea de Albacete, la ministra de Defensa, Margarita Robles, subray\u00f3 la importancia estrat\u00e9gica del Ala 14 del Ej\u00e9rcito del Aire y del Espacio, tanto en misiones nacionales como internacionales. Con m\u00e1s de 3.000 horas de vuelo anuales, esta unidad representa un pilar fundamental en la preparaci\u00f3n y modernizaci\u00f3n [&hellip;]\" \/>\n<meta property=\"og:url\" content=\"https:\/\/defensanews.com\/en\/minister-robles-stresses-in-albacete-the-key-role-of-the-14th-wing-in-air-defense-and-international-peace\/\" \/>\n<meta property=\"og:site_name\" content=\"NOTICIAS DEFENSA, GEOPOL\u00cdTICA Y SEGURIDAD\" \/>\n<meta property=\"article:publisher\" content=\"https:\/\/www.facebook.com\/defensanewscom\/\" \/>\n<meta property=\"article:published_time\" content=\"2025-07-28T07:54:54+00:00\" \/>\n<meta property=\"article:modified_time\" content=\"2025-07-28T07:55:49+00:00\" \/>\n<meta property=\"og:image\" content=\"https:\/\/defensanews.com\/wp-content\/uploads\/2025\/07\/web-esp-11.jpg\" \/>\n\t<meta property=\"og:image:width\" content=\"1200\" \/>\n\t<meta property=\"og:image:height\" content=\"800\" \/>\n\t<meta property=\"og:image:type\" content=\"image\/jpeg\" \/>\n<meta name=\"author\" content=\"Defensa News\" \/>\n<meta name=\"twitter:card\" content=\"summary_large_image\" \/>\n<meta name=\"twitter:label1\" content=\"Written by\" \/>\n\t<meta name=\"twitter:data1\" content=\"Defensa News\" \/>\n\t<meta name=\"twitter:label2\" content=\"Est. reading time\" \/>\n\t<meta name=\"twitter:data2\" content=\"2 minutes\" \/>\n<script type=\"application\/ld+json\" class=\"yoast-schema-graph\">{\"@context\":\"https:\/\/schema.org\",\"@graph\":[{\"@type\":\"NewsArticle\",\"@id\":\"https:\/\/defensanews.com\/la-ministra-robles-destaca-en-albacete-el-papel-clave-del-ala-14-en-la-defensa-aerea-y-la-paz-internacional\/#article\",\"isPartOf\":{\"@id\":\"https:\/\/defensanews.com\/la-ministra-robles-destaca-en-albacete-el-papel-clave-del-ala-14-en-la-defensa-aerea-y-la-paz-internacional\/\"},\"author\":{\"name\":\"Defensa News\",\"@id\":\"https:\/\/defensanews.com\/#\/schema\/person\/d371c69fc541b938db26187937f0c11a\"},\"headline\":\"Espa\u00f1a &#8211; La ministra Robles destaca en Albacete el papel clave del Ala 14 en la defensa a\u00e9rea y la paz internacional\",\"datePublished\":\"2025-07-28T07:54:54+00:00\",\"dateModified\":\"2025-07-28T07:55:49+00:00\",\"mainEntityOfPage\":{\"@id\":\"https:\/\/defensanews.com\/la-ministra-robles-destaca-en-albacete-el-papel-clave-del-ala-14-en-la-defensa-aerea-y-la-paz-internacional\/\"},\"wordCount\":342,\"commentCount\":0,\"publisher\":{\"@id\":\"https:\/\/defensanews.com\/#organization\"},\"image\":{\"@id\":\"https:\/\/defensanews.com\/la-ministra-robles-destaca-en-albacete-el-papel-clave-del-ala-14-en-la-defensa-aerea-y-la-paz-internacional\/#primaryimage\"},\"thumbnailUrl\":\"https:\/\/defensanews.com\/wp-content\/uploads\/2025\/07\/web-esp-11.jpg\",\"keywords\":[\"Albacete\",\"Espa\u00f1a\",\"Margarita Robles\"],\"articleSection\":[\"Espa\u00f1a\"],\"inLanguage\":\"en-US\",\"potentialAction\":[{\"@type\":\"CommentAction\",\"name\":\"Comment\",\"target\":[\"https:\/\/defensanews.com\/la-ministra-robles-destaca-en-albacete-el-papel-clave-del-ala-14-en-la-defensa-aerea-y-la-paz-internacional\/#respond\"]}],\"copyrightYear\":\"2025\",\"copyrightHolder\":{\"@id\":\"https:\/\/defensanews.com\/en\/#organization\"}},{\"@type\":[\"WebPage\",\"ItemPage\"],\"@id\":\"https:\/\/defensanews.com\/la-ministra-robles-destaca-en-albacete-el-papel-clave-del-ala-14-en-la-defensa-aerea-y-la-paz-internacional\/\",\"url\":\"https:\/\/defensanews.com\/la-ministra-robles-destaca-en-albacete-el-papel-clave-del-ala-14-en-la-defensa-aerea-y-la-paz-internacional\/\",\"name\":\"Espa\u00f1a - La ministra Robles destaca en Albacete el papel clave del Ala 14 en la defensa a\u00e9rea y la paz internacional\",\"isPartOf\":{\"@id\":\"https:\/\/defensanews.com\/#website\"},\"primaryImageOfPage\":{\"@id\":\"https:\/\/defensanews.com\/la-ministra-robles-destaca-en-albacete-el-papel-clave-del-ala-14-en-la-defensa-aerea-y-la-paz-internacional\/#primaryimage\"},\"image\":{\"@id\":\"https:\/\/defensanews.com\/la-ministra-robles-destaca-en-albacete-el-papel-clave-del-ala-14-en-la-defensa-aerea-y-la-paz-internacional\/#primaryimage\"},\"thumbnailUrl\":\"https:\/\/defensanews.com\/wp-content\/uploads\/2025\/07\/web-esp-11.jpg\",\"datePublished\":\"2025-07-28T07:54:54+00:00\",\"dateModified\":\"2025-07-28T07:55:49+00:00\",\"breadcrumb\":{\"@id\":\"https:\/\/defensanews.com\/la-ministra-robles-destaca-en-albacete-el-papel-clave-del-ala-14-en-la-defensa-aerea-y-la-paz-internacional\/#breadcrumb\"},\"inLanguage\":\"en-US\",\"potentialAction\":[{\"@type\":\"ReadAction\",\"target\":[\"https:\/\/defensanews.com\/la-ministra-robles-destaca-en-albacete-el-papel-clave-del-ala-14-en-la-defensa-aerea-y-la-paz-internacional\/\"]}]},{\"@type\":\"ImageObject\",\"inLanguage\":\"en-US\",\"@id\":\"https:\/\/defensanews.com\/la-ministra-robles-destaca-en-albacete-el-papel-clave-del-ala-14-en-la-defensa-aerea-y-la-paz-internacional\/#primaryimage\",\"url\":\"https:\/\/defensanews.com\/wp-content\/uploads\/2025\/07\/web-esp-11.jpg\",\"contentUrl\":\"https:\/\/defensanews.com\/wp-content\/uploads\/2025\/07\/web-esp-11.jpg\",\"width\":1200,\"height\":800,\"caption\":\"La ministra Robles destaca en Albacete el papel clave del Ala 14 en la defensa a\u00e9rea y la paz internacional - DEFENSANEWS.COM - Noticias defensa y seguridad\"},{\"@type\":\"BreadcrumbList\",\"@id\":\"https:\/\/defensanews.com\/la-ministra-robles-destaca-en-albacete-el-papel-clave-del-ala-14-en-la-defensa-aerea-y-la-paz-internacional\/#breadcrumb\",\"itemListElement\":[{\"@type\":\"ListItem\",\"position\":1,\"name\":\"Portada\",\"item\":\"https:\/\/defensanews.com\/\"},{\"@type\":\"ListItem\",\"position\":2,\"name\":\"Espa\u00f1a &#8211; La ministra Robles destaca en Albacete el papel clave del Ala 14 en la defensa a\u00e9rea y la paz internacional\"}]},{\"@type\":\"WebSite\",\"@id\":\"https:\/\/defensanews.com\/#website\",\"url\":\"https:\/\/defensanews.com\/\",\"name\":\"NOTICIAS DEFENSA Y SEGURIDAD\",\"description\":\"DEFENSA NEWS\",\"publisher\":{\"@id\":\"https:\/\/defensanews.com\/#organization\"},\"alternateName\":\"DEFENSANEWS.COM\",\"potentialAction\":[{\"@type\":\"SearchAction\",\"target\":{\"@type\":\"EntryPoint\",\"urlTemplate\":\"https:\/\/defensanews.com\/?s={search_term_string}\"},\"query-input\":{\"@type\":\"PropertyValueSpecification\",\"valueRequired\":true,\"valueName\":\"search_term_string\"}}],\"inLanguage\":\"en-US\"},{\"@type\":\"Organization\",\"@id\":\"https:\/\/defensanews.com\/#organization\",\"name\":\"Leonardo Network S.r.l.\",\"alternateName\":\"Leonardo Network S.r.l.\",\"url\":\"https:\/\/defensanews.com\/\",\"logo\":{\"@type\":\"ImageObject\",\"inLanguage\":\"en-US\",\"@id\":\"https:\/\/defensanews.com\/#\/schema\/logo\/image\/\",\"url\":\"https:\/\/defensanews.com\/wp-content\/uploads\/2025\/05\/DN-1200.jpg\",\"contentUrl\":\"https:\/\/defensanews.com\/wp-content\/uploads\/2025\/05\/DN-1200.jpg\",\"width\":1200,\"height\":675,\"caption\":\"Leonardo Network S.r.l.\"},\"image\":{\"@id\":\"https:\/\/defensanews.com\/#\/schema\/logo\/image\/\"},\"sameAs\":[\"https:\/\/www.facebook.com\/defensanewscom\/\",\"https:\/\/www.instagram.com\/defensanews\/\"],\"description\":\"DEFENSANEWS.COM, la plataforma digital independiente dedicada a las noticias sobre defensa y seguridad de Espa\u00f1a, Am\u00e9rica Latina y Estados Unidos.\",\"email\":\"info@defensanews.com\",\"telephone\":\"05661966359\",\"legalName\":\"Leonardo Network S.r.l.\",\"foundingDate\":\"2024-05-11\",\"vatID\":\"IT01749180533\",\"numberOfEmployees\":{\"@type\":\"QuantitativeValue\",\"minValue\":\"1\",\"maxValue\":\"10\"},\"publishingPrinciples\":\"https:\/\/defensanews.com\/terminos-y-condiciones\/\"},{\"@type\":\"Person\",\"@id\":\"https:\/\/defensanews.com\/#\/schema\/person\/d371c69fc541b938db26187937f0c11a\",\"name\":\"Defensa News\",\"image\":{\"@type\":\"ImageObject\",\"inLanguage\":\"en-US\",\"@id\":\"https:\/\/defensanews.com\/#\/schema\/person\/image\/\",\"url\":\"https:\/\/defensanews.com\/wp-content\/uploads\/2025\/05\/cropped-Untitled-9-150x150.jpg\",\"contentUrl\":\"https:\/\/defensanews.com\/wp-content\/uploads\/2025\/05\/cropped-Untitled-9-150x150.jpg\",\"caption\":\"Defensa News\"},\"sameAs\":[\"https:\/\/defensanews.com\"],\"url\":\"https:\/\/defensanews.com\/en\/author\/defensanews\/\"}]}<\/script>\n<!-- \/ Yoast SEO Premium plugin. -->","yoast_head_json":{"title":"Espa\u00f1a - La ministra Robles destaca en Albacete el papel clave del Ala 14 en la defensa a\u00e9rea y la paz internacional","robots":{"index":"index","follow":"follow","max-snippet":"max-snippet:-1","max-image-preview":"max-image-preview:large","max-video-preview":"max-video-preview:-1"},"canonical":"https:\/\/defensanews.com\/en\/minister-robles-stresses-in-albacete-the-key-role-of-the-14th-wing-in-air-defense-and-international-peace\/","og_locale":"en_US","og_type":"article","og_title":"Espa\u00f1a - La ministra Robles destaca en Albacete el papel clave del Ala 14 en la defensa a\u00e9rea y la paz internacional","og_description":"Durante una visita oficial a la base a\u00e9rea de Albacete, la ministra de Defensa, Margarita Robles, subray\u00f3 la importancia estrat\u00e9gica del Ala 14 del Ej\u00e9rcito del Aire y del Espacio, tanto en misiones nacionales como internacionales. Con m\u00e1s de 3.000 horas de vuelo anuales, esta unidad representa un pilar fundamental en la preparaci\u00f3n y modernizaci\u00f3n [&hellip;]","og_url":"https:\/\/defensanews.com\/en\/minister-robles-stresses-in-albacete-the-key-role-of-the-14th-wing-in-air-defense-and-international-peace\/","og_site_name":"NOTICIAS DEFENSA, GEOPOL\u00cdTICA Y SEGURIDAD","article_publisher":"https:\/\/www.facebook.com\/defensanewscom\/","article_published_time":"2025-07-28T07:54:54+00:00","article_modified_time":"2025-07-28T07:55:49+00:00","og_image":[{"width":1200,"height":800,"url":"https:\/\/defensanews.com\/wp-content\/uploads\/2025\/07\/web-esp-11.jpg","type":"image\/jpeg"}],"author":"Defensa News","twitter_card":"summary_large_image","twitter_misc":{"Written by":"Defensa News","Est. reading time":"2 minutes"},"schema":{"@context":"https:\/\/schema.org","@graph":[{"@type":"NewsArticle","@id":"https:\/\/defensanews.com\/la-ministra-robles-destaca-en-albacete-el-papel-clave-del-ala-14-en-la-defensa-aerea-y-la-paz-internacional\/#article","isPartOf":{"@id":"https:\/\/defensanews.com\/la-ministra-robles-destaca-en-albacete-el-papel-clave-del-ala-14-en-la-defensa-aerea-y-la-paz-internacional\/"},"author":{"name":"Defensa News","@id":"https:\/\/defensanews.com\/#\/schema\/person\/d371c69fc541b938db26187937f0c11a"},"headline":"Espa\u00f1a &#8211; La ministra Robles destaca en Albacete el papel clave del Ala 14 en la defensa a\u00e9rea y la paz internacional","datePublished":"2025-07-28T07:54:54+00:00","dateModified":"2025-07-28T07:55:49+00:00","mainEntityOfPage":{"@id":"https:\/\/defensanews.com\/la-ministra-robles-destaca-en-albacete-el-papel-clave-del-ala-14-en-la-defensa-aerea-y-la-paz-internacional\/"},"wordCount":342,"commentCount":0,"publisher":{"@id":"https:\/\/defensanews.com\/#organization"},"image":{"@id":"https:\/\/defensanews.com\/la-ministra-robles-destaca-en-albacete-el-papel-clave-del-ala-14-en-la-defensa-aerea-y-la-paz-internacional\/#primaryimage"},"thumbnailUrl":"https:\/\/defensanews.com\/wp-content\/uploads\/2025\/07\/web-esp-11.jpg","keywords":["Albacete","Espa\u00f1a","Margarita Robles"],"articleSection":["Espa\u00f1a"],"inLanguage":"en-US","potentialAction":[{"@type":"CommentAction","name":"Comment","target":["https:\/\/defensanews.com\/la-ministra-robles-destaca-en-albacete-el-papel-clave-del-ala-14-en-la-defensa-aerea-y-la-paz-internacional\/#respond"]}],"copyrightYear":"2025","copyrightHolder":{"@id":"https:\/\/defensanews.com\/en\/#organization"}},{"@type":["WebPage","ItemPage"],"@id":"https:\/\/defensanews.com\/la-ministra-robles-destaca-en-albacete-el-papel-clave-del-ala-14-en-la-defensa-aerea-y-la-paz-internacional\/","url":"https:\/\/defensanews.com\/la-ministra-robles-destaca-en-albacete-el-papel-clave-del-ala-14-en-la-defensa-aerea-y-la-paz-internacional\/","name":"Espa\u00f1a - La ministra Robles destaca en Albacete el papel clave del Ala 14 en la defensa a\u00e9rea y la paz internacional","isPartOf":{"@id":"https:\/\/defensanews.com\/#website"},"primaryImageOfPage":{"@id":"https:\/\/defensanews.com\/la-ministra-robles-destaca-en-albacete-el-papel-clave-del-ala-14-en-la-defensa-aerea-y-la-paz-internacional\/#primaryimage"},"image":{"@id":"https:\/\/defensanews.com\/la-ministra-robles-destaca-en-albacete-el-papel-clave-del-ala-14-en-la-defensa-aerea-y-la-paz-internacional\/#primaryimage"},"thumbnailUrl":"https:\/\/defensanews.com\/wp-content\/uploads\/2025\/07\/web-esp-11.jpg","datePublished":"2025-07-28T07:54:54+00:00","dateModified":"2025-07-28T07:55:49+00:00","breadcrumb":{"@id":"https:\/\/defensanews.com\/la-ministra-robles-destaca-en-albacete-el-papel-clave-del-ala-14-en-la-defensa-aerea-y-la-paz-internacional\/#breadcrumb"},"inLanguage":"en-US","potentialAction":[{"@type":"ReadAction","target":["https:\/\/defensanews.com\/la-ministra-robles-destaca-en-albacete-el-papel-clave-del-ala-14-en-la-defensa-aerea-y-la-paz-internacional\/"]}]},{"@type":"ImageObject","inLanguage":"en-US","@id":"https:\/\/defensanews.com\/la-ministra-robles-destaca-en-albacete-el-papel-clave-del-ala-14-en-la-defensa-aerea-y-la-paz-internacional\/#primaryimage","url":"https:\/\/defensanews.com\/wp-content\/uploads\/2025\/07\/web-esp-11.jpg","contentUrl":"https:\/\/defensanews.com\/wp-content\/uploads\/2025\/07\/web-esp-11.jpg","width":1200,"height":800,"caption":"La ministra Robles destaca en Albacete el papel clave del Ala 14 en la defensa a\u00e9rea y la paz internacional - DEFENSANEWS.COM - Noticias defensa y seguridad"},{"@type":"BreadcrumbList","@id":"https:\/\/defensanews.com\/la-ministra-robles-destaca-en-albacete-el-papel-clave-del-ala-14-en-la-defensa-aerea-y-la-paz-internacional\/#breadcrumb","itemListElement":[{"@type":"ListItem","position":1,"name":"Portada","item":"https:\/\/defensanews.com\/"},{"@type":"ListItem","position":2,"name":"Espa\u00f1a &#8211; La ministra Robles destaca en Albacete el papel clave del Ala 14 en la defensa a\u00e9rea y la paz internacional"}]},{"@type":"WebSite","@id":"https:\/\/defensanews.com\/#website","url":"https:\/\/defensanews.com\/","name":"NOTICIAS DEFENSA Y SEGURIDAD","description":"DEFENSA NEWS","publisher":{"@id":"https:\/\/defensanews.com\/#organization"},"alternateName":"DEFENSANEWS.COM","potentialAction":[{"@type":"SearchAction","target":{"@type":"EntryPoint","urlTemplate":"https:\/\/defensanews.com\/?s={search_term_string}"},"query-input":{"@type":"PropertyValueSpecification","valueRequired":true,"valueName":"search_term_string"}}],"inLanguage":"en-US"},{"@type":"Organization","@id":"https:\/\/defensanews.com\/#organization","name":"Leonardo Network S.r.l.","alternateName":"Leonardo Network S.r.l.","url":"https:\/\/defensanews.com\/","logo":{"@type":"ImageObject","inLanguage":"en-US","@id":"https:\/\/defensanews.com\/#\/schema\/logo\/image\/","url":"https:\/\/defensanews.com\/wp-content\/uploads\/2025\/05\/DN-1200.jpg","contentUrl":"https:\/\/defensanews.com\/wp-content\/uploads\/2025\/05\/DN-1200.jpg","width":1200,"height":675,"caption":"Leonardo Network S.r.l."},"image":{"@id":"https:\/\/defensanews.com\/#\/schema\/logo\/image\/"},"sameAs":["https:\/\/www.facebook.com\/defensanewscom\/","https:\/\/www.instagram.com\/defensanews\/"],"description":"DEFENSANEWS.COM, la plataforma digital independiente dedicada a las noticias sobre defensa y seguridad de Espa\u00f1a, Am\u00e9rica Latina y Estados Unidos.","email":"info@defensanews.com","telephone":"05661966359","legalName":"Leonardo Network S.r.l.","foundingDate":"2024-05-11","vatID":"IT01749180533","numberOfEmployees":{"@type":"QuantitativeValue","minValue":"1","maxValue":"10"},"publishingPrinciples":"https:\/\/defensanews.com\/terminos-y-condiciones\/"},{"@type":"Person","@id":"https:\/\/defensanews.com\/#\/schema\/person\/d371c69fc541b938db26187937f0c11a","name":"Defensa News","image":{"@type":"ImageObject","inLanguage":"en-US","@id":"https:\/\/defensanews.com\/#\/schema\/person\/image\/","url":"https:\/\/defensanews.com\/wp-content\/uploads\/2025\/05\/cropped-Untitled-9-150x150.jpg","contentUrl":"https:\/\/defensanews.com\/wp-content\/uploads\/2025\/05\/cropped-Untitled-9-150x150.jpg","caption":"Defensa News"},"sameAs":["https:\/\/defensanews.com"],"url":"https:\/\/defensanews.com\/en\/author\/defensanews\/"}]}},"_links":{"self":[{"href":"https:\/\/defensanews.com\/en\/wp-json\/wp\/v2\/posts\/2707","targetHints":{"allow":["GET"]}}],"collection":[{"href":"https:\/\/defensanews.com\/en\/wp-json\/wp\/v2\/posts"}],"about":[{"href":"https:\/\/defensanews.com\/en\/wp-json\/wp\/v2\/types\/post"}],"author":[{"embeddable":true,"href":"https:\/\/defensanews.com\/en\/wp-json\/wp\/v2\/users\/1"}],"replies":[{"embeddable":true,"href":"https:\/\/defensanews.com\/en\/wp-json\/wp\/v2\/comments?post=2707"}],"version-history":[{"count":3,"href":"https:\/\/defensanews.com\/en\/wp-json\/wp\/v2\/posts\/2707\/revisions"}],"predecessor-version":[{"id":2711,"href":"https:\/\/defensanews.com\/en\/wp-json\/wp\/v2\/posts\/2707\/revisions\/2711"}],"wp:featuredmedia":[{"embeddable":true,"href":"https:\/\/defensanews.com\/en\/wp-json\/wp\/v2\/media\/2708"}],"wp:attachment":[{"href":"https:\/\/defensanews.com\/en\/wp-json\/wp\/v2\/media?parent=2707"}],"wp:term":[{"taxonomy":"category","embeddable":true,"href":"https:\/\/defensanews.com\/en\/wp-json\/wp\/v2\/categories?post=2707"},{"taxonomy":"post_tag","embeddable":true,"href":"https:\/\/defensanews.com\/en\/wp-json\/wp\/v2\/tags?post=2707"}],"curies":[{"name":"wp","href":"https:\/\/api.w.org\/{rel}","templated":true}]}}