{"id":2712,"date":"2025-07-29T09:21:45","date_gmt":"2025-07-29T07:21:45","guid":{"rendered":"https:\/\/defensanews.com\/?p=2712"},"modified":"2025-07-29T09:21:48","modified_gmt":"2025-07-29T07:21:48","slug":"espana-refuerza-su-ayuda-humanitaria-el-ejercito-del-aire-y-del-espacio-enviara-alimentos-a-gaza","status":"publish","type":"post","link":"https:\/\/defensanews.com\/en\/spain-reinforces-its-humanitarian-aid-air-and-space-army-to-send-food-to-gaza\/","title":{"rendered":"Spain reinforces its humanitarian aid: Air and Space Army to send food to Gaza"},"content":{"rendered":"<p>The Air and Space Army has begun preparations to send 12 tons of humanitarian aid to the civilian population of Gaza. The operation, which will be carried out in the coming days, replicates a similar deployment carried out in March 2024.<\/p>\n\n\n\n<h3 class=\"wp-block-heading\" id=\"h-preparativos-en-zaragoza\">Preparations in Zaragoza<\/h3>\n\n\n\n<p>At the Zaragoza Air Base, military personnel from the 31st Wing and the Operations Command are working on the adaptation of an A400M aircraft, as well as on cargo logistics. The operation includes the airlift of the packages, which will be dropped by parachute and specially designed nets for their safe release.<\/p>\n\n\n\n<h3 class=\"wp-block-heading\" id=\"h-apoyo-continuado-a-la-poblacion-civil\">Continued support to the civilian population<\/h3>\n\n\n\n<p>This mission is part of Spain's sustained commitment to the victims of the conflict in the Gaza Strip, which has been experiencing a serious humanitarian crisis since the attack perpetrated by Hamas on October 7, 2023. The initiative seeks to alleviate the basic needs of the affected population.<\/p>\n\n\n\n<h3 class=\"wp-block-heading\" id=\"h-misiones-humanitarias-del-ejercito-del-aire-y-del-espacio\">Air and Space Army Humanitarian Missions<\/h3>\n\n\n\n<p>The Air and Space Army has demonstrated a constant involvement in humanitarian missions. In addition to the transport of aid, its tasks include aero-medical evacuations, support to peace operations and assistance in civil emergencies both in national and international territory.<\/p>","protected":false},"excerpt":{"rendered":"<p>El Ej\u00e9rcito del Aire y del Espacio ha iniciado los preparativos para enviar 12 toneladas de ayuda humanitaria a la poblaci\u00f3n civil de Gaza. La operaci\u00f3n, que se llevar\u00e1 a cabo en los pr\u00f3ximos d\u00edas, replica un despliegue similar realizado en marzo de 2024. Preparativos en Zaragoza En la Base A\u00e9rea de Zaragoza, personal militar [&hellip;]<\/p>","protected":false},"author":1,"featured_media":2713,"comment_status":"open","ping_status":"open","sticky":false,"template":"","format":"standard","meta":{"_acf_changed":false,"footnotes":""},"categories":[3],"tags":[371,238,240],"class_list":["post-2712","post","type-post","status-publish","format-standard","has-post-thumbnail","hentry","category-espana","tag-ayudahumanitaria","tag-ejercito-del-aire","tag-espana"],"acf":[],"yoast_head":"<!-- This site is optimized with the Yoast SEO Premium plugin v25.0 (Yoast SEO v25.0) - https:\/\/yoast.com\/wordpress\/plugins\/seo\/ -->\n<title>Espa\u00f1a refuerza su ayuda humanitaria: el Ej\u00e9rcito del Aire y del Espacio enviar\u00e1 alimentos a Gaza<\/title>\n<meta name=\"robots\" content=\"index, follow, max-snippet:-1, max-image-preview:large, max-video-preview:-1\" \/>\n<link rel=\"canonical\" href=\"https:\/\/defensanews.com\/en\/spain-reinforces-its-humanitarian-aid-air-and-space-army-to-send-food-to-gaza\/\" \/>\n<meta property=\"og:locale\" content=\"en_US\" \/>\n<meta property=\"og:type\" content=\"article\" \/>\n<meta property=\"og:title\" content=\"Espa\u00f1a refuerza su ayuda humanitaria: el Ej\u00e9rcito del Aire y del Espacio enviar\u00e1 alimentos a Gaza\" \/>\n<meta property=\"og:description\" content=\"El Ej\u00e9rcito del Aire y del Espacio ha iniciado los preparativos para enviar 12 toneladas de ayuda humanitaria a la poblaci\u00f3n civil de Gaza. La operaci\u00f3n, que se llevar\u00e1 a cabo en los pr\u00f3ximos d\u00edas, replica un despliegue similar realizado en marzo de 2024. Preparativos en Zaragoza En la Base A\u00e9rea de Zaragoza, personal militar [&hellip;]\" \/>\n<meta property=\"og:url\" content=\"https:\/\/defensanews.com\/en\/spain-reinforces-its-humanitarian-aid-air-and-space-army-to-send-food-to-gaza\/\" \/>\n<meta property=\"og:site_name\" content=\"NOTICIAS DEFENSA, GEOPOL\u00cdTICA Y SEGURIDAD\" \/>\n<meta property=\"article:publisher\" content=\"https:\/\/www.facebook.com\/defensanewscom\/\" \/>\n<meta property=\"article:published_time\" content=\"2025-07-29T07:21:45+00:00\" \/>\n<meta property=\"article:modified_time\" content=\"2025-07-29T07:21:48+00:00\" \/>\n<meta property=\"og:image\" content=\"https:\/\/defensanews.com\/wp-content\/uploads\/2025\/07\/web-esp-12.jpg\" \/>\n\t<meta property=\"og:image:width\" content=\"1200\" \/>\n\t<meta property=\"og:image:height\" content=\"800\" \/>\n\t<meta property=\"og:image:type\" content=\"image\/jpeg\" \/>\n<meta name=\"author\" content=\"Defensa News\" \/>\n<meta name=\"twitter:card\" content=\"summary_large_image\" \/>\n<meta name=\"twitter:label1\" content=\"Written by\" \/>\n\t<meta name=\"twitter:data1\" content=\"Defensa News\" \/>\n\t<meta name=\"twitter:label2\" content=\"Est. reading time\" \/>\n\t<meta name=\"twitter:data2\" content=\"2 minutes\" \/>\n<script type=\"application\/ld+json\" class=\"yoast-schema-graph\">{\"@context\":\"https:\/\/schema.org\",\"@graph\":[{\"@type\":\"NewsArticle\",\"@id\":\"https:\/\/defensanews.com\/espana-refuerza-su-ayuda-humanitaria-el-ejercito-del-aire-y-del-espacio-enviara-alimentos-a-gaza\/#article\",\"isPartOf\":{\"@id\":\"https:\/\/defensanews.com\/espana-refuerza-su-ayuda-humanitaria-el-ejercito-del-aire-y-del-espacio-enviara-alimentos-a-gaza\/\"},\"author\":{\"name\":\"Defensa News\",\"@id\":\"https:\/\/defensanews.com\/#\/schema\/person\/d371c69fc541b938db26187937f0c11a\"},\"headline\":\"Espa\u00f1a refuerza su ayuda humanitaria: el Ej\u00e9rcito del Aire y del Espacio enviar\u00e1 alimentos a Gaza\",\"datePublished\":\"2025-07-29T07:21:45+00:00\",\"dateModified\":\"2025-07-29T07:21:48+00:00\",\"mainEntityOfPage\":{\"@id\":\"https:\/\/defensanews.com\/espana-refuerza-su-ayuda-humanitaria-el-ejercito-del-aire-y-del-espacio-enviara-alimentos-a-gaza\/\"},\"wordCount\":248,\"commentCount\":0,\"publisher\":{\"@id\":\"https:\/\/defensanews.com\/#organization\"},\"image\":{\"@id\":\"https:\/\/defensanews.com\/espana-refuerza-su-ayuda-humanitaria-el-ejercito-del-aire-y-del-espacio-enviara-alimentos-a-gaza\/#primaryimage\"},\"thumbnailUrl\":\"https:\/\/defensanews.com\/wp-content\/uploads\/2025\/07\/web-esp-12.jpg\",\"keywords\":[\"AyudaHumanitaria\",\"Ej\u00e9rcito del Aire\",\"Espa\u00f1a\"],\"articleSection\":[\"Espa\u00f1a\"],\"inLanguage\":\"en-US\",\"potentialAction\":[{\"@type\":\"CommentAction\",\"name\":\"Comment\",\"target\":[\"https:\/\/defensanews.com\/espana-refuerza-su-ayuda-humanitaria-el-ejercito-del-aire-y-del-espacio-enviara-alimentos-a-gaza\/#respond\"]}],\"copyrightYear\":\"2025\",\"copyrightHolder\":{\"@id\":\"https:\/\/defensanews.com\/en\/#organization\"}},{\"@type\":[\"WebPage\",\"ItemPage\"],\"@id\":\"https:\/\/defensanews.com\/espana-refuerza-su-ayuda-humanitaria-el-ejercito-del-aire-y-del-espacio-enviara-alimentos-a-gaza\/\",\"url\":\"https:\/\/defensanews.com\/espana-refuerza-su-ayuda-humanitaria-el-ejercito-del-aire-y-del-espacio-enviara-alimentos-a-gaza\/\",\"name\":\"Espa\u00f1a refuerza su ayuda humanitaria: el Ej\u00e9rcito del Aire y del Espacio enviar\u00e1 alimentos a Gaza\",\"isPartOf\":{\"@id\":\"https:\/\/defensanews.com\/#website\"},\"primaryImageOfPage\":{\"@id\":\"https:\/\/defensanews.com\/espana-refuerza-su-ayuda-humanitaria-el-ejercito-del-aire-y-del-espacio-enviara-alimentos-a-gaza\/#primaryimage\"},\"image\":{\"@id\":\"https:\/\/defensanews.com\/espana-refuerza-su-ayuda-humanitaria-el-ejercito-del-aire-y-del-espacio-enviara-alimentos-a-gaza\/#primaryimage\"},\"thumbnailUrl\":\"https:\/\/defensanews.com\/wp-content\/uploads\/2025\/07\/web-esp-12.jpg\",\"datePublished\":\"2025-07-29T07:21:45+00:00\",\"dateModified\":\"2025-07-29T07:21:48+00:00\",\"breadcrumb\":{\"@id\":\"https:\/\/defensanews.com\/espana-refuerza-su-ayuda-humanitaria-el-ejercito-del-aire-y-del-espacio-enviara-alimentos-a-gaza\/#breadcrumb\"},\"inLanguage\":\"en-US\",\"potentialAction\":[{\"@type\":\"ReadAction\",\"target\":[\"https:\/\/defensanews.com\/espana-refuerza-su-ayuda-humanitaria-el-ejercito-del-aire-y-del-espacio-enviara-alimentos-a-gaza\/\"]}]},{\"@type\":\"ImageObject\",\"inLanguage\":\"en-US\",\"@id\":\"https:\/\/defensanews.com\/espana-refuerza-su-ayuda-humanitaria-el-ejercito-del-aire-y-del-espacio-enviara-alimentos-a-gaza\/#primaryimage\",\"url\":\"https:\/\/defensanews.com\/wp-content\/uploads\/2025\/07\/web-esp-12.jpg\",\"contentUrl\":\"https:\/\/defensanews.com\/wp-content\/uploads\/2025\/07\/web-esp-12.jpg\",\"width\":1200,\"height\":800,\"caption\":\"Borrador autom\u00e1tico - DEFENSANEWS.COM - Noticias defensa y seguridad\"},{\"@type\":\"BreadcrumbList\",\"@id\":\"https:\/\/defensanews.com\/espana-refuerza-su-ayuda-humanitaria-el-ejercito-del-aire-y-del-espacio-enviara-alimentos-a-gaza\/#breadcrumb\",\"itemListElement\":[{\"@type\":\"ListItem\",\"position\":1,\"name\":\"Portada\",\"item\":\"https:\/\/defensanews.com\/\"},{\"@type\":\"ListItem\",\"position\":2,\"name\":\"Espa\u00f1a refuerza su ayuda humanitaria: el Ej\u00e9rcito del Aire y del Espacio enviar\u00e1 alimentos a Gaza\"}]},{\"@type\":\"WebSite\",\"@id\":\"https:\/\/defensanews.com\/#website\",\"url\":\"https:\/\/defensanews.com\/\",\"name\":\"NOTICIAS DEFENSA Y SEGURIDAD\",\"description\":\"DEFENSA NEWS\",\"publisher\":{\"@id\":\"https:\/\/defensanews.com\/#organization\"},\"alternateName\":\"DEFENSANEWS.COM\",\"potentialAction\":[{\"@type\":\"SearchAction\",\"target\":{\"@type\":\"EntryPoint\",\"urlTemplate\":\"https:\/\/defensanews.com\/?s={search_term_string}\"},\"query-input\":{\"@type\":\"PropertyValueSpecification\",\"valueRequired\":true,\"valueName\":\"search_term_string\"}}],\"inLanguage\":\"en-US\"},{\"@type\":\"Organization\",\"@id\":\"https:\/\/defensanews.com\/#organization\",\"name\":\"Leonardo Network S.r.l.\",\"alternateName\":\"Leonardo Network S.r.l.\",\"url\":\"https:\/\/defensanews.com\/\",\"logo\":{\"@type\":\"ImageObject\",\"inLanguage\":\"en-US\",\"@id\":\"https:\/\/defensanews.com\/#\/schema\/logo\/image\/\",\"url\":\"https:\/\/defensanews.com\/wp-content\/uploads\/2025\/05\/DN-1200.jpg\",\"contentUrl\":\"https:\/\/defensanews.com\/wp-content\/uploads\/2025\/05\/DN-1200.jpg\",\"width\":1200,\"height\":675,\"caption\":\"Leonardo Network S.r.l.\"},\"image\":{\"@id\":\"https:\/\/defensanews.com\/#\/schema\/logo\/image\/\"},\"sameAs\":[\"https:\/\/www.facebook.com\/defensanewscom\/\",\"https:\/\/www.instagram.com\/defensanews\/\"],\"description\":\"DEFENSANEWS.COM, la plataforma digital independiente dedicada a las noticias sobre defensa y seguridad de Espa\u00f1a, Am\u00e9rica Latina y Estados Unidos.\",\"email\":\"info@defensanews.com\",\"telephone\":\"05661966359\",\"legalName\":\"Leonardo Network S.r.l.\",\"foundingDate\":\"2024-05-11\",\"vatID\":\"IT01749180533\",\"numberOfEmployees\":{\"@type\":\"QuantitativeValue\",\"minValue\":\"1\",\"maxValue\":\"10\"},\"publishingPrinciples\":\"https:\/\/defensanews.com\/terminos-y-condiciones\/\"},{\"@type\":\"Person\",\"@id\":\"https:\/\/defensanews.com\/#\/schema\/person\/d371c69fc541b938db26187937f0c11a\",\"name\":\"Defensa News\",\"image\":{\"@type\":\"ImageObject\",\"inLanguage\":\"en-US\",\"@id\":\"https:\/\/defensanews.com\/#\/schema\/person\/image\/\",\"url\":\"https:\/\/defensanews.com\/wp-content\/uploads\/2025\/05\/cropped-Untitled-9-150x150.jpg\",\"contentUrl\":\"https:\/\/defensanews.com\/wp-content\/uploads\/2025\/05\/cropped-Untitled-9-150x150.jpg\",\"caption\":\"Defensa News\"},\"sameAs\":[\"https:\/\/defensanews.com\"],\"url\":\"https:\/\/defensanews.com\/en\/author\/defensanews\/\"}]}<\/script>\n<!-- \/ Yoast SEO Premium plugin. -->","yoast_head_json":{"title":"Espa\u00f1a refuerza su ayuda humanitaria: el Ej\u00e9rcito del Aire y del Espacio enviar\u00e1 alimentos a Gaza","robots":{"index":"index","follow":"follow","max-snippet":"max-snippet:-1","max-image-preview":"max-image-preview:large","max-video-preview":"max-video-preview:-1"},"canonical":"https:\/\/defensanews.com\/en\/spain-reinforces-its-humanitarian-aid-air-and-space-army-to-send-food-to-gaza\/","og_locale":"en_US","og_type":"article","og_title":"Espa\u00f1a refuerza su ayuda humanitaria: el Ej\u00e9rcito del Aire y del Espacio enviar\u00e1 alimentos a Gaza","og_description":"El Ej\u00e9rcito del Aire y del Espacio ha iniciado los preparativos para enviar 12 toneladas de ayuda humanitaria a la poblaci\u00f3n civil de Gaza. La operaci\u00f3n, que se llevar\u00e1 a cabo en los pr\u00f3ximos d\u00edas, replica un despliegue similar realizado en marzo de 2024. Preparativos en Zaragoza En la Base A\u00e9rea de Zaragoza, personal militar [&hellip;]","og_url":"https:\/\/defensanews.com\/en\/spain-reinforces-its-humanitarian-aid-air-and-space-army-to-send-food-to-gaza\/","og_site_name":"NOTICIAS DEFENSA, GEOPOL\u00cdTICA Y SEGURIDAD","article_publisher":"https:\/\/www.facebook.com\/defensanewscom\/","article_published_time":"2025-07-29T07:21:45+00:00","article_modified_time":"2025-07-29T07:21:48+00:00","og_image":[{"width":1200,"height":800,"url":"https:\/\/defensanews.com\/wp-content\/uploads\/2025\/07\/web-esp-12.jpg","type":"image\/jpeg"}],"author":"Defensa News","twitter_card":"summary_large_image","twitter_misc":{"Written by":"Defensa News","Est. reading time":"2 minutes"},"schema":{"@context":"https:\/\/schema.org","@graph":[{"@type":"NewsArticle","@id":"https:\/\/defensanews.com\/espana-refuerza-su-ayuda-humanitaria-el-ejercito-del-aire-y-del-espacio-enviara-alimentos-a-gaza\/#article","isPartOf":{"@id":"https:\/\/defensanews.com\/espana-refuerza-su-ayuda-humanitaria-el-ejercito-del-aire-y-del-espacio-enviara-alimentos-a-gaza\/"},"author":{"name":"Defensa News","@id":"https:\/\/defensanews.com\/#\/schema\/person\/d371c69fc541b938db26187937f0c11a"},"headline":"Espa\u00f1a refuerza su ayuda humanitaria: el Ej\u00e9rcito del Aire y del Espacio enviar\u00e1 alimentos a Gaza","datePublished":"2025-07-29T07:21:45+00:00","dateModified":"2025-07-29T07:21:48+00:00","mainEntityOfPage":{"@id":"https:\/\/defensanews.com\/espana-refuerza-su-ayuda-humanitaria-el-ejercito-del-aire-y-del-espacio-enviara-alimentos-a-gaza\/"},"wordCount":248,"commentCount":0,"publisher":{"@id":"https:\/\/defensanews.com\/#organization"},"image":{"@id":"https:\/\/defensanews.com\/espana-refuerza-su-ayuda-humanitaria-el-ejercito-del-aire-y-del-espacio-enviara-alimentos-a-gaza\/#primaryimage"},"thumbnailUrl":"https:\/\/defensanews.com\/wp-content\/uploads\/2025\/07\/web-esp-12.jpg","keywords":["AyudaHumanitaria","Ej\u00e9rcito del Aire","Espa\u00f1a"],"articleSection":["Espa\u00f1a"],"inLanguage":"en-US","potentialAction":[{"@type":"CommentAction","name":"Comment","target":["https:\/\/defensanews.com\/espana-refuerza-su-ayuda-humanitaria-el-ejercito-del-aire-y-del-espacio-enviara-alimentos-a-gaza\/#respond"]}],"copyrightYear":"2025","copyrightHolder":{"@id":"https:\/\/defensanews.com\/en\/#organization"}},{"@type":["WebPage","ItemPage"],"@id":"https:\/\/defensanews.com\/espana-refuerza-su-ayuda-humanitaria-el-ejercito-del-aire-y-del-espacio-enviara-alimentos-a-gaza\/","url":"https:\/\/defensanews.com\/espana-refuerza-su-ayuda-humanitaria-el-ejercito-del-aire-y-del-espacio-enviara-alimentos-a-gaza\/","name":"Espa\u00f1a refuerza su ayuda humanitaria: el Ej\u00e9rcito del Aire y del Espacio enviar\u00e1 alimentos a Gaza","isPartOf":{"@id":"https:\/\/defensanews.com\/#website"},"primaryImageOfPage":{"@id":"https:\/\/defensanews.com\/espana-refuerza-su-ayuda-humanitaria-el-ejercito-del-aire-y-del-espacio-enviara-alimentos-a-gaza\/#primaryimage"},"image":{"@id":"https:\/\/defensanews.com\/espana-refuerza-su-ayuda-humanitaria-el-ejercito-del-aire-y-del-espacio-enviara-alimentos-a-gaza\/#primaryimage"},"thumbnailUrl":"https:\/\/defensanews.com\/wp-content\/uploads\/2025\/07\/web-esp-12.jpg","datePublished":"2025-07-29T07:21:45+00:00","dateModified":"2025-07-29T07:21:48+00:00","breadcrumb":{"@id":"https:\/\/defensanews.com\/espana-refuerza-su-ayuda-humanitaria-el-ejercito-del-aire-y-del-espacio-enviara-alimentos-a-gaza\/#breadcrumb"},"inLanguage":"en-US","potentialAction":[{"@type":"ReadAction","target":["https:\/\/defensanews.com\/espana-refuerza-su-ayuda-humanitaria-el-ejercito-del-aire-y-del-espacio-enviara-alimentos-a-gaza\/"]}]},{"@type":"ImageObject","inLanguage":"en-US","@id":"https:\/\/defensanews.com\/espana-refuerza-su-ayuda-humanitaria-el-ejercito-del-aire-y-del-espacio-enviara-alimentos-a-gaza\/#primaryimage","url":"https:\/\/defensanews.com\/wp-content\/uploads\/2025\/07\/web-esp-12.jpg","contentUrl":"https:\/\/defensanews.com\/wp-content\/uploads\/2025\/07\/web-esp-12.jpg","width":1200,"height":800,"caption":"Borrador autom\u00e1tico - DEFENSANEWS.COM - Noticias defensa y seguridad"},{"@type":"BreadcrumbList","@id":"https:\/\/defensanews.com\/espana-refuerza-su-ayuda-humanitaria-el-ejercito-del-aire-y-del-espacio-enviara-alimentos-a-gaza\/#breadcrumb","itemListElement":[{"@type":"ListItem","position":1,"name":"Portada","item":"https:\/\/defensanews.com\/"},{"@type":"ListItem","position":2,"name":"Espa\u00f1a refuerza su ayuda humanitaria: el Ej\u00e9rcito del Aire y del Espacio enviar\u00e1 alimentos a Gaza"}]},{"@type":"WebSite","@id":"https:\/\/defensanews.com\/#website","url":"https:\/\/defensanews.com\/","name":"NOTICIAS DEFENSA Y SEGURIDAD","description":"DEFENSA NEWS","publisher":{"@id":"https:\/\/defensanews.com\/#organization"},"alternateName":"DEFENSANEWS.COM","potentialAction":[{"@type":"SearchAction","target":{"@type":"EntryPoint","urlTemplate":"https:\/\/defensanews.com\/?s={search_term_string}"},"query-input":{"@type":"PropertyValueSpecification","valueRequired":true,"valueName":"search_term_string"}}],"inLanguage":"en-US"},{"@type":"Organization","@id":"https:\/\/defensanews.com\/#organization","name":"Leonardo Network S.r.l.","alternateName":"Leonardo Network S.r.l.","url":"https:\/\/defensanews.com\/","logo":{"@type":"ImageObject","inLanguage":"en-US","@id":"https:\/\/defensanews.com\/#\/schema\/logo\/image\/","url":"https:\/\/defensanews.com\/wp-content\/uploads\/2025\/05\/DN-1200.jpg","contentUrl":"https:\/\/defensanews.com\/wp-content\/uploads\/2025\/05\/DN-1200.jpg","width":1200,"height":675,"caption":"Leonardo Network S.r.l."},"image":{"@id":"https:\/\/defensanews.com\/#\/schema\/logo\/image\/"},"sameAs":["https:\/\/www.facebook.com\/defensanewscom\/","https:\/\/www.instagram.com\/defensanews\/"],"description":"DEFENSANEWS.COM, la plataforma digital independiente dedicada a las noticias sobre defensa y seguridad de Espa\u00f1a, Am\u00e9rica Latina y Estados Unidos.","email":"info@defensanews.com","telephone":"05661966359","legalName":"Leonardo Network S.r.l.","foundingDate":"2024-05-11","vatID":"IT01749180533","numberOfEmployees":{"@type":"QuantitativeValue","minValue":"1","maxValue":"10"},"publishingPrinciples":"https:\/\/defensanews.com\/terminos-y-condiciones\/"},{"@type":"Person","@id":"https:\/\/defensanews.com\/#\/schema\/person\/d371c69fc541b938db26187937f0c11a","name":"Defensa News","image":{"@type":"ImageObject","inLanguage":"en-US","@id":"https:\/\/defensanews.com\/#\/schema\/person\/image\/","url":"https:\/\/defensanews.com\/wp-content\/uploads\/2025\/05\/cropped-Untitled-9-150x150.jpg","contentUrl":"https:\/\/defensanews.com\/wp-content\/uploads\/2025\/05\/cropped-Untitled-9-150x150.jpg","caption":"Defensa News"},"sameAs":["https:\/\/defensanews.com"],"url":"https:\/\/defensanews.com\/en\/author\/defensanews\/"}]}},"_links":{"self":[{"href":"https:\/\/defensanews.com\/en\/wp-json\/wp\/v2\/posts\/2712","targetHints":{"allow":["GET"]}}],"collection":[{"href":"https:\/\/defensanews.com\/en\/wp-json\/wp\/v2\/posts"}],"about":[{"href":"https:\/\/defensanews.com\/en\/wp-json\/wp\/v2\/types\/post"}],"author":[{"embeddable":true,"href":"https:\/\/defensanews.com\/en\/wp-json\/wp\/v2\/users\/1"}],"replies":[{"embeddable":true,"href":"https:\/\/defensanews.com\/en\/wp-json\/wp\/v2\/comments?post=2712"}],"version-history":[{"count":2,"href":"https:\/\/defensanews.com\/en\/wp-json\/wp\/v2\/posts\/2712\/revisions"}],"predecessor-version":[{"id":2715,"href":"https:\/\/defensanews.com\/en\/wp-json\/wp\/v2\/posts\/2712\/revisions\/2715"}],"wp:featuredmedia":[{"embeddable":true,"href":"https:\/\/defensanews.com\/en\/wp-json\/wp\/v2\/media\/2713"}],"wp:attachment":[{"href":"https:\/\/defensanews.com\/en\/wp-json\/wp\/v2\/media?parent=2712"}],"wp:term":[{"taxonomy":"category","embeddable":true,"href":"https:\/\/defensanews.com\/en\/wp-json\/wp\/v2\/categories?post=2712"},{"taxonomy":"post_tag","embeddable":true,"href":"https:\/\/defensanews.com\/en\/wp-json\/wp\/v2\/tags?post=2712"}],"curies":[{"name":"wp","href":"https:\/\/api.w.org\/{rel}","templated":true}]}}